{"id":626219,"date":"2023-10-24T23:03:26","date_gmt":"2023-10-24T21:03:26","guid":{"rendered":"https:\/\/www.hashtag.al\/?p=626219"},"modified":"2023-10-24T23:03:26","modified_gmt":"2023-10-24T21:03:26","slug":"planifikoi-sulm-terrorist-ne-nje-demonstrate-pro-izraelite-arrestohet-29-vjecari-ne-gjermani","status":"publish","type":"post","link":"https:\/\/www.hashtag.al\/index.php\/2023\/10\/24\/planifikoi-sulm-terrorist-ne-nje-demonstrate-pro-izraelite-arrestohet-29-vjecari-ne-gjermani\/","title":{"rendered":"Planifikoi sulm terrorist n\u00eb nj\u00eb demonstrat\u00eb pro-izraelite, arrestohet 29-vje\u00e7ari n\u00eb Gjermani","gt_translate_keys":[{"key":"rendered","format":"text"}]},"content":{"rendered":"<p style=\"text-align: left;\"><span style=\"color: #000000;\"><img loading=\"lazy\" decoding=\"async\" class=\"alignnone size-full wp-image-626220\" src=\"https:\/\/www.hashtag.al\/wp-content\/uploads\/2023\/10\/67205629_1004.webp\" alt=\"\" width=\"1200\" height=\"525\" srcset=\"https:\/\/www.hashtag.al\/wp-content\/uploads\/2023\/10\/67205629_1004.webp 1200w, https:\/\/www.hashtag.al\/wp-content\/uploads\/2023\/10\/67205629_1004-300x131.webp 300w, https:\/\/www.hashtag.al\/wp-content\/uploads\/2023\/10\/67205629_1004-1024x448.webp 1024w, https:\/\/www.hashtag.al\/wp-content\/uploads\/2023\/10\/67205629_1004-768x336.webp 768w\" sizes=\"auto, (max-width: 1200px) 100vw, 1200px\" \/><\/span><\/p>\n<p style=\"text-align: left;\"><span style=\"color: #000000;\">Policia gjermane n\u00eb Duisburg arrestoi Tarik S., 29 vje\u00e7, i cili dyshohet se kishte planifikuar nj\u00eb sulm terrorist n\u00eb nj\u00eb tubim pro- izraelit n\u00eb North Rhine-Westphalia, sipas <span style=\"color: #0000ff;\"><strong><a style=\"color: #0000ff;\" href=\"https:\/\/www.dw.com\/en\/germany-duisburg-police-arrest-terror-suspect-reports\/a-67205403\">DW.<\/a><\/strong><\/span><\/span><\/p>\n<p style=\"text-align: left;\"><span style=\"color: #000000;\">29-vje\u00e7ari, sipas policis\u00eb, planifikoi t\u00eb ngiste nj\u00eb kamion n\u00eb turm\u00ebn e njer\u00ebzve q\u00eb merrnin pjes\u00eb n\u00eb demonstrat\u00ebn pro-izraelite. Konflikti izraelito-palestinez ka ngjallur frik\u00eb n\u00eb vendet per\u00ebndimore p\u00ebr sulme terroriste.<\/span><\/p>\n<p style=\"text-align: left;\"><span style=\"color: #000000;\">I arrestuari cil\u00ebsohej si person me rrezikshm\u00ebri t\u00eb lart\u00eb. N\u00eb komunikim me shok\u00ebt e tij ai dyshohet se ka p\u00ebrmendur se d\u00ebshiron t\u00eb vdes\u00eb si d\u00ebshmor. Madje ai ka lavd\u00ebruar njeriun q\u00eb vrau dy persona n\u00eb Bruksel m\u00eb 16 tetor, n\u00eb nj\u00eb sulm q\u00eb u konsiderua si sulm terrorist.<\/span><\/p>\n<p style=\"text-align: left;\"><span style=\"color: #000000;\">Autoritetet gjermane e mor\u00ebn informacionin nga nj\u00eb agjenci e huaj e inteligjenc\u00ebs.<\/span><\/p>\n","protected":false,"gt_translate_keys":[{"key":"rendered","format":"html"}]},"excerpt":{"rendered":"<p>Policia gjermane n\u00eb Duisburg arrestoi Tarik S., 29 vje\u00e7, i cili dyshohet se kishte planifikuar nj\u00eb sulm terrorist n\u00eb nj\u00eb tubim pro- izraelit n\u00eb North Rhine-Westphalia, sipas DW. 29-vje\u00e7ari, sipas policis\u00eb, planifikoi t\u00eb ngiste nj\u00eb kamion n\u00eb turm\u00ebn e njer\u00ebzve q\u00eb merrnin pjes\u00eb n\u00eb demonstrat\u00ebn pro-izraelite. Konflikti izraelito-palestinez ka ngjallur frik\u00eb n\u00eb vendet per\u00ebndimore p\u00ebr [&hellip;]<\/p>\n","protected":false,"gt_translate_keys":[{"key":"rendered","format":"html"}]},"author":4,"featured_media":626220,"comment_status":"closed","ping_status":"closed","sticky":false,"template":"","format":"standard","meta":{"footnotes":""},"categories":[6],"tags":[],"class_list":["post-626219","post","type-post","status-publish","format-standard","has-post-thumbnail","hentry","category-nderkombetare"],"gt_translate_keys":[{"key":"link","format":"url"}],"_links":{"self":[{"href":"https:\/\/www.hashtag.al\/index.php\/wp-json\/wp\/v2\/posts\/626219","targetHints":{"allow":["GET"]}}],"collection":[{"href":"https:\/\/www.hashtag.al\/index.php\/wp-json\/wp\/v2\/posts"}],"about":[{"href":"https:\/\/www.hashtag.al\/index.php\/wp-json\/wp\/v2\/types\/post"}],"author":[{"embeddable":true,"href":"https:\/\/www.hashtag.al\/index.php\/wp-json\/wp\/v2\/users\/4"}],"replies":[{"embeddable":true,"href":"https:\/\/www.hashtag.al\/index.php\/wp-json\/wp\/v2\/comments?post=626219"}],"version-history":[{"count":0,"href":"https:\/\/www.hashtag.al\/index.php\/wp-json\/wp\/v2\/posts\/626219\/revisions"}],"wp:featuredmedia":[{"embeddable":true,"href":"https:\/\/www.hashtag.al\/index.php\/wp-json\/wp\/v2\/media\/626220"}],"wp:attachment":[{"href":"https:\/\/www.hashtag.al\/index.php\/wp-json\/wp\/v2\/media?parent=626219"}],"wp:term":[{"taxonomy":"category","embeddable":true,"href":"https:\/\/www.hashtag.al\/index.php\/wp-json\/wp\/v2\/categories?post=626219"},{"taxonomy":"post_tag","embeddable":true,"href":"https:\/\/www.hashtag.al\/index.php\/wp-json\/wp\/v2\/tags?post=626219"}],"curies":[{"name":"wp","href":"https:\/\/api.w.org\/{rel}","templated":true}]}}