{"id":626178,"date":"2023-10-24T20:03:34","date_gmt":"2023-10-24T18:03:34","guid":{"rendered":"https:\/\/www.hashtag.al\/?p=626178"},"modified":"2023-10-24T20:12:19","modified_gmt":"2023-10-24T18:12:19","slug":"626178","status":"publish","type":"post","link":"https:\/\/www.hashtag.al\/index.php\/2023\/10\/24\/626178\/","title":{"rendered":"Televizioni sulmon ashp\u00ebr gazetaren vlonjate, shkak ngjarja e r\u00ebnd\u00eb e 26-vje\u00e7ares","gt_translate_keys":[{"key":"rendered","format":"text"}]},"content":{"rendered":"<p><span style=\"color: #000000;\"><a style=\"color: #000000;\" href=\"https:\/\/www.hashtag.al\/wp-content\/uploads\/2023\/10\/gazetarja-vlonjate.png\"><img loading=\"lazy\" decoding=\"async\" class=\"aligncenter size-full wp-image-626179\" src=\"https:\/\/www.hashtag.al\/wp-content\/uploads\/2023\/10\/gazetarja-vlonjate.png\" alt=\"\" width=\"640\" height=\"336\" srcset=\"https:\/\/www.hashtag.al\/wp-content\/uploads\/2023\/10\/gazetarja-vlonjate.png 640w, https:\/\/www.hashtag.al\/wp-content\/uploads\/2023\/10\/gazetarja-vlonjate-300x158.png 300w\" sizes=\"auto, (max-width: 640px) 100vw, 640px\" \/><\/a><\/span><\/p>\n<p><span style=\"color: #000000;\">Ngjarja e r\u00ebnd\u00eb e ndodhur pak dit\u00eb m\u00eb par\u00eb ka tronditur mbar\u00eb opinionin publik n\u00eb Vlor\u00eb\u00a0 B\u00ebhet fjal\u00eb p\u00ebr p\u00ebrdhunimin e nj\u00eb 26-vje\u00e7areje nga tre djem, sipas njoftimit t\u00eb policis\u00eb s\u00eb qytetit bregdetar.<\/span><\/p>\n<p><span style=\"color: #000000;\">26-vje\u00e7arja dyshohet se u drogua dhe m\u00eb pas me t\u00eb u abuzua seksualisht nga t\u00eb tre djemt\u00eb, t\u00eb cil\u00ebt e braktis\u00ebn n\u00eb gjendje t\u00eb r\u00ebnd\u00eb p\u00ebr jet\u00ebn dhe duke shkum\u00ebzuar nga goja. Ajo u transportua n\u00eb spital ku mori mjekimin por ndodhet n\u00eb gjendje t\u00eb r\u00ebnd\u00eb psikologjike.<\/span><\/p>\n<p><span style=\"color: #000000;\">Ngjarja duket se nuk ka marr\u00eb v\u00ebmendjen q\u00eb meriton n\u00eb media. E p\u00ebr k\u00ebt\u00eb, n\u00eb Vlor\u00eb flasin se \u00ebsht\u00eb b\u00ebr\u00eb shkak influenca e familjar\u00ebve t\u00eb tre autor\u00ebve t\u00eb dyshuar, t\u00eb cil\u00ebt jan\u00eb njer\u00ebz me pushtet n\u00eb qytet.<\/span><\/p>\n<p><span style=\"color: #000000;\">Duke komentuar k\u00ebt\u00eb ngjarje t\u00eb r\u00ebnd\u00eb, gazetarja vlonjate Afrovita Hysaj, ka raportuar (n\u00eb nj\u00eb faqe t\u00eb saj\u00ebn n\u00eb Facebook) se n\u00eb ngjarje jan\u00eb p\u00ebrfshir\u00eb 4 djem, dhe jo 3, si\u00e7 raportoi policia. Ajo ka dh\u00ebn\u00eb detaje duke zbuluar se motrat e dy prej autor\u00ebve t\u00eb dyshuar jan\u00eb drejtoresha n\u00eb administrat\u00eb. Nd\u00ebrsa nj\u00eb i tret\u00eb \u00ebsht\u00eb familjar i\u00a0 drejtuesit t\u00eb televizionit lokal 6+1 Vlora.<\/span><\/p>\n<p><span style=\"color: #000000;\">Kjo deklarat\u00eb duket se ka irrituar drejtuesit e televizionit n\u00eb fjal\u00eb, q\u00eb kan\u00eb reaguar me nj\u00eb artikull jasht\u00eb \u00e7do norme duke sulmuar gazetaren Hysaj.<\/span><\/p>\n<p><span style=\"color: #000000;\">N\u00eb artikullin e televizionit lokal, gazetarja etiketohet me termin e r\u00ebnd\u00eb \u201cprosti\u201d, teksa e akuzojn\u00eb se po mundohet t\u00eb p\u00ebrfshij\u00eb padrejt\u00ebsisht k\u00ebt\u00eb televizion n\u00eb ngjarje.<\/span><\/p>\n<p><span style=\"color: #000000;\"><a href=\"https:\/\/www.hashtag.al\/wp-content\/uploads\/2023\/10\/fotoja.png\"><img loading=\"lazy\" decoding=\"async\" class=\"aligncenter size-full wp-image-626180\" src=\"https:\/\/www.hashtag.al\/wp-content\/uploads\/2023\/10\/fotoja.png\" alt=\"\" width=\"640\" height=\"666\" srcset=\"https:\/\/www.hashtag.al\/wp-content\/uploads\/2023\/10\/fotoja.png 640w, https:\/\/www.hashtag.al\/wp-content\/uploads\/2023\/10\/fotoja-288x300.png 288w\" sizes=\"auto, (max-width: 640px) 100vw, 640px\" \/><\/a><\/span><\/p>\n<p><span style=\"color: #000000;\">P\u00ebr rastin n\u00eb fjal\u00eb reagoi dhe Unioni i Gazetar\u00ebve.<\/span><\/p>\n<p><span style=\"color: #000000;\"><strong>Reagimi i Unionit t\u00eb Gazetar\u00ebve Shqiptar\u00eb<\/strong><\/span><\/p>\n<p><span style=\"color: #000000;\">Precedent i r\u00ebnd\u00eb i kanalit 6+1 Vlora\u00a0 me emrin dhe imazhin e nj\u00eb gazetareje<\/span><\/p>\n<p><span style=\"color: #000000;\">Unioni i Gazetar\u00ebve Shqiptar\u00eb \u00ebsht\u00eb tronditur nga publikimi i nj\u00eb raporti televiziv i kanalit 6+1 Vlora me titull: &#8221; &#8230;&#8221; Afrovita Hysaj mashtron qytetar\u00ebt e Vlor\u00ebs&#8221;, i transmetuar n\u00eb dat\u00ebn 24 Tetor 2023, si n\u00eb versionin brenda edicioneve informative t\u00eb medias vendore ashtu edhe n\u00eb at\u00eb online t\u00eb k\u00ebsaj medieje.<\/span><\/p>\n<p><span style=\"color: #000000;\">Ky raport, p\u00ebrmes gjuh\u00ebs dhe fjalorit q\u00eb p\u00ebrmban, c\u00ebnon r\u00ebnd\u00eb kodet e etik\u00ebs s\u00eb gazetaris\u00eb, lin\u00e7on publikisht nj\u00eb punonj\u00ebse t\u00eb medias, p\u00ebrdhos komunikimin publik dhe detyrimin ndaj tij dhe sh\u00ebnon nj\u00eb precedent t\u00eb rrall\u00eb n\u00eb sulmin e nj\u00eb medieje ndaj nj\u00eb gazetareje vendore.<\/span><\/p>\n<p><span style=\"color: #000000;\">Rasti n\u00eb fjal\u00eb ka tronditur gjith\u00eb opinionin profesional dhe ka hapur diskutime t\u00eb shumta mes entitetit ton\u00eb.<\/span><\/p>\n<p><span style=\"color: #000000;\">Unioni i Gazetar\u00ebve Shqiptar\u00eb e konsideron k\u00ebt\u00eb nj\u00eb akt t\u00eb r\u00ebnd\u00eb.<\/span><\/p>\n<p><span style=\"color: #000000;\">P\u00ebr k\u00ebt\u00eb arsye, k\u00ebrkojm\u00eb me urgjenc\u00eb q\u00eb editori i k\u00ebsaj medieje, administratori i tij, n\u00eb m\u00ebnyr\u00eb urgjente t\u00eb t\u00ebrheq\u00eb nga publikimi dhe faqet zyrtare t\u00eb medias, k\u00ebt\u00eb raport.<\/span><\/p>\n<p><span style=\"color: #000000;\">N\u00eb p\u00ebrputhje me kodet e etik\u00ebs dhe rregullat e gazetaris\u00eb, t\u00eb reflektoj\u00eb menj\u00ebher\u00eb, pasi ky material n\u00eb tekstin e vet p\u00ebrmban edhe vler\u00eb antiligjore. K\u00ebrkesa jon\u00eb bazohet n\u00eb respekt dhe mish\u00ebrim t\u00eb parimeve dhe normave t\u00eb nj\u00eb\u00a0 gazetarie, si mision publik, n\u00eb sh\u00ebrbim t\u00eb publikut dhe jo si nj\u00eb &#8220;mjet privat q\u00eb mund t\u00eb pres\u00eb dhe l\u00ebndoj\u00eb qytetar\u00eb, e aq m\u00eb tep\u00ebr, persona t\u00eb medias.<\/span><\/p>\n<p><span style=\"color: #000000;\">Ky rast meriton nd\u00ebrhyrjen e menj\u00ebhershme t\u00eb AMA-s dhe t\u00eb organizatave q\u00eb merren me mbrojtjen e etik\u00ebs, parimeve dhe normave t\u00eb komunikimit publik dhe aq m\u00eb tep\u00ebr t\u00eb raportimit me standart.<\/span><\/p>\n<p><span style=\"color: #000000;\">N\u00eb m\u00ebnyr\u00ebn m\u00eb urgjente i k\u00ebrkojm\u00eb k\u00ebsaj medieje t\u00eb reagoj\u00eb dhe t\u00eb k\u00ebrkoj\u00eb ndjes\u00eb publike p\u00ebr rastin q\u00eb shkaktoi.<\/span><\/p>\n<p><span style=\"color: #000000;\">Zyra Informuese<\/span><\/p>\n<p><span style=\"color: #000000;\">Unioni i Gazetar\u00ebve Shqiptar\u00eb<\/span><\/p>\n<p><span style=\"color: #000000;\">24 Tetor, 2023<\/span><\/p>\n","protected":false,"gt_translate_keys":[{"key":"rendered","format":"html"}]},"excerpt":{"rendered":"<p>Ngjarja e r\u00ebnd\u00eb e ndodhur pak dit\u00eb m\u00eb par\u00eb ka tronditur mbar\u00eb opinionin publik n\u00eb Vlor\u00eb\u00a0 B\u00ebhet fjal\u00eb p\u00ebr p\u00ebrdhunimin e nj\u00eb 26-vje\u00e7areje nga tre djem, sipas njoftimit t\u00eb policis\u00eb s\u00eb qytetit bregdetar. 26-vje\u00e7arja dyshohet se u drogua dhe m\u00eb pas me t\u00eb u abuzua seksualisht nga t\u00eb tre djemt\u00eb, t\u00eb cil\u00ebt e braktis\u00ebn n\u00eb [&hellip;]<\/p>\n","protected":false,"gt_translate_keys":[{"key":"rendered","format":"html"}]},"author":32,"featured_media":626179,"comment_status":"closed","ping_status":"closed","sticky":false,"template":"","format":"standard","meta":{"footnotes":""},"categories":[22,13],"tags":[],"class_list":["post-626178","post","type-post","status-publish","format-standard","has-post-thumbnail","hentry","category-ballina","category-te-fundit"],"gt_translate_keys":[{"key":"link","format":"url"}],"_links":{"self":[{"href":"https:\/\/www.hashtag.al\/index.php\/wp-json\/wp\/v2\/posts\/626178","targetHints":{"allow":["GET"]}}],"collection":[{"href":"https:\/\/www.hashtag.al\/index.php\/wp-json\/wp\/v2\/posts"}],"about":[{"href":"https:\/\/www.hashtag.al\/index.php\/wp-json\/wp\/v2\/types\/post"}],"author":[{"embeddable":true,"href":"https:\/\/www.hashtag.al\/index.php\/wp-json\/wp\/v2\/users\/32"}],"replies":[{"embeddable":true,"href":"https:\/\/www.hashtag.al\/index.php\/wp-json\/wp\/v2\/comments?post=626178"}],"version-history":[{"count":0,"href":"https:\/\/www.hashtag.al\/index.php\/wp-json\/wp\/v2\/posts\/626178\/revisions"}],"wp:featuredmedia":[{"embeddable":true,"href":"https:\/\/www.hashtag.al\/index.php\/wp-json\/wp\/v2\/media\/626179"}],"wp:attachment":[{"href":"https:\/\/www.hashtag.al\/index.php\/wp-json\/wp\/v2\/media?parent=626178"}],"wp:term":[{"taxonomy":"category","embeddable":true,"href":"https:\/\/www.hashtag.al\/index.php\/wp-json\/wp\/v2\/categories?post=626178"},{"taxonomy":"post_tag","embeddable":true,"href":"https:\/\/www.hashtag.al\/index.php\/wp-json\/wp\/v2\/tags?post=626178"}],"curies":[{"name":"wp","href":"https:\/\/api.w.org\/{rel}","templated":true}]}}