{"id":626169,"date":"2023-10-24T19:32:54","date_gmt":"2023-10-24T17:32:54","guid":{"rendered":"https:\/\/www.hashtag.al\/?p=626169"},"modified":"2023-10-24T19:32:54","modified_gmt":"2023-10-24T17:32:54","slug":"lejuan-kalimin-e-emigranteve-ne-territor-pezullohen-9-punonjes-policie-ne-gjirokaster-mes-tyre-dhe-koordinatori-me-frontex-in","status":"publish","type":"post","link":"https:\/\/www.hashtag.al\/index.php\/2023\/10\/24\/lejuan-kalimin-e-emigranteve-ne-territor-pezullohen-9-punonjes-policie-ne-gjirokaster-mes-tyre-dhe-koordinatori-me-frontex-in\/","title":{"rendered":"Lejuan kalimin e emigrant\u00ebve n\u00eb territor, pezullohen 9 punonj\u00ebs policie n\u00eb Gjirokast\u00ebr, mes tyre dhe koordinatori me FRONTEX-in","gt_translate_keys":[{"key":"rendered","format":"text"}]},"content":{"rendered":"<p><span style=\"color: #000000;\"><a style=\"color: #000000;\" href=\"https:\/\/www.hashtag.al\/wp-content\/uploads\/2020\/08\/gjirokasterpolicia.jpg\"><img loading=\"lazy\" decoding=\"async\" class=\"aligncenter size-full wp-image-392125\" src=\"https:\/\/www.hashtag.al\/wp-content\/uploads\/2020\/08\/gjirokasterpolicia.jpg\" alt=\"\" width=\"800\" height=\"416\" srcset=\"https:\/\/www.hashtag.al\/wp-content\/uploads\/2020\/08\/gjirokasterpolicia.jpg 800w, https:\/\/www.hashtag.al\/wp-content\/uploads\/2020\/08\/gjirokasterpolicia-300x156.jpg 300w, https:\/\/www.hashtag.al\/wp-content\/uploads\/2020\/08\/gjirokasterpolicia-768x399.jpg 768w\" sizes=\"auto, (max-width: 800px) 100vw, 800px\" \/><\/a><\/span><\/p>\n<p><span style=\"color: #000000;\">Agjencia e Mbik\u00ebqyrjes Policore ka ekzekutuar vendimin e Gjykat\u00ebs s\u00eb Shkall\u00ebs s\u00eb Part\u00eb t\u00eb Gjirokatr\u00ebs p\u00ebr pezullimin e 9 punonj\u00ebsve t\u00eb policis\u00eb.<\/span><\/p>\n<p><span style=\"color: #000000;\">AMP njofton se masa \u00ebsht\u00eb marr\u00eb pasi punonj\u00ebsit e policis\u00eb akuzohen p\u00ebr shp\u00ebrdorim detyre dhe p\u00ebr ndihm\u00eb t\u00eb kalimit t\u00eb kufirit.<\/span><\/p>\n<p><span style=\"color: #000000;\">K\u00ebta punonj\u00ebs dyshohet se transportonin n\u00eb bashk\u00ebpunim emigrant\u00eb t\u00eb paligjsh\u00ebm t\u00eb kapur dhe m\u00eb pas i linin t\u00eb lir\u00eb n\u00eb territorin e Bashkis\u00eb Delvin\u00eb n\u00eb kund\u00ebrshtim me ligjin.<\/span><\/p>\n<p><span style=\"color: #000000;\">Mes t\u00eb pezulluarve \u00ebsht\u00eb edhe koordinatori i operacionit me FRONTEX n\u00eb Drejtorin\u00eb e Polciis\u00eb Gjirokast\u00ebr.<\/span><\/p>\n<p><span style=\"color: #000000;\"><strong>Njoftimi:<\/strong><\/span><\/p>\n<p><span style=\"color: #000000;\">Agjencia e Mbik\u00ebqyrjes Policore (Rajoni Vlor\u00eb-Gjirokast\u00ebr) ka ekzekutuar vendimin e Gjykat\u00ebs s\u00eb Shkall\u00ebs s\u00eb Par\u00eb t\u00eb Juridiksionit t\u00eb P\u00ebrgjithsh\u00ebm Gjirokast\u00ebr, e cila ka vendosur n\u00eb dat\u00eb 21 tetor, caktimin e masave t\u00eb sigurimit \u201cPezullim i ushtrimit t\u00eb nj\u00eb detyre a sh\u00ebrbimi publik\u201d p\u00ebr 9 punonj\u00ebs policie pran\u00eb DVKM Gjirokast\u00ebr.<\/span><\/p>\n<p><span style=\"color: #000000;\">Ata dyshohen p\u00ebr kryerjen e veprave penale \u201cShp\u00ebrdorim i detyr\u00ebs\u201d dhe \u201cNdihm\u00eb p\u00ebr kalim t\u00eb paligjsh\u00ebm t\u00eb kufirit\u201d, e konkretisht:<\/span><\/p>\n<p><span style=\"color: #000000;\">&#8211; Drejtues B.T., Koordinator i Operacionit me FRONTEX;<\/span><\/p>\n<p><span style=\"color: #000000;\">&#8211; Kryekomisar F.M., Shef i Sektorit t\u00eb Migracionit n\u00eb DVKM Gjirokast\u00ebr;<\/span><\/p>\n<p><span style=\"color: #000000;\">&#8211; Komisar R.R., Shef i Sektorit t\u00eb Hetimit n\u00eb DVKM Gjirokast\u00ebr;<\/span><\/p>\n<p><span style=\"color: #000000;\">&#8211; N\/Komisar E.K., Specialist n\u00eb Sektorin e Migracionit n\u00eb DVKM Gjirokast\u00ebr;<\/span><\/p>\n<p><span style=\"color: #000000;\">&#8211; N\/Komisar B.K., Specialist i Sektorit t\u00eb Hetimit n\u00eb DVKM Gjirokast\u00ebr;<\/span><\/p>\n<p><span style=\"color: #000000;\">&#8211; Inspektor R.B., Trup Sh\u00ebrbimi n\u00eb DVKM Gjirokast\u00ebr;<\/span><\/p>\n<p><span style=\"color: #000000;\">&#8211; Inspektor D.S., Trup Sh\u00ebrbimi n\u00eb Sektorin e Migracionit n\u00eb DVKM Gjirokast\u00ebr;<\/span><\/p>\n<p><span style=\"color: #000000;\">&#8211; Inspektor E.K., Trup Sh\u00ebrbimi n\u00eb DVKM Gjirokast\u00ebr;<\/span><\/p>\n<p><span style=\"color: #000000;\">&#8211; Inspektor D.\u00c7., Trup Sh\u00ebrbimi n\u00eb DVKM Gjirokast\u00ebr.<\/span><\/p>\n<p><span style=\"color: #000000;\">Vendimi i Gjykat\u00ebs \u00ebsht\u00eb rezultat i nj\u00eb hetimi disa mujor t\u00eb ndjekur me metoda speciale, n\u00ebn drejtimin e Prokuroris\u00eb Gjirokast\u00ebr, pas informacioneve se disa punonj\u00ebs policie n\u00eb bashk\u00ebpunim, transportonin migrant\u00eb t\u00eb kapur nga vendet e treta nga Qarku Gjirokast\u00ebr n\u00eb territorin e Bashkis\u00eb Delvin\u00eb, duke i l\u00ebn\u00eb m\u00eb pas t\u00eb lir\u00eb n\u00eb kund\u00ebrshtim me aktet ligjore n\u00eb fuqi.<\/span><\/p>\n<p><span style=\"color: #000000;\">Nga hetimet ka rezultuar se n\u00eb disa raste, pas l\u00ebnies s\u00eb migrant\u00ebve n\u00eb zon\u00ebn e Delvin\u00ebs, ata jan\u00eb transportuar kundrejt fitimit nga persona t\u00eb tjer\u00eb, ose kan\u00eb udh\u00ebtuar n\u00eb brend\u00ebsi t\u00eb territorit shqiptar. Hetimet p\u00ebr rastin vijojn\u00eb n\u00ebn drejtimin e Prokuroris\u00eb p\u00ebr t\u00eb dokumentuar aktivitetin e paligjsh\u00ebm t\u00eb punonj\u00ebsve apo bashk\u00ebpun\u00ebtor\u00ebve t\u00eb tyre.<\/span><\/p>\n","protected":false,"gt_translate_keys":[{"key":"rendered","format":"html"}]},"excerpt":{"rendered":"<p>Agjencia e Mbik\u00ebqyrjes Policore ka ekzekutuar vendimin e Gjykat\u00ebs s\u00eb Shkall\u00ebs s\u00eb Part\u00eb t\u00eb Gjirokatr\u00ebs p\u00ebr pezullimin e 9 punonj\u00ebsve t\u00eb policis\u00eb. AMP njofton se masa \u00ebsht\u00eb marr\u00eb pasi punonj\u00ebsit e policis\u00eb akuzohen p\u00ebr shp\u00ebrdorim detyre dhe p\u00ebr ndihm\u00eb t\u00eb kalimit t\u00eb kufirit. K\u00ebta punonj\u00ebs dyshohet se transportonin n\u00eb bashk\u00ebpunim emigrant\u00eb t\u00eb paligjsh\u00ebm t\u00eb kapur [&hellip;]<\/p>\n","protected":false,"gt_translate_keys":[{"key":"rendered","format":"html"}]},"author":32,"featured_media":392125,"comment_status":"closed","ping_status":"closed","sticky":false,"template":"","format":"standard","meta":{"footnotes":""},"categories":[65,13],"tags":[],"class_list":["post-626169","post","type-post","status-publish","format-standard","has-post-thumbnail","hentry","category-lajme","category-te-fundit"],"gt_translate_keys":[{"key":"link","format":"url"}],"_links":{"self":[{"href":"https:\/\/www.hashtag.al\/index.php\/wp-json\/wp\/v2\/posts\/626169","targetHints":{"allow":["GET"]}}],"collection":[{"href":"https:\/\/www.hashtag.al\/index.php\/wp-json\/wp\/v2\/posts"}],"about":[{"href":"https:\/\/www.hashtag.al\/index.php\/wp-json\/wp\/v2\/types\/post"}],"author":[{"embeddable":true,"href":"https:\/\/www.hashtag.al\/index.php\/wp-json\/wp\/v2\/users\/32"}],"replies":[{"embeddable":true,"href":"https:\/\/www.hashtag.al\/index.php\/wp-json\/wp\/v2\/comments?post=626169"}],"version-history":[{"count":0,"href":"https:\/\/www.hashtag.al\/index.php\/wp-json\/wp\/v2\/posts\/626169\/revisions"}],"wp:featuredmedia":[{"embeddable":true,"href":"https:\/\/www.hashtag.al\/index.php\/wp-json\/wp\/v2\/media\/392125"}],"wp:attachment":[{"href":"https:\/\/www.hashtag.al\/index.php\/wp-json\/wp\/v2\/media?parent=626169"}],"wp:term":[{"taxonomy":"category","embeddable":true,"href":"https:\/\/www.hashtag.al\/index.php\/wp-json\/wp\/v2\/categories?post=626169"},{"taxonomy":"post_tag","embeddable":true,"href":"https:\/\/www.hashtag.al\/index.php\/wp-json\/wp\/v2\/tags?post=626169"}],"curies":[{"name":"wp","href":"https:\/\/api.w.org\/{rel}","templated":true}]}}