{"id":626163,"date":"2023-10-24T19:47:24","date_gmt":"2023-10-24T17:47:24","guid":{"rendered":"https:\/\/www.hashtag.al\/?p=626163"},"modified":"2023-10-24T19:47:24","modified_gmt":"2023-10-24T17:47:24","slug":"kryeministri-i-izraelit-mesazh-ushtareve-ne-kemi-vetem-nje-detyre-te-shtypim-hamasin","status":"publish","type":"post","link":"https:\/\/www.hashtag.al\/index.php\/2023\/10\/24\/kryeministri-i-izraelit-mesazh-ushtareve-ne-kemi-vetem-nje-detyre-te-shtypim-hamasin\/","title":{"rendered":"Kryeministri i Izraelit mesazh ushtar\u00ebve: Ne kemi vet\u00ebm nj\u00eb detyr\u00eb, t\u00eb shtypim Hamasin","gt_translate_keys":[{"key":"rendered","format":"text"}]},"content":{"rendered":"<p><img loading=\"lazy\" decoding=\"async\" class=\"size-full wp-image-625509\" src=\"https:\/\/www.hashtag.al\/wp-content\/uploads\/2023\/10\/2b186c81-13a5-40d6-ac35-1c33f257cf07-1.jpg\" alt=\"\" width=\"2000\" height=\"1331\" srcset=\"https:\/\/www.hashtag.al\/wp-content\/uploads\/2023\/10\/2b186c81-13a5-40d6-ac35-1c33f257cf07-1.jpg 2000w, https:\/\/www.hashtag.al\/wp-content\/uploads\/2023\/10\/2b186c81-13a5-40d6-ac35-1c33f257cf07-1-300x200.jpg 300w, https:\/\/www.hashtag.al\/wp-content\/uploads\/2023\/10\/2b186c81-13a5-40d6-ac35-1c33f257cf07-1-1024x681.jpg 1024w, https:\/\/www.hashtag.al\/wp-content\/uploads\/2023\/10\/2b186c81-13a5-40d6-ac35-1c33f257cf07-1-768x511.jpg 768w, https:\/\/www.hashtag.al\/wp-content\/uploads\/2023\/10\/2b186c81-13a5-40d6-ac35-1c33f257cf07-1-1536x1022.jpg 1536w\" sizes=\"auto, (max-width: 2000px) 100vw, 2000px\" \/><\/p>\n<p>Kryeministri i Izraelit, Benjamin Netanyahu, publikoi nj\u00eb video duke iu drejtuar ushtar\u00ebve t\u00eb tij.<\/p>\n<p><em>\u201cMe luft\u00ebtar\u00ebt n\u00eb fush\u00eb. Ne kemi vet\u00ebm nj\u00eb detyr\u00eb: t\u00eb shtypim Hamasin. Dhe ne nuk do t\u00eb ndalemi derisa t\u00eb p\u00ebrfundojm\u00eb pun\u00ebn\u201d,<\/em> shkroi Netanyahu n\u00eb llogarin\u00eb e tij n\u00eb X.<\/p>\n<p>M\u00eb her\u00ebt, kryeministri izraelit u takua me presidentin francez Emmanuel Macron.<\/p>\n<p>Para fjalimit t\u00eb Macron, Netanyahu theksoi se \u201cbrutaliteti i Hamasit nuk k\u00ebrc\u00ebnon vet\u00ebm hebrenjt\u00eb, por t\u00eb gjith\u00eb rajonin, Evrop\u00ebn dhe bot\u00ebn. Hamasi p\u00ebrfaq\u00ebson sulmin e barbarizmit kund\u00ebr qytet\u00ebrimit\u201d.<\/p>\n<p>Sulmi i Hamasit i 7 tetorit ishte \u201csulmi m\u00eb i keq terrorist q\u00eb bota ka par\u00eb q\u00eb nga 11 shtatori,ishte 20 her\u00eb m\u00eb shum\u00eb se 11 shtatori. Ashtu si Ana Frank, f\u00ebmij\u00ebt hebrenj u fsheh\u00ebn n\u00eb papafingo nga k\u00ebto p\u00ebrbind\u00ebsha, dhe m\u00eb pas \u201ci gjet\u00ebn dhe i ther\u00ebn\u201d, shtoi kryeministri izraelit.<\/p>\n<p><em>\u201cFrancez\u00ebt e njohin terrorizmin. Ashtu si ju refuzoni t\u00eb toleroni k\u00ebt\u00eb k\u00ebrc\u00ebnim, populli i Izraelit refuzon t\u00eb ket\u00eb nj\u00eb enklav\u00eb t\u00eb ISIS n\u00eb kufijt\u00eb e tyre. Kjo nuk \u00ebsht\u00eb nj\u00eb enklav\u00eb e ISIS-it mij\u00ebra kilometra larg Evrop\u00ebs. \u00cbsht\u00eb nj\u00ebsoj si t\u00eb flas\u00ebsh p\u00ebr nj\u00eb ISIS n\u00eb periferi t\u00eb Parisit, nj\u00eb ISIS q\u00eb mund t\u00eb shkosh me makin\u00eb 20 minuta p\u00ebr t\u00eb arritur n\u00eb Paris. Ne nuk mund t\u00eb jetojm\u00eb k\u00ebshtu, askush nuk mund t\u00eb jetoj\u00eb k\u00ebshtu. Ne do t\u00eb b\u00ebjm\u00eb \u00e7do p\u00ebrpjekje p\u00ebr t\u00eb liruar pengjet dhe do t\u00eb b\u00ebjm\u00eb \u00e7do p\u00ebrpjekje p\u00ebr t\u00eb mbrojtur qytetar\u00ebt palestinez\u00eb nga d\u00ebmtimi,\u201d<\/em> i tha ai presidentit francez.<\/p>\n<p>Kryeministri izraelit l\u00ebshoi \u200b\u200bgjithashtu nj\u00eb paralajm\u00ebrim p\u00ebr Hezbollahun libanez, duke theksuar se \u201cn\u00ebse Hezbollahu merr pjes\u00eb n\u00eb k\u00ebt\u00eb luft\u00eb do t\u00eb pendohet. Shkat\u00ebrrimi q\u00eb do t\u00eb p\u00ebsoj\u00eb do t\u00eb jet\u00eb i paimagjinuesh\u00ebm dhe me pasoja t\u00eb tmerrshme\u201d.<\/p>\n<blockquote class=\"twitter-tweet\">\n<p dir=\"rtl\" lang=\"iw\">\u05e2\u05dd \u05d4\u05dc\u05d5\u05d7\u05de\u05d9\u05dd \u05d1\u05e9\u05d8\u05d7. \u05d9\u05e9 \u05dc\u05e0\u05d5 \u05e8\u05e7 \u05de\u05e9\u05d9\u05de\u05d4 \u05d0\u05d7\u05ea &#8211; \u05dc\u05e8\u05e1\u05e7 \u05d0\u05ea \u05d4\u05d7\u05de\u05d0\u05e1, \u05d5\u05dc\u05d0 \u05e0\u05e4\u05e1\u05d9\u05e7 \u05e2\u05d3 \u05e9\u05e0\u05e9\u05dc\u05d9\u05dd \u05d0\u05ea \u05d4\u05de\u05e9\u05d9\u05de\u05d4. <a href=\"https:\/\/t.co\/eW1JihfTZI\">pic.twitter.com\/eW1JihfTZI<\/a><\/p>\n<p>\u2014 Benjamin Netanyahu &#8211; \u05d1\u05e0\u05d9\u05de\u05d9\u05df \u05e0\u05ea\u05e0\u05d9\u05d4\u05d5 (@netanyahu) <a href=\"https:\/\/twitter.com\/netanyahu\/status\/1716844418186068062?ref_src=twsrc%5Etfw\">October 24, 2023<\/a><\/p><\/blockquote>\n<p><script async src=\"https:\/\/platform.twitter.com\/widgets.js\" charset=\"utf-8\"><\/script><\/p>\n","protected":false,"gt_translate_keys":[{"key":"rendered","format":"html"}]},"excerpt":{"rendered":"<p>Kryeministri i Izraelit, Benjamin Netanyahu, publikoi nj\u00eb video duke iu drejtuar ushtar\u00ebve t\u00eb tij. \u201cMe luft\u00ebtar\u00ebt n\u00eb fush\u00eb. Ne kemi vet\u00ebm nj\u00eb detyr\u00eb: t\u00eb shtypim Hamasin. Dhe ne nuk do t\u00eb ndalemi derisa t\u00eb p\u00ebrfundojm\u00eb pun\u00ebn\u201d, shkroi Netanyahu n\u00eb llogarin\u00eb e tij n\u00eb X. M\u00eb her\u00ebt, kryeministri izraelit u takua me presidentin francez Emmanuel Macron. [&hellip;]<\/p>\n","protected":false,"gt_translate_keys":[{"key":"rendered","format":"html"}]},"author":4,"featured_media":625509,"comment_status":"closed","ping_status":"closed","sticky":false,"template":"","format":"standard","meta":{"footnotes":""},"categories":[6],"tags":[],"class_list":["post-626163","post","type-post","status-publish","format-standard","has-post-thumbnail","hentry","category-nderkombetare"],"gt_translate_keys":[{"key":"link","format":"url"}],"_links":{"self":[{"href":"https:\/\/www.hashtag.al\/index.php\/wp-json\/wp\/v2\/posts\/626163","targetHints":{"allow":["GET"]}}],"collection":[{"href":"https:\/\/www.hashtag.al\/index.php\/wp-json\/wp\/v2\/posts"}],"about":[{"href":"https:\/\/www.hashtag.al\/index.php\/wp-json\/wp\/v2\/types\/post"}],"author":[{"embeddable":true,"href":"https:\/\/www.hashtag.al\/index.php\/wp-json\/wp\/v2\/users\/4"}],"replies":[{"embeddable":true,"href":"https:\/\/www.hashtag.al\/index.php\/wp-json\/wp\/v2\/comments?post=626163"}],"version-history":[{"count":0,"href":"https:\/\/www.hashtag.al\/index.php\/wp-json\/wp\/v2\/posts\/626163\/revisions"}],"wp:featuredmedia":[{"embeddable":true,"href":"https:\/\/www.hashtag.al\/index.php\/wp-json\/wp\/v2\/media\/625509"}],"wp:attachment":[{"href":"https:\/\/www.hashtag.al\/index.php\/wp-json\/wp\/v2\/media?parent=626163"}],"wp:term":[{"taxonomy":"category","embeddable":true,"href":"https:\/\/www.hashtag.al\/index.php\/wp-json\/wp\/v2\/categories?post=626163"},{"taxonomy":"post_tag","embeddable":true,"href":"https:\/\/www.hashtag.al\/index.php\/wp-json\/wp\/v2\/tags?post=626163"}],"curies":[{"name":"wp","href":"https:\/\/api.w.org\/{rel}","templated":true}]}}