{"id":626159,"date":"2023-10-24T19:18:03","date_gmt":"2023-10-24T17:18:03","guid":{"rendered":"https:\/\/www.hashtag.al\/?p=626159"},"modified":"2023-10-24T19:18:03","modified_gmt":"2023-10-24T17:18:03","slug":"perpjekje-per-te-rifilluar-negociatat-kosove-serbi","status":"publish","type":"post","link":"https:\/\/www.hashtag.al\/index.php\/2023\/10\/24\/perpjekje-per-te-rifilluar-negociatat-kosove-serbi\/","title":{"rendered":"P\u00ebrpjekje p\u00ebr t\u00eb rifilluar negociatat Kosov\u00eb-Serbi","gt_translate_keys":[{"key":"rendered","format":"text"}]},"content":{"rendered":"<p style=\"text-align: left;\"><span style=\"color: #000000;\"><img loading=\"lazy\" decoding=\"async\" class=\"alignnone size-full wp-image-626161\" src=\"https:\/\/www.hashtag.al\/wp-content\/uploads\/2023\/10\/Screenshot-2023-10-24-185821.png\" alt=\"\" width=\"982\" height=\"525\" srcset=\"https:\/\/www.hashtag.al\/wp-content\/uploads\/2023\/10\/Screenshot-2023-10-24-185821.png 982w, https:\/\/www.hashtag.al\/wp-content\/uploads\/2023\/10\/Screenshot-2023-10-24-185821-300x160.png 300w, https:\/\/www.hashtag.al\/wp-content\/uploads\/2023\/10\/Screenshot-2023-10-24-185821-768x411.png 768w\" sizes=\"auto, (max-width: 982px) 100vw, 982px\" \/><\/span><\/p>\n<p style=\"text-align: left;\"><span style=\"color: #000000;\">Udh\u00ebheq\u00ebsit e Kosov\u00ebs dhe t\u00eb Serbis\u00eb pritet t\u00eb takohen k\u00ebt\u00eb jav\u00eb n\u00eb Bruksel n\u00eb kuad\u00ebr t\u00eb p\u00ebrpjekjeve per\u00ebndimore p\u00ebr t\u2019i dh\u00ebn\u00eb drejtim zbatimit t\u00eb marr\u00ebveshjes p\u00ebr normalizimin e marr\u00ebdh\u00ebnieve, mes shqet\u00ebsimeve p\u00ebr situat\u00ebn e siguris\u00eb q\u00eb pasuan sulmin e nj\u00eb muaji m\u00eb par\u00eb ndaj policis\u00eb s\u00eb Kosov\u00ebs n\u00eb veri.<\/span><\/p>\n<p style=\"text-align: left;\"><span style=\"color: #000000;\">Paralajm\u00ebrimi i takimit pasoi vizit\u00ebn e t\u00eb d\u00ebrguarve per\u00ebndimore gjat\u00eb fundjav\u00ebs n\u00eb Prishtin\u00eb dhe n\u00eb Beograd gjat\u00eb s\u00eb cil\u00ebs u tha se paraqiten nj\u00eb plan p\u00ebr rrug\u00ebn p\u00ebrpara p\u00ebr zbatimin e marr\u00ebveshjes s\u00eb arritur me her\u00ebt gjat\u00eb k\u00ebtij viti n\u00eb Bruksel dhe n\u00eb Oh\u00ebr, por pa dh\u00ebn\u00eb holl\u00ebsi.<\/span><\/p>\n<p style=\"text-align: left;\"><span style=\"color: #000000;\">Diplomat\u00ebt shpresojn\u00eb q\u00eb t\u00eb arrihet nj\u00eb p\u00ebrparim deri n\u00eb takimin udh\u00ebheq\u00ebsve t\u00eb vendeve an\u00ebtare t\u00eb Bashimit Evropian q\u00eb fillon t\u00eb enjten pasdite.<\/span><\/p>\n<p style=\"text-align: left;\"><span style=\"color: #000000;\">Ndon\u00ebse nuk ka asnj\u00eb njoftim zyrtar p\u00ebr koh\u00ebn e takimit, presidenti i Serbis\u00eb Aleksandar Vu\u00e7i\u00e7 tha t\u00eb mart\u00ebn se pret q\u00eb brenda dy apo tre dit\u00ebsh t\u00eb q\u00ebndroj\u00eb n\u00eb Bruksel, ku si\u00e7 tha, do t\u00eb jet\u00eb edhe kryeministri i Kosov\u00ebs Albin Kurti. Ai tha se rendi i dit\u00ebs s\u00eb diskutimeve do t\u00eb jet\u00eb n\u00eb p\u00ebrputhje me at\u00eb q\u00eb \u00ebsht\u00eb diskutuar me pes\u00ebshen diplomatike gjat\u00eb fundjav\u00ebs, duke n\u00ebnvizuar se ka nj\u00eb marr\u00ebveshje q\u00eb t\u00eb mos flitet p\u00ebr k\u00ebt\u00eb \u00e7\u00ebshtje.<\/span><\/p>\n<p style=\"text-align: left;\"><span style=\"color: #000000;\">Kryeministri i Kosov\u00ebs, Albin Kurti tha t\u00eb mart\u00ebn se \u00ebsht\u00eb i gatsh\u00ebm t\u00eb zbatoj\u00eb marr\u00ebveshjen e arritur n\u00eb fillim t\u00eb k\u00ebtij viti n\u00eb Bruksel dhe Oh\u00ebr nd\u00ebrsa akuzoi autoritetet n\u00eb Beograd se po e shmangin marr\u00ebveshjen e cila sipas tij \u00e7on n\u00eb njohje de fakto t\u00eb Kosov\u00ebs nga Serbia.<\/span><\/p>\n<p style=\"text-align: left;\"><span style=\"color: #000000;\">Ai i b\u00ebri k\u00ebto komente n\u00eb Greqi p\u00ebrgjat\u00eb nj\u00eb debati me tem\u00ebn &#8220;thellimi i solidaritetit: Si mundet Evropa t\u00eb dal\u00eb m\u00eb e fuqishme nga trazirat aktuale gjeopolitike? t\u00eb organizuar nga \u201cThe Economist\u201d, n\u00eb Greqi.<\/span><\/p>\n<p style=\"text-align: left;\"><span style=\"color: #000000;\">\u201cPor Beogradi nuk d\u00ebshiron t\u00eb n\u00ebnshkruaj\u00eb, sepse p\u00ebrmbajtja e marr\u00ebveshjes \u00ebsht\u00eb njohja de facto. \u00cbsht\u00eb modeluar sipas dy Gjermanive t\u00eb vitit 1972, njohja faktike mes dy Gjermanive. Kjo \u00ebsht\u00eb marr\u00ebveshja q\u00eb ne kemi me Serbin\u00eb\u201d, tha ai.<\/span><\/p>\n<p style=\"text-align: left;\"><span style=\"color: #000000;\">Qeveria e Kosov\u00ebs ka th\u00ebn\u00eb se siguria e vendit \u00ebsht\u00eb p\u00ebrpar\u00ebsia themelore p\u00ebr dallim nga k\u00ebrkesat e diplomat\u00ebve per\u00ebndimor\u00eb t\u00eb cil\u00ebt gjat\u00eb vizit\u00ebs t\u00eb s\u00eb shtun\u00ebs n\u00eb Prishtin\u00eb vun\u00eb theksin te themelimi i Asociacionit t\u00eb komunave me shumic\u00eb serbe, q\u00eb \u00ebsht\u00eb edhe \u00e7\u00ebshtja m\u00eb e v\u00ebshtir\u00eb e bisedimeve me Serbin\u00eb. Themelimi i Asociacionit \u00ebsht\u00eb pjes\u00eb e marr\u00ebveshjes s\u00eb Ohrit zbatimi i s\u00eb cil\u00ebs sipas kryeministrit Kurti \u00ebsht\u00eb nj\u00eb sfid\u00eb e v\u00ebshtir\u00eb, shkruan <span style=\"color: #0000ff;\"><strong><a style=\"color: #0000ff;\" href=\"https:\/\/www.zeriamerikes.com\/a\/7324382.html\">VOA.<\/a><\/strong><\/span><\/span><\/p>\n<p style=\"text-align: left;\"><span style=\"color: #000000;\">\u201cN\u00eb historin\u00eb e marr\u00ebveshjeve nd\u00ebrmjet Kosov\u00ebs dhe Serbis\u00eb kemi mbi 40 marr\u00ebveshje, por na mungon zbatimi. Arritja e nj\u00eb marr\u00ebveshjeje dhe zbatimi i saj jan\u00eb dy planet\u00eb t\u00eb ndrysh\u00ebm dhe ne duhet t&#8217;i sjellim n\u00eb t\u00eb nj\u00ebjtin kontinent. Dhe ky \u00ebsht\u00eb kontinenti evropian. Pra, le t\u00eb zbatojm\u00eb me shpejt\u00ebsi at\u00eb q\u00eb kemi r\u00ebn\u00eb dakord. Dhe un\u00eb jam ende gati t\u00eb n\u00ebnshkruaj gjith\u00e7ka q\u00eb them po. K\u00ebshtu nuk ndodhi me pal\u00ebn tjet\u00ebr dhe m\u00eb pas kan\u00eb ndodhur v\u00ebshtir\u00ebsit\u00eb\u201d, tha ai.<\/span><\/p>\n<p style=\"text-align: left;\"><span style=\"color: #000000;\">Shtimi i trysnis\u00eb per\u00ebndimore p\u00ebr zbatimin e marr\u00ebveshjes pasoi sulmin e 24 shtatorit kur nj\u00eb grup serb\u00ebsh t\u00eb armatosur sulmoi policin\u00eb e Kosov\u00ebs n\u00eb fshatin Banjsk\u00eb n\u00eb veri duke vrar\u00eb nj\u00eb oficer policie. Tre sulmues u vran\u00eb gjat\u00eb p\u00ebrleshjeve, q\u00eb nxit\u00ebn shqet\u00ebsime p\u00ebr q\u00ebndrueshm\u00ebrin\u00eb n\u00eb rajon.<\/span><\/p>\n<p style=\"text-align: left;\"><span style=\"color: #000000;\">Diplomat\u00ebt per\u00ebndimor\u00eb thon\u00eb se 24 shtatori d\u00ebshmoi r\u00ebnd\u00ebsin\u00eb e normalizimit t\u00eb marr\u00ebdh\u00ebnieve Kosov\u00eb \u2013 Serbi.<\/span><\/p>\n","protected":false,"gt_translate_keys":[{"key":"rendered","format":"html"}]},"excerpt":{"rendered":"<p>Udh\u00ebheq\u00ebsit e Kosov\u00ebs dhe t\u00eb Serbis\u00eb pritet t\u00eb takohen k\u00ebt\u00eb jav\u00eb n\u00eb Bruksel n\u00eb kuad\u00ebr t\u00eb p\u00ebrpjekjeve per\u00ebndimore p\u00ebr t\u2019i dh\u00ebn\u00eb drejtim zbatimit t\u00eb marr\u00ebveshjes p\u00ebr normalizimin e marr\u00ebdh\u00ebnieve, mes shqet\u00ebsimeve p\u00ebr situat\u00ebn e siguris\u00eb q\u00eb pasuan sulmin e nj\u00eb muaji m\u00eb par\u00eb ndaj policis\u00eb s\u00eb Kosov\u00ebs n\u00eb veri. Paralajm\u00ebrimi i takimit pasoi vizit\u00ebn e [&hellip;]<\/p>\n","protected":false,"gt_translate_keys":[{"key":"rendered","format":"html"}]},"author":4,"featured_media":626161,"comment_status":"closed","ping_status":"closed","sticky":false,"template":"","format":"standard","meta":{"footnotes":""},"categories":[149],"tags":[],"class_list":["post-626159","post","type-post","status-publish","format-standard","has-post-thumbnail","hentry","category-kosoverajon"],"gt_translate_keys":[{"key":"link","format":"url"}],"_links":{"self":[{"href":"https:\/\/www.hashtag.al\/index.php\/wp-json\/wp\/v2\/posts\/626159","targetHints":{"allow":["GET"]}}],"collection":[{"href":"https:\/\/www.hashtag.al\/index.php\/wp-json\/wp\/v2\/posts"}],"about":[{"href":"https:\/\/www.hashtag.al\/index.php\/wp-json\/wp\/v2\/types\/post"}],"author":[{"embeddable":true,"href":"https:\/\/www.hashtag.al\/index.php\/wp-json\/wp\/v2\/users\/4"}],"replies":[{"embeddable":true,"href":"https:\/\/www.hashtag.al\/index.php\/wp-json\/wp\/v2\/comments?post=626159"}],"version-history":[{"count":0,"href":"https:\/\/www.hashtag.al\/index.php\/wp-json\/wp\/v2\/posts\/626159\/revisions"}],"wp:featuredmedia":[{"embeddable":true,"href":"https:\/\/www.hashtag.al\/index.php\/wp-json\/wp\/v2\/media\/626161"}],"wp:attachment":[{"href":"https:\/\/www.hashtag.al\/index.php\/wp-json\/wp\/v2\/media?parent=626159"}],"wp:term":[{"taxonomy":"category","embeddable":true,"href":"https:\/\/www.hashtag.al\/index.php\/wp-json\/wp\/v2\/categories?post=626159"},{"taxonomy":"post_tag","embeddable":true,"href":"https:\/\/www.hashtag.al\/index.php\/wp-json\/wp\/v2\/tags?post=626159"}],"curies":[{"name":"wp","href":"https:\/\/api.w.org\/{rel}","templated":true}]}}