{"id":625951,"date":"2023-10-24T09:36:34","date_gmt":"2023-10-24T07:36:34","guid":{"rendered":"https:\/\/www.hashtag.al\/?p=625951"},"modified":"2023-10-24T09:36:34","modified_gmt":"2023-10-24T07:36:34","slug":"veliaj-ne-shba-takohet-me-ish-ambasadorin-arvizu-avokat-i-perjetshem-i-shqiperise-dhe-kryepromotor-i-tiranes","status":"publish","type":"post","link":"https:\/\/www.hashtag.al\/index.php\/2023\/10\/24\/veliaj-ne-shba-takohet-me-ish-ambasadorin-arvizu-avokat-i-perjetshem-i-shqiperise-dhe-kryepromotor-i-tiranes\/","title":{"rendered":"Veliaj n\u00eb SHBA, takohet me ish-ambasadorin Arvizu: Avokat i p\u00ebrjetsh\u00ebm i Shqip\u00ebris\u00eb dhe kryepromotor i Tiran\u00ebs","gt_translate_keys":[{"key":"rendered","format":"text"}]},"content":{"rendered":"<p><span style=\"font-weight: 400;\"><img loading=\"lazy\" decoding=\"async\" class=\"alignnone size-full wp-image-625952\" src=\"https:\/\/www.hashtag.al\/wp-content\/uploads\/2023\/10\/veliaj-3-768x576-1.jpg\" alt=\"\" width=\"768\" height=\"576\" srcset=\"https:\/\/www.hashtag.al\/wp-content\/uploads\/2023\/10\/veliaj-3-768x576-1.jpg 768w, https:\/\/www.hashtag.al\/wp-content\/uploads\/2023\/10\/veliaj-3-768x576-1-300x225.jpg 300w\" sizes=\"auto, (max-width: 768px) 100vw, 768px\" \/><\/span><\/p>\n<p><span style=\"font-weight: 400; color: #000000;\">N\u00eb vizit\u00ebn e tij n\u00eb Shtetet e Bashkuara t\u00eb Amerik\u00ebs, kryebashkiaku Erion Veliaj \u00ebsht\u00eb takuar gjithashtu me nj\u00eb mik t\u00eb ve\u00e7ant\u00eb t\u00eb vendit ton\u00eb, ish-ambasadorin amerikan Aleksand\u00ebr Arvizu.<\/span><\/p>\n<p><span style=\"font-weight: 400; color: #000000;\">N\u00eb postim Veliaj \u00ebsht\u00eb shprehur se e cil\u00ebson at\u00eb si avokatin e p\u00ebrjetsh\u00ebm t\u00eb Shqip\u00ebris\u00eb.<\/span><\/p>\n<p><span style=\"color: #000000;\"><i><span style=\"font-weight: 400;\">\u201cAsnj\u00eb udh\u00ebtim n\u00eb SHBA, sado i shkurt\u00ebr qoft\u00eb, nuk quhet i plot\u00ebsuar pa nj\u00eb bised\u00eb t\u00eb k\u00ebndshme me Alex Arvizu \u2013 avokatin e p\u00ebrjetsh\u00ebm t\u00eb Shqip\u00ebris\u00eb dhe kryepromotorin e Tiran\u00ebs! Faleminderit Alex \u2013 Tiran\u00ebs i mungon\u201d, <\/span><\/i><span style=\"font-weight: 400;\">shkruan Veliaj.<\/span><\/span><\/p>\n","protected":false,"gt_translate_keys":[{"key":"rendered","format":"html"}]},"excerpt":{"rendered":"<p>N\u00eb vizit\u00ebn e tij n\u00eb Shtetet e Bashkuara t\u00eb Amerik\u00ebs, kryebashkiaku Erion Veliaj \u00ebsht\u00eb takuar gjithashtu me nj\u00eb mik t\u00eb ve\u00e7ant\u00eb t\u00eb vendit ton\u00eb, ish-ambasadorin amerikan Aleksand\u00ebr Arvizu. N\u00eb postim Veliaj \u00ebsht\u00eb shprehur se e cil\u00ebson at\u00eb si avokatin e p\u00ebrjetsh\u00ebm t\u00eb Shqip\u00ebris\u00eb. \u201cAsnj\u00eb udh\u00ebtim n\u00eb SHBA, sado i shkurt\u00ebr qoft\u00eb, nuk quhet i plot\u00ebsuar [&hellip;]<\/p>\n","protected":false,"gt_translate_keys":[{"key":"rendered","format":"html"}]},"author":4,"featured_media":625952,"comment_status":"closed","ping_status":"closed","sticky":false,"template":"","format":"standard","meta":{"footnotes":""},"categories":[65],"tags":[],"class_list":["post-625951","post","type-post","status-publish","format-standard","has-post-thumbnail","hentry","category-lajme"],"gt_translate_keys":[{"key":"link","format":"url"}],"_links":{"self":[{"href":"https:\/\/www.hashtag.al\/index.php\/wp-json\/wp\/v2\/posts\/625951","targetHints":{"allow":["GET"]}}],"collection":[{"href":"https:\/\/www.hashtag.al\/index.php\/wp-json\/wp\/v2\/posts"}],"about":[{"href":"https:\/\/www.hashtag.al\/index.php\/wp-json\/wp\/v2\/types\/post"}],"author":[{"embeddable":true,"href":"https:\/\/www.hashtag.al\/index.php\/wp-json\/wp\/v2\/users\/4"}],"replies":[{"embeddable":true,"href":"https:\/\/www.hashtag.al\/index.php\/wp-json\/wp\/v2\/comments?post=625951"}],"version-history":[{"count":0,"href":"https:\/\/www.hashtag.al\/index.php\/wp-json\/wp\/v2\/posts\/625951\/revisions"}],"wp:featuredmedia":[{"embeddable":true,"href":"https:\/\/www.hashtag.al\/index.php\/wp-json\/wp\/v2\/media\/625952"}],"wp:attachment":[{"href":"https:\/\/www.hashtag.al\/index.php\/wp-json\/wp\/v2\/media?parent=625951"}],"wp:term":[{"taxonomy":"category","embeddable":true,"href":"https:\/\/www.hashtag.al\/index.php\/wp-json\/wp\/v2\/categories?post=625951"},{"taxonomy":"post_tag","embeddable":true,"href":"https:\/\/www.hashtag.al\/index.php\/wp-json\/wp\/v2\/tags?post=625951"}],"curies":[{"name":"wp","href":"https:\/\/api.w.org\/{rel}","templated":true}]}}