{"id":625897,"date":"2023-10-23T22:12:19","date_gmt":"2023-10-23T20:12:19","guid":{"rendered":"https:\/\/www.hashtag.al\/?p=625897"},"modified":"2023-10-23T22:12:19","modified_gmt":"2023-10-23T20:12:19","slug":"40-vjet-pas-bombardimeve-vdekjeprurese-te-marinsave-te-bejrutit-trupat-amerikane-vendosen-perseri-ne-lindje-te-mesdheut","status":"publish","type":"post","link":"https:\/\/www.hashtag.al\/index.php\/2023\/10\/23\/40-vjet-pas-bombardimeve-vdekjeprurese-te-marinsave-te-bejrutit-trupat-amerikane-vendosen-perseri-ne-lindje-te-mesdheut\/","title":{"rendered":"40 vjet pas bombardimeve vdekjeprur\u00ebse t\u00eb marinsave t\u00eb Bejrutit, trupat amerikane vendosen p\u00ebrs\u00ebri n\u00eb lindje t\u00eb Mesdheut","gt_translate_keys":[{"key":"rendered","format":"text"}]},"content":{"rendered":"<p style=\"text-align: left;\"><span style=\"color: #000000;\"><img loading=\"lazy\" decoding=\"async\" class=\"alignnone size-full wp-image-625898\" src=\"https:\/\/www.hashtag.al\/wp-content\/uploads\/2023\/10\/download-6.webp\" alt=\"\" width=\"1440\" height=\"953\" srcset=\"https:\/\/www.hashtag.al\/wp-content\/uploads\/2023\/10\/download-6.webp 1440w, https:\/\/www.hashtag.al\/wp-content\/uploads\/2023\/10\/download-6-300x199.webp 300w, https:\/\/www.hashtag.al\/wp-content\/uploads\/2023\/10\/download-6-1024x678.webp 1024w, https:\/\/www.hashtag.al\/wp-content\/uploads\/2023\/10\/download-6-768x508.webp 768w\" sizes=\"auto, (max-width: 1440px) 100vw, 1440px\" \/><\/span><\/p>\n<p style=\"text-align: left;\"><span style=\"color: #000000;\">40 vite pas nj\u00eb prej sulmeve m\u00eb vdekjeprur\u00ebse kund\u00ebr trupave amerikane n\u00eb Lindjen e Mesme, paralajm\u00ebrohet se Uashingtoni mund t\u00eb rr\u00ebshqas\u00eb drejt nj\u00eb konflikti t\u00eb ri n\u00eb rajon.<\/span><\/p>\n<p style=\"text-align: left;\"><span style=\"color: #000000;\">M\u00eb 23 tetor 1983, nj\u00eb sulmues vet\u00ebvras\u00ebs goditi nj\u00eb kazerm\u00eb ushtarake amerikane n\u00eb Aeroportin Nd\u00ebrkomb\u00ebtar t\u00eb Bejrutit, duke vrar\u00eb 241 an\u00ebtar\u00eb t\u00eb sh\u00ebrbimit amerikan, shumica prej tyre marinar\u00eb. \u00a0Ende cileesohet si sulmi m\u00eb vdekjeprur\u00ebs ndaj marinsave q\u00eb nga Beteja e Luft\u00ebs s\u00eb Dyt\u00eb Bot\u00ebrore n\u00eb Iwo Jima.\u00a0Nj\u00eb sulm pothuajse i nj\u00ebkohsh\u00ebm ndaj forcave franceze vrau 58 parashutist\u00eb.<\/span><\/p>\n<p style=\"text-align: left;\"><span style=\"color: #000000;\">Shtetet e Bashkuara tani po vendosin forca p\u00ebrs\u00ebri n\u00eb rajon n\u00eb lidhje me nj\u00eb luft\u00eb midis Izraelit dhe armiqve t\u00eb tij. Aeroplanmbajt\u00ebsja USS Gerald R. Ford \u00ebsht\u00eb pozicionuar n\u00eb Mesdheun lindor s\u00eb bashku me luftanijet e tjera amerikane me nj\u00eb transportues t\u00eb dyt\u00eb n\u00eb rrug\u00eb n\u00eb at\u00eb q\u00eb shihet gjer\u00ebsisht si nj\u00eb mesazh p\u00ebr Iranin dhe Hezbollahun q\u00eb t\u00eb mos hapin fronte t\u00eb reja nd\u00ebrsa Izraeli lufton Hamasin.<\/span><\/p>\n<p style=\"text-align: left;\"><span style=\"color: #000000;\">Tensionet e gjata midis SHBA-s\u00eb dhe Iranit jan\u00eb rritur nga lufta dy-javore midis Izraelit dhe Hamasit, n\u00eb t\u00eb cil\u00ebn sulmi i befasish\u00ebm i grupit militant palestinez m\u00eb 7 tetor n\u00eb qytetet jugore t\u00eb Izraelit solli bombardime shkat\u00ebrruese izraelite n\u00eb Rripin e Gaz\u00ebs, shkruan <span style=\"color: #0000ff;\"><strong><a style=\"color: #0000ff;\" href=\"https:\/\/apnews.com\/article\/lebanon-marines-bombing-beirut-1983-hezbollah-israel-hamas-iran-34f61ac47909c52de800dd35b375e782\">AP.<\/a><\/strong><\/span><\/span><\/p>\n<p>Lufta rrezikon t\u00eb shnd\u00ebrrohet n\u00eb nj\u00eb konflikt m\u00eb t\u00eb gjer\u00eb rajonal.\u00a0Shqet\u00ebsimi m\u00eb i madh \u00ebsht\u00eb p\u00ebr kufirin Liban-Izrael, ku\u00a0Izraeli dhe Hezbollahu shk\u00ebmbejn\u00eb zjarr\u00a0n\u00eb baza ditore.<\/p>\n","protected":false,"gt_translate_keys":[{"key":"rendered","format":"html"}]},"excerpt":{"rendered":"<p>40 vite pas nj\u00eb prej sulmeve m\u00eb vdekjeprur\u00ebse kund\u00ebr trupave amerikane n\u00eb Lindjen e Mesme, paralajm\u00ebrohet se Uashingtoni mund t\u00eb rr\u00ebshqas\u00eb drejt nj\u00eb konflikti t\u00eb ri n\u00eb rajon. M\u00eb 23 tetor 1983, nj\u00eb sulmues vet\u00ebvras\u00ebs goditi nj\u00eb kazerm\u00eb ushtarake amerikane n\u00eb Aeroportin Nd\u00ebrkomb\u00ebtar t\u00eb Bejrutit, duke vrar\u00eb 241 an\u00ebtar\u00eb t\u00eb sh\u00ebrbimit amerikan, shumica prej tyre [&hellip;]<\/p>\n","protected":false,"gt_translate_keys":[{"key":"rendered","format":"html"}]},"author":4,"featured_media":625898,"comment_status":"closed","ping_status":"closed","sticky":false,"template":"","format":"standard","meta":{"footnotes":""},"categories":[53],"tags":[],"class_list":["post-625897","post","type-post","status-publish","format-standard","has-post-thumbnail","hentry","category-fast-foodi"],"gt_translate_keys":[{"key":"link","format":"url"}],"_links":{"self":[{"href":"https:\/\/www.hashtag.al\/index.php\/wp-json\/wp\/v2\/posts\/625897","targetHints":{"allow":["GET"]}}],"collection":[{"href":"https:\/\/www.hashtag.al\/index.php\/wp-json\/wp\/v2\/posts"}],"about":[{"href":"https:\/\/www.hashtag.al\/index.php\/wp-json\/wp\/v2\/types\/post"}],"author":[{"embeddable":true,"href":"https:\/\/www.hashtag.al\/index.php\/wp-json\/wp\/v2\/users\/4"}],"replies":[{"embeddable":true,"href":"https:\/\/www.hashtag.al\/index.php\/wp-json\/wp\/v2\/comments?post=625897"}],"version-history":[{"count":0,"href":"https:\/\/www.hashtag.al\/index.php\/wp-json\/wp\/v2\/posts\/625897\/revisions"}],"wp:featuredmedia":[{"embeddable":true,"href":"https:\/\/www.hashtag.al\/index.php\/wp-json\/wp\/v2\/media\/625898"}],"wp:attachment":[{"href":"https:\/\/www.hashtag.al\/index.php\/wp-json\/wp\/v2\/media?parent=625897"}],"wp:term":[{"taxonomy":"category","embeddable":true,"href":"https:\/\/www.hashtag.al\/index.php\/wp-json\/wp\/v2\/categories?post=625897"},{"taxonomy":"post_tag","embeddable":true,"href":"https:\/\/www.hashtag.al\/index.php\/wp-json\/wp\/v2\/tags?post=625897"}],"curies":[{"name":"wp","href":"https:\/\/api.w.org\/{rel}","templated":true}]}}