{"id":625892,"date":"2023-10-23T21:13:06","date_gmt":"2023-10-23T19:13:06","guid":{"rendered":"https:\/\/www.hashtag.al\/?p=625892"},"modified":"2023-10-23T21:13:06","modified_gmt":"2023-10-23T19:13:06","slug":"deshmia-e-malltezit-ne-gjkko-zona-ka-qene-me-uzurpues-te-paligjshem","status":"publish","type":"post","link":"https:\/\/www.hashtag.al\/index.php\/2023\/10\/23\/deshmia-e-malltezit-ne-gjkko-zona-ka-qene-me-uzurpues-te-paligjshem\/","title":{"rendered":"D\u00ebshmia e Malltezit n\u00eb GJKKO: Zona ka qen\u00eb me uzurpues t\u00eb paligjsh\u00ebm","gt_translate_keys":[{"key":"rendered","format":"text"}]},"content":{"rendered":"<p style=\"text-align: left;\"><span style=\"color: #000000;\"><img loading=\"lazy\" decoding=\"async\" class=\"size-full wp-image-625869 aligncenter\" src=\"https:\/\/www.hashtag.al\/wp-content\/uploads\/2023\/10\/malltezi-bekteshi.png\" alt=\"\" width=\"638\" height=\"433\" srcset=\"https:\/\/www.hashtag.al\/wp-content\/uploads\/2023\/10\/malltezi-bekteshi.png 638w, https:\/\/www.hashtag.al\/wp-content\/uploads\/2023\/10\/malltezi-bekteshi-300x204.png 300w\" sizes=\"auto, (max-width: 638px) 100vw, 638px\" \/><\/span><\/p>\n<p style=\"text-align: left;\"><span style=\"color: #000000;\">Zbardhet d\u00ebshmia e Jamarb\u00ebr Malltezit n\u00eb GJKKO dit\u00ebn e sotme. N\u00eb seanc\u00ebn e sotme dh\u00ebndri i ish-kryeministrit Berisha u njoh m\u00eb mas\u00ebn e \u201cArrestit me burg\u201d p\u00ebr privatizimin e ish kompleksit Partizani.<\/span><\/p>\n<p style=\"text-align: left;\"><span style=\"color: #000000;\">Sipas Malltezit procedurat p\u00ebr privatizimin e objektit kan\u00eb nisur n\u00eb vitin 2000. Inventarizimi i objekteve n\u00eb at\u00eb truall \u00ebsht\u00eb firmosur nga kryeministri Rama kur ky ishte kryetar bashkie.<\/span><\/p>\n<p style=\"text-align: left;\"><span style=\"color: #000000;\">Malltezi gjithashtu thot\u00eb se ka patur mund\u00ebsi t\u00eb largohej jasht\u00eb shtetit duke qen\u00eb dhe profesor doktor, por jetoi n\u00eb Shqip\u00ebri edhe duke qen\u00eb n\u00eb dijeni t\u00eb procedimit nga SPAK.<\/span><\/p>\n<p style=\"text-align: left;\"><span style=\"color: #000000;\"><strong>Jamarb\u00ebr Malltezi:<\/strong><em>\u00a0Nuk e dija q\u00eb isha un\u00eb armiku. T\u00eb gjitha procedurat p\u00ebr privatizimin e objektit, kan\u00eb nisur n\u00eb vitin 2000. Inventarizimi \u00ebsht\u00eb firmosur nga kryeministri aktual Edi Rama, q\u00eb ne at\u00eb koh\u00eb ishte kryetar bashkie. E gjith\u00eb prona\u00a0 nuk\u00a0 ka q\u00ebn\u00eb zon\u00eb sportive, si\u00e7 pretendon prokuroria, por ka q\u00ebn\u00eb pjes\u00ebrisht sportive dhe pjes\u00ebrisht banimi. Zona sportive ka qene me uzurpues t\u00eb pa ligjsh\u00ebm i cili pretendonte se e kishte t\u00eb regjistruar shoq\u00ebri aksionere Kf Partizani. Vet\u00eb ministria e Mbrojtjes n\u00eb koh\u00ebn e Pandeli Majkos ka hapur nj\u00eb proces gjyq\u00ebsor n\u00eb Gjykat\u00ebn e Tiran\u00ebs. N\u00eb at\u00eb koh\u00eb gjykata shfuqizoi Kf Partizanin t\u00eb regjistrohej si shoq\u00ebri aksionere. Un\u00eb jam profesor doktor dhe jetoj n\u00eb Shqip\u00ebri edhe pse kam patur mund\u00ebsi t\u00eb largohem. Hetimi prej vitit 2020 po mbahej q\u00ebllimisht dhe un\u00eb kam qen\u00eb n\u00eb dijeni t\u00eb k\u00ebtij procedimi.<\/em><\/span><\/p>\n","protected":false,"gt_translate_keys":[{"key":"rendered","format":"html"}]},"excerpt":{"rendered":"<p>Zbardhet d\u00ebshmia e Jamarb\u00ebr Malltezit n\u00eb GJKKO dit\u00ebn e sotme. N\u00eb seanc\u00ebn e sotme dh\u00ebndri i ish-kryeministrit Berisha u njoh m\u00eb mas\u00ebn e \u201cArrestit me burg\u201d p\u00ebr privatizimin e ish kompleksit Partizani. Sipas Malltezit procedurat p\u00ebr privatizimin e objektit kan\u00eb nisur n\u00eb vitin 2000. Inventarizimi i objekteve n\u00eb at\u00eb truall \u00ebsht\u00eb firmosur nga kryeministri Rama [&hellip;]<\/p>\n","protected":false,"gt_translate_keys":[{"key":"rendered","format":"html"}]},"author":4,"featured_media":625869,"comment_status":"closed","ping_status":"closed","sticky":false,"template":"","format":"standard","meta":{"footnotes":""},"categories":[65],"tags":[],"class_list":["post-625892","post","type-post","status-publish","format-standard","has-post-thumbnail","hentry","category-lajme"],"gt_translate_keys":[{"key":"link","format":"url"}],"_links":{"self":[{"href":"https:\/\/www.hashtag.al\/index.php\/wp-json\/wp\/v2\/posts\/625892","targetHints":{"allow":["GET"]}}],"collection":[{"href":"https:\/\/www.hashtag.al\/index.php\/wp-json\/wp\/v2\/posts"}],"about":[{"href":"https:\/\/www.hashtag.al\/index.php\/wp-json\/wp\/v2\/types\/post"}],"author":[{"embeddable":true,"href":"https:\/\/www.hashtag.al\/index.php\/wp-json\/wp\/v2\/users\/4"}],"replies":[{"embeddable":true,"href":"https:\/\/www.hashtag.al\/index.php\/wp-json\/wp\/v2\/comments?post=625892"}],"version-history":[{"count":0,"href":"https:\/\/www.hashtag.al\/index.php\/wp-json\/wp\/v2\/posts\/625892\/revisions"}],"wp:featuredmedia":[{"embeddable":true,"href":"https:\/\/www.hashtag.al\/index.php\/wp-json\/wp\/v2\/media\/625869"}],"wp:attachment":[{"href":"https:\/\/www.hashtag.al\/index.php\/wp-json\/wp\/v2\/media?parent=625892"}],"wp:term":[{"taxonomy":"category","embeddable":true,"href":"https:\/\/www.hashtag.al\/index.php\/wp-json\/wp\/v2\/categories?post=625892"},{"taxonomy":"post_tag","embeddable":true,"href":"https:\/\/www.hashtag.al\/index.php\/wp-json\/wp\/v2\/tags?post=625892"}],"curies":[{"name":"wp","href":"https:\/\/api.w.org\/{rel}","templated":true}]}}