{"id":625885,"date":"2023-10-23T20:46:10","date_gmt":"2023-10-23T18:46:10","guid":{"rendered":"https:\/\/www.hashtag.al\/?p=625885"},"modified":"2023-10-23T20:46:10","modified_gmt":"2023-10-23T18:46:10","slug":"trillim-e-burg-politik-berisha-isha-i-pergatitur-per-prangosjen-e-malltezit","status":"publish","type":"post","link":"https:\/\/www.hashtag.al\/index.php\/2023\/10\/23\/trillim-e-burg-politik-berisha-isha-i-pergatitur-per-prangosjen-e-malltezit\/","title":{"rendered":"\u201cTrillim e burg politik\u201d &#8211;\u00a0 Berisha: Isha i p\u00ebrgatitur p\u00ebr prangosjen e Malltezit","gt_translate_keys":[{"key":"rendered","format":"text"}]},"content":{"rendered":"<p><span style=\"color: #000000;\"><a style=\"color: #000000;\" href=\"https:\/\/www.hashtag.al\/wp-content\/uploads\/2023\/10\/berisha.png\"><img loading=\"lazy\" decoding=\"async\" class=\"aligncenter size-full wp-image-625886\" src=\"https:\/\/www.hashtag.al\/wp-content\/uploads\/2023\/10\/berisha.png\" alt=\"\" width=\"1266\" height=\"780\" srcset=\"https:\/\/www.hashtag.al\/wp-content\/uploads\/2023\/10\/berisha.png 1266w, https:\/\/www.hashtag.al\/wp-content\/uploads\/2023\/10\/berisha-300x185.png 300w, https:\/\/www.hashtag.al\/wp-content\/uploads\/2023\/10\/berisha-1024x631.png 1024w, https:\/\/www.hashtag.al\/wp-content\/uploads\/2023\/10\/berisha-768x473.png 768w\" sizes=\"auto, (max-width: 1266px) 100vw, 1266px\" \/><\/a><\/span><\/p>\n<p><span style=\"color: #000000;\">\u201cTrillim fund e krye\u201d, ka cil\u00ebsuar Sali Berisha prangosjen e dh\u00ebndrit t\u00eb tij, Jamarb\u00ebr Malltezit dhe akuzat q\u00eb r\u00ebndojn\u00eb mbi t\u00eb.<\/span><\/p>\n<p><span style=\"color: #000000;\">Ish-kryeministri Sali Berisha tregoi nj\u00eb intervist\u00eb p\u00ebr Euronews Albania se ishte n\u00eb sht\u00ebpin\u00eb e tij duke lexuar kur e mori vesh lajmin p\u00ebr arrestimin e dh\u00ebndrit t\u00eb tij, Jamarb\u00ebr Malltezi pasi u njoftua nga disa miq t\u00eb tij.<\/span><\/p>\n<p><span style=\"color: #000000;\">\u201c<em>E mora vesh, m\u00eb njoftuan. K\u00ebta kishin shum\u00eb koh\u00eb, duke mos pasur asnj\u00eb fakt, dokument, nuk e kishin shpallur person n\u00ebn hetim dhe tani q\u00eb e kan\u00eb arrestuar s\u2019e kan\u00eb arrestuar si t\u00eb akuzuar p\u00ebr vep\u00ebr penale, e kan\u00eb arrestuar si person n\u00ebn hetim. Dhe \u00e7far\u00eb b\u00ebnin k\u00ebta? Her\u00eb pas here p\u00ebr t\u00eb m\u00eb b\u00ebr\u00eb presion mua th\u00ebrrisnin gazetar\u00eb t\u00eb paguar prej tyre dhe ju thoshin q\u00eb Abi Malltezi do t\u00eb arrestohet. Keni gati mandatin e arrestit, por k\u00ebto s\u2019m\u00eb b\u00ebn\u00eb mua asnj\u00eb p\u00ebrshtypje, sikund\u00ebr s\u2019m\u00eb b\u00ebri as ajo q\u00eb mora vesh<\/em>,\u201d \u2013 u shpreh Berisha.<\/span><\/p>\n<p><span style=\"color: #000000;\">Ai tha se ndihet keq p\u00ebr situat\u00ebn pasi duksh\u00ebm b\u00ebhet fjal\u00eb p\u00ebr nj\u00eb burgim politik, por \u00ebsht\u00eb i p\u00ebrgatitur p\u00ebr t\u00eb tilla gj\u00ebra.<\/span><\/p>\n","protected":false,"gt_translate_keys":[{"key":"rendered","format":"html"}]},"excerpt":{"rendered":"<p>\u201cTrillim fund e krye\u201d, ka cil\u00ebsuar Sali Berisha prangosjen e dh\u00ebndrit t\u00eb tij, Jamarb\u00ebr Malltezit dhe akuzat q\u00eb r\u00ebndojn\u00eb mbi t\u00eb. Ish-kryeministri Sali Berisha tregoi nj\u00eb intervist\u00eb p\u00ebr Euronews Albania se ishte n\u00eb sht\u00ebpin\u00eb e tij duke lexuar kur e mori vesh lajmin p\u00ebr arrestimin e dh\u00ebndrit t\u00eb tij, Jamarb\u00ebr Malltezi pasi u njoftua nga [&hellip;]<\/p>\n","protected":false,"gt_translate_keys":[{"key":"rendered","format":"html"}]},"author":32,"featured_media":625886,"comment_status":"closed","ping_status":"closed","sticky":false,"template":"","format":"standard","meta":{"footnotes":""},"categories":[65,13],"tags":[],"class_list":["post-625885","post","type-post","status-publish","format-standard","has-post-thumbnail","hentry","category-lajme","category-te-fundit"],"gt_translate_keys":[{"key":"link","format":"url"}],"_links":{"self":[{"href":"https:\/\/www.hashtag.al\/index.php\/wp-json\/wp\/v2\/posts\/625885","targetHints":{"allow":["GET"]}}],"collection":[{"href":"https:\/\/www.hashtag.al\/index.php\/wp-json\/wp\/v2\/posts"}],"about":[{"href":"https:\/\/www.hashtag.al\/index.php\/wp-json\/wp\/v2\/types\/post"}],"author":[{"embeddable":true,"href":"https:\/\/www.hashtag.al\/index.php\/wp-json\/wp\/v2\/users\/32"}],"replies":[{"embeddable":true,"href":"https:\/\/www.hashtag.al\/index.php\/wp-json\/wp\/v2\/comments?post=625885"}],"version-history":[{"count":0,"href":"https:\/\/www.hashtag.al\/index.php\/wp-json\/wp\/v2\/posts\/625885\/revisions"}],"wp:featuredmedia":[{"embeddable":true,"href":"https:\/\/www.hashtag.al\/index.php\/wp-json\/wp\/v2\/media\/625886"}],"wp:attachment":[{"href":"https:\/\/www.hashtag.al\/index.php\/wp-json\/wp\/v2\/media?parent=625885"}],"wp:term":[{"taxonomy":"category","embeddable":true,"href":"https:\/\/www.hashtag.al\/index.php\/wp-json\/wp\/v2\/categories?post=625885"},{"taxonomy":"post_tag","embeddable":true,"href":"https:\/\/www.hashtag.al\/index.php\/wp-json\/wp\/v2\/tags?post=625885"}],"curies":[{"name":"wp","href":"https:\/\/api.w.org\/{rel}","templated":true}]}}