{"id":625880,"date":"2023-10-23T20:36:25","date_gmt":"2023-10-23T18:36:25","guid":{"rendered":"https:\/\/www.hashtag.al\/?p=625880"},"modified":"2023-10-23T20:36:25","modified_gmt":"2023-10-23T18:36:25","slug":"te-akuzosh-nje-familje-te-vjeter-tiranase-se-ka-kontrate-me-nje-familje-tjeter-kerkon-guxim-avokati-i-malltezit-komenton-vendimin-e-gjykates","status":"publish","type":"post","link":"https:\/\/www.hashtag.al\/index.php\/2023\/10\/23\/te-akuzosh-nje-familje-te-vjeter-tiranase-se-ka-kontrate-me-nje-familje-tjeter-kerkon-guxim-avokati-i-malltezit-komenton-vendimin-e-gjykates\/","title":{"rendered":"\u201cT\u00eb akuzosh nj\u00eb familje t\u00eb vjet\u00ebr tiranase se ka kontrat\u00eb me nj\u00eb familje tjet\u00ebr k\u00ebrkon guxim\u201d &#8211; Avokati i Malltezit komenton vendimin e gjykat\u00ebs","gt_translate_keys":[{"key":"rendered","format":"text"}]},"content":{"rendered":"<p><span style=\"color: #000000;\"><a style=\"color: #000000;\" href=\"https:\/\/www.hashtag.al\/wp-content\/uploads\/2023\/10\/avokati-i-malltezit-770x424-1.jpg\"><img loading=\"lazy\" decoding=\"async\" class=\"aligncenter size-full wp-image-625881\" src=\"https:\/\/www.hashtag.al\/wp-content\/uploads\/2023\/10\/avokati-i-malltezit-770x424-1.jpg\" alt=\"\" width=\"770\" height=\"424\" srcset=\"https:\/\/www.hashtag.al\/wp-content\/uploads\/2023\/10\/avokati-i-malltezit-770x424-1.jpg 770w, https:\/\/www.hashtag.al\/wp-content\/uploads\/2023\/10\/avokati-i-malltezit-770x424-1-300x165.jpg 300w, https:\/\/www.hashtag.al\/wp-content\/uploads\/2023\/10\/avokati-i-malltezit-770x424-1-768x423.jpg 768w\" sizes=\"auto, (max-width: 770px) 100vw, 770px\" \/><\/a><\/span><\/p>\n<p><span style=\"color: #000000;\">Avokati i Jamarb\u00ebr Malltezit foli p\u00ebr mediat pasi Gjykata e Posa\u00e7me la n\u00eb fuqi vendimin e arrestit me burg p\u00ebr klientin e tij.<\/span><\/p>\n<p><span style=\"color: #000000;\">Avokati i tij mbrojt\u00ebs tha se ai po akuzohet p\u00ebr nj\u00eb marr\u00ebveshje civile me nj\u00eb familje t\u00eb vjet\u00ebr tiranase.<\/span><\/p>\n<p><span style=\"color: #000000;\">Pas seanc\u00ebs, ai theksoi se po cenohet parimi i barazis\u00eb juridike.<\/span><\/p>\n<p><span style=\"color: #000000;\">\u201c<em>Personat n\u00ebn hetim jan\u00eb p\u00ebrball\u00eb nj\u00eb marr\u00ebdh\u00ebnie civile t\u00eb past\u00ebr, nuk mund t\u00eb aludohet q\u00eb me an\u00eb t\u00eb ligjeve apo VKM-ve q\u00eb jan\u00eb kund\u00ebrshtuar t\u00eb pretendohet kryerja e veprave penale.<\/em><\/span><\/p>\n<p><span style=\"color: #000000;\"><em>Q\u00ebndrimi jon\u00eb n\u00eb raport me akuzat \u00ebsht\u00eb nj\u00eb q\u00ebndrim mohues. K\u00ebt\u00eb e them me bindje pasi kemi par\u00eb aq sa mund\u00ebm fashikujt n\u00eb gjykat\u00eb. T\u00eb akuzosh nj\u00eb familje t\u00eb vjet\u00ebr tiranase q\u00eb \u00ebsht\u00eb familja Begeja q\u00eb ka lidhur nj\u00eb kontrat\u00eb me nj\u00eb familje tjet\u00ebr tiranase, \u00ebsht\u00eb shum\u00eb e guximshme. Standardi i provueshm\u00ebris\u00eb \u00ebsht\u00eb shum\u00eb i ul\u00ebt dhe n\u00eb k\u00ebt\u00eb vend po cenohet parimi i siguris\u00eb juridike<\/em>\u201d, theksoi Avokati.<\/span><\/p>\n","protected":false,"gt_translate_keys":[{"key":"rendered","format":"html"}]},"excerpt":{"rendered":"<p>Avokati i Jamarb\u00ebr Malltezit foli p\u00ebr mediat pasi Gjykata e Posa\u00e7me la n\u00eb fuqi vendimin e arrestit me burg p\u00ebr klientin e tij. Avokati i tij mbrojt\u00ebs tha se ai po akuzohet p\u00ebr nj\u00eb marr\u00ebveshje civile me nj\u00eb familje t\u00eb vjet\u00ebr tiranase. Pas seanc\u00ebs, ai theksoi se po cenohet parimi i barazis\u00eb juridike. \u201cPersonat n\u00ebn [&hellip;]<\/p>\n","protected":false,"gt_translate_keys":[{"key":"rendered","format":"html"}]},"author":32,"featured_media":625881,"comment_status":"closed","ping_status":"closed","sticky":false,"template":"","format":"standard","meta":{"footnotes":""},"categories":[65,13],"tags":[],"class_list":["post-625880","post","type-post","status-publish","format-standard","has-post-thumbnail","hentry","category-lajme","category-te-fundit"],"gt_translate_keys":[{"key":"link","format":"url"}],"_links":{"self":[{"href":"https:\/\/www.hashtag.al\/index.php\/wp-json\/wp\/v2\/posts\/625880","targetHints":{"allow":["GET"]}}],"collection":[{"href":"https:\/\/www.hashtag.al\/index.php\/wp-json\/wp\/v2\/posts"}],"about":[{"href":"https:\/\/www.hashtag.al\/index.php\/wp-json\/wp\/v2\/types\/post"}],"author":[{"embeddable":true,"href":"https:\/\/www.hashtag.al\/index.php\/wp-json\/wp\/v2\/users\/32"}],"replies":[{"embeddable":true,"href":"https:\/\/www.hashtag.al\/index.php\/wp-json\/wp\/v2\/comments?post=625880"}],"version-history":[{"count":0,"href":"https:\/\/www.hashtag.al\/index.php\/wp-json\/wp\/v2\/posts\/625880\/revisions"}],"wp:featuredmedia":[{"embeddable":true,"href":"https:\/\/www.hashtag.al\/index.php\/wp-json\/wp\/v2\/media\/625881"}],"wp:attachment":[{"href":"https:\/\/www.hashtag.al\/index.php\/wp-json\/wp\/v2\/media?parent=625880"}],"wp:term":[{"taxonomy":"category","embeddable":true,"href":"https:\/\/www.hashtag.al\/index.php\/wp-json\/wp\/v2\/categories?post=625880"},{"taxonomy":"post_tag","embeddable":true,"href":"https:\/\/www.hashtag.al\/index.php\/wp-json\/wp\/v2\/tags?post=625880"}],"curies":[{"name":"wp","href":"https:\/\/api.w.org\/{rel}","templated":true}]}}