{"id":625749,"date":"2023-10-23T13:00:22","date_gmt":"2023-10-23T11:00:22","guid":{"rendered":"https:\/\/www.hashtag.al\/?p=625749"},"modified":"2023-10-23T13:00:22","modified_gmt":"2023-10-23T11:00:22","slug":"berisha-artan-lame-ka-zhdukur-13-mije-tituj-pronash-nga-kadastra","status":"publish","type":"post","link":"https:\/\/www.hashtag.al\/index.php\/2023\/10\/23\/berisha-artan-lame-ka-zhdukur-13-mije-tituj-pronash-nga-kadastra\/","title":{"rendered":"Berisha: Artan Lame ka zhdukur 13 mij\u00eb tituj pronash nga Kadastra","gt_translate_keys":[{"key":"rendered","format":"text"}]},"content":{"rendered":"<p><span style=\"font-weight: 400; color: #000000;\"><img loading=\"lazy\" decoding=\"async\" class=\"alignnone size-full wp-image-625750\" src=\"https:\/\/www.hashtag.al\/wp-content\/uploads\/2023\/10\/1698058111_saliberisha.jpeg\" alt=\"\" width=\"780\" height=\"440\" srcset=\"https:\/\/www.hashtag.al\/wp-content\/uploads\/2023\/10\/1698058111_saliberisha.jpeg 780w, https:\/\/www.hashtag.al\/wp-content\/uploads\/2023\/10\/1698058111_saliberisha-300x169.jpeg 300w, https:\/\/www.hashtag.al\/wp-content\/uploads\/2023\/10\/1698058111_saliberisha-768x433.jpeg 768w\" sizes=\"auto, (max-width: 780px) 100vw, 780px\" \/><\/span><\/p>\n<p><span style=\"font-weight: 400; color: #000000;\">Ish-kryeministri Sali Berisha ka dit\u00ebn e sotme nga selia blu p\u00ebr mediat se ish-kreu i Kadastr\u00ebs, Artan Lame, ka vjedhur 13 mij\u00eb tituj pronash nga ky institucion.<\/span><\/p>\n<p><span style=\"font-weight: 400; color: #000000;\">Ai u shpreh se Lame s\u00eb bashku me \u201chajdut\u00ebt e tij\u201d ka zhdukur 13 mij\u00eb titujt me pretendimin se kishte \u201c\u00e7rregullime\u201d.<\/span><\/p>\n<p><span style=\"font-weight: 400; color: #000000;\">Berisha shtoi se Artan Lame do jap\u00eb llogari p\u00ebr \u00e7do titull q\u00eb ka vjedhur n\u00eb regjistrin digjital t\u00eb Kadastr\u00ebs sepse sipas tij fatmir\u00ebsisht ka nj\u00eb arkiv\u00eb p\u00ebr to.<\/span><\/p>\n<p><span style=\"color: #000000;\"><i><span style=\"font-weight: 400;\">\u201cEdi Rama dhe larot p\u00ebrdor\u00ebn argument ndaj meje ndryshimin e institucioneve p\u00ebr kthimin e pronave. N\u00eb k\u00ebt\u00eb rast shtoj se ishte ky model q\u00eb arriti n\u00eb digjitalizimin e Kadastr\u00ebs. Proces t\u00eb cilin pas certifikimit nga Banka Bot\u00ebrore, kjo e fundit e rekomandoi edhe p\u00ebr vende t\u00eb tjera.<\/span><\/i><\/span><\/p>\n<p><span style=\"color: #000000;\"><i><span style=\"font-weight: 400;\">N\u00eb k\u00ebt\u00eb Kadast\u00ebr digjitale, Artan Lame dhe hajdut\u00ebt e tij kan\u00eb zhdukur 13 mij\u00eb tituj pronash me pretendimin se kishte \u00e7rregullime. Artan Lame do jap\u00eb llogari p\u00ebr \u00e7do titull q\u00eb ka vjedhur n\u00eb regjistrin digjital sepse ka nj\u00eb arkiv\u00eb fatmir\u00ebsisht\u201d,<\/span><\/i><span style=\"font-weight: 400;\"> u shpreh ai.<\/span><\/span><\/p>\n","protected":false,"gt_translate_keys":[{"key":"rendered","format":"html"}]},"excerpt":{"rendered":"<p>Ish-kryeministri Sali Berisha ka dit\u00ebn e sotme nga selia blu p\u00ebr mediat se ish-kreu i Kadastr\u00ebs, Artan Lame, ka vjedhur 13 mij\u00eb tituj pronash nga ky institucion. Ai u shpreh se Lame s\u00eb bashku me \u201chajdut\u00ebt e tij\u201d ka zhdukur 13 mij\u00eb titujt me pretendimin se kishte \u201c\u00e7rregullime\u201d. Berisha shtoi se Artan Lame do jap\u00eb [&hellip;]<\/p>\n","protected":false,"gt_translate_keys":[{"key":"rendered","format":"html"}]},"author":4,"featured_media":625750,"comment_status":"closed","ping_status":"closed","sticky":false,"template":"","format":"standard","meta":{"footnotes":""},"categories":[65],"tags":[],"class_list":["post-625749","post","type-post","status-publish","format-standard","has-post-thumbnail","hentry","category-lajme"],"gt_translate_keys":[{"key":"link","format":"url"}],"_links":{"self":[{"href":"https:\/\/www.hashtag.al\/index.php\/wp-json\/wp\/v2\/posts\/625749","targetHints":{"allow":["GET"]}}],"collection":[{"href":"https:\/\/www.hashtag.al\/index.php\/wp-json\/wp\/v2\/posts"}],"about":[{"href":"https:\/\/www.hashtag.al\/index.php\/wp-json\/wp\/v2\/types\/post"}],"author":[{"embeddable":true,"href":"https:\/\/www.hashtag.al\/index.php\/wp-json\/wp\/v2\/users\/4"}],"replies":[{"embeddable":true,"href":"https:\/\/www.hashtag.al\/index.php\/wp-json\/wp\/v2\/comments?post=625749"}],"version-history":[{"count":0,"href":"https:\/\/www.hashtag.al\/index.php\/wp-json\/wp\/v2\/posts\/625749\/revisions"}],"wp:featuredmedia":[{"embeddable":true,"href":"https:\/\/www.hashtag.al\/index.php\/wp-json\/wp\/v2\/media\/625750"}],"wp:attachment":[{"href":"https:\/\/www.hashtag.al\/index.php\/wp-json\/wp\/v2\/media?parent=625749"}],"wp:term":[{"taxonomy":"category","embeddable":true,"href":"https:\/\/www.hashtag.al\/index.php\/wp-json\/wp\/v2\/categories?post=625749"},{"taxonomy":"post_tag","embeddable":true,"href":"https:\/\/www.hashtag.al\/index.php\/wp-json\/wp\/v2\/tags?post=625749"}],"curies":[{"name":"wp","href":"https:\/\/api.w.org\/{rel}","templated":true}]}}