{"id":625743,"date":"2023-10-23T12:51:11","date_gmt":"2023-10-23T10:51:11","guid":{"rendered":"https:\/\/www.hashtag.al\/?p=625743"},"modified":"2023-10-23T12:51:11","modified_gmt":"2023-10-23T10:51:11","slug":"partizani-u-nis-nga-nano-berisha-nuk-japin-dot-asnje-fakt-se-ne-procedurat-e-privatizimit-eshte-shkelur-ligji","status":"publish","type":"post","link":"https:\/\/www.hashtag.al\/index.php\/2023\/10\/23\/partizani-u-nis-nga-nano-berisha-nuk-japin-dot-asnje-fakt-se-ne-procedurat-e-privatizimit-eshte-shkelur-ligji\/","title":{"rendered":"&#8216;Partizani&#8217; u nis nga Nano, Berisha: Nuk japin dot asnj\u00eb fakt se n\u00eb procedurat e privatizimit \u00ebsht\u00eb shkelur ligji","gt_translate_keys":[{"key":"rendered","format":"text"}]},"content":{"rendered":"<p><span style=\"color: #000000;\"><a href=\"https:\/\/www.hashtag.al\/wp-content\/uploads\/2023\/10\/WhatsApp-Image-2023-10-23-at-12.32.18-768x512-1.jpeg\"><img loading=\"lazy\" decoding=\"async\" class=\"aligncenter size-full wp-image-625744\" src=\"https:\/\/www.hashtag.al\/wp-content\/uploads\/2023\/10\/WhatsApp-Image-2023-10-23-at-12.32.18-768x512-1.jpeg\" alt=\"\" width=\"768\" height=\"512\" srcset=\"https:\/\/www.hashtag.al\/wp-content\/uploads\/2023\/10\/WhatsApp-Image-2023-10-23-at-12.32.18-768x512-1.jpeg 768w, https:\/\/www.hashtag.al\/wp-content\/uploads\/2023\/10\/WhatsApp-Image-2023-10-23-at-12.32.18-768x512-1-300x200.jpeg 300w\" sizes=\"auto, (max-width: 768px) 100vw, 768px\" \/><\/a><\/span><\/p>\n<p><span style=\"color: #000000;\">Ish-kryeministri Sali Berisha ka p\u00ebrs\u00ebritur s\u00ebrish dit\u00ebn e sotme se procedura e privatizimit t\u00eb kompleksit t\u00eb klubit Partizani \u00ebsht\u00eb nisur nga ish-kryeministri socialist Fatos Nano dhe jo nga ai.<\/span><\/p>\n<p><span style=\"color: #000000;\">N\u00ebp\u00ebrmjet nj\u00eb deklarate, Berisha u shpreh se bazuar n\u00eb dokumente t\u00eb firmosura nga komandanti i FA, ky klub nuk ishte n\u00eb planin e hapjes s\u00eb pronave t\u00eb ushtris\u00eb. dhe nuk \u00ebsht\u00eb hequr nga ai me asnj\u00eb vendim apo propozim.<\/span><\/p>\n<p><span style=\"color: #000000;\">Ai shtoi se gjat\u00eb hetimit t\u00eb k\u00ebtij rasti nuk ka asnj\u00eb fakt apo prov\u00eb se n\u00eb procedurat e privatizimit \u00ebsht\u00eb shkelur ligji apo ndonj\u00eb praktik\u00eb ligjore e shtetit shqiptar.<\/span><\/p>\n<p><span style=\"color: #000000;\"><em>\u201cEdvini dhe larot e tij nuk jan\u00eb n\u00eb gjendje t\u00eb japin as edhe nj\u00eb fakt apo prov\u00eb se n\u00eb procedurat e privatizimit \u00ebsht\u00eb shkelur n\u00eb m\u00ebnyr\u00ebn m\u00eb t\u00eb vog\u00ebl ligji apo ndonj\u00eb praktik\u00eb ligjore e k\u00ebtij vendi. S\u00eb dyti n\u00eb Edvini dhe larot e tij skapist\u00eb pas m\u00eb shum\u00eb se 3 vitesh hetime nuk kan\u00eb gjetur qoft\u00eb edhe nj\u00eb dokument q\u00eb provon se toka e kthyer familjeve, mes tyre edhe Malltezi nuk ka qen\u00eb trash\u00ebgimi i e tyre n\u00eb breza, p\u00ebrve\u00e7 pishin\u00ebs q\u00eb ka qen\u00eb pjes\u00eb e klubit dhe ka qen\u00eb detyrim p\u00ebr t\u2019u privatizuar sipas ligjit. Me \u00e7mim tregu.<\/em><\/span><\/p>\n<p><span style=\"color: #000000;\"><em>N\u00eb hetimin 3 vje\u00e7ar Edvini dhe larot n\u00eb dhjet\u00ebra d\u00ebshmi t\u00eb punonj\u00ebsve publik\u00eb nuk kan\u00eb gjetur as pas 15 vitesh qoft\u00eb nj\u00eb person t\u00eb mohoj\u00eb se kemi pasur nd\u00ebrhyrjen m\u00eb t\u00eb vog\u00ebl nga un\u00eb apo Malltezi. P\u00ebr Malltezin kan\u00eb si d\u00ebshmi t\u00eb vetme at\u00eb t\u00eb nj\u00eb personi q\u00eb thot\u00eb se iu ofrua nj\u00eb apartament, por nuk mban mend kush ia ofroi.<\/em><\/span><\/p>\n<p><span style=\"color: #000000;\"><em>Klubi Partizani nuk ishte hequr nga Sali Berisha me asnj\u00eb vendim apo propozim t\u00eb tij. Ai bazuar n\u00eb dokumente t\u00eb firmosura nga komandanti i FA, ky klub nuk ishte n\u00eb planin e hapjes s\u00eb pronave t\u00eb ushtris\u00eb. Privatizimi i klubit Partizani nuk u nis nga Sali Berisha, por Fatos Nano, mir\u00ebpo Edi Rama i fshehin k\u00ebto dokumenta dhe k\u00ebt\u00eb fakt<\/em>\u201d, u shpreh Berisha.<\/span><\/p>\n","protected":false,"gt_translate_keys":[{"key":"rendered","format":"html"}]},"excerpt":{"rendered":"<p>Ish-kryeministri Sali Berisha ka p\u00ebrs\u00ebritur s\u00ebrish dit\u00ebn e sotme se procedura e privatizimit t\u00eb kompleksit t\u00eb klubit Partizani \u00ebsht\u00eb nisur nga ish-kryeministri socialist Fatos Nano dhe jo nga ai. N\u00ebp\u00ebrmjet nj\u00eb deklarate, Berisha u shpreh se bazuar n\u00eb dokumente t\u00eb firmosura nga komandanti i FA, ky klub nuk ishte n\u00eb planin e hapjes s\u00eb pronave [&hellip;]<\/p>\n","protected":false,"gt_translate_keys":[{"key":"rendered","format":"html"}]},"author":30,"featured_media":625744,"comment_status":"closed","ping_status":"closed","sticky":false,"template":"","format":"standard","meta":{"footnotes":""},"categories":[65],"tags":[],"class_list":["post-625743","post","type-post","status-publish","format-standard","has-post-thumbnail","hentry","category-lajme"],"gt_translate_keys":[{"key":"link","format":"url"}],"_links":{"self":[{"href":"https:\/\/www.hashtag.al\/index.php\/wp-json\/wp\/v2\/posts\/625743","targetHints":{"allow":["GET"]}}],"collection":[{"href":"https:\/\/www.hashtag.al\/index.php\/wp-json\/wp\/v2\/posts"}],"about":[{"href":"https:\/\/www.hashtag.al\/index.php\/wp-json\/wp\/v2\/types\/post"}],"author":[{"embeddable":true,"href":"https:\/\/www.hashtag.al\/index.php\/wp-json\/wp\/v2\/users\/30"}],"replies":[{"embeddable":true,"href":"https:\/\/www.hashtag.al\/index.php\/wp-json\/wp\/v2\/comments?post=625743"}],"version-history":[{"count":0,"href":"https:\/\/www.hashtag.al\/index.php\/wp-json\/wp\/v2\/posts\/625743\/revisions"}],"wp:featuredmedia":[{"embeddable":true,"href":"https:\/\/www.hashtag.al\/index.php\/wp-json\/wp\/v2\/media\/625744"}],"wp:attachment":[{"href":"https:\/\/www.hashtag.al\/index.php\/wp-json\/wp\/v2\/media?parent=625743"}],"wp:term":[{"taxonomy":"category","embeddable":true,"href":"https:\/\/www.hashtag.al\/index.php\/wp-json\/wp\/v2\/categories?post=625743"},{"taxonomy":"post_tag","embeddable":true,"href":"https:\/\/www.hashtag.al\/index.php\/wp-json\/wp\/v2\/tags?post=625743"}],"curies":[{"name":"wp","href":"https:\/\/api.w.org\/{rel}","templated":true}]}}