{"id":625150,"date":"2023-10-20T20:11:49","date_gmt":"2023-10-20T18:11:49","guid":{"rendered":"https:\/\/www.hashtag.al\/?p=625150"},"modified":"2023-10-20T20:11:49","modified_gmt":"2023-10-20T18:11:49","slug":"begaj-vizite-3-ditore-ne-kalabri-te-italise-gjate-mandatit-tim-do-te-vizitoj-cdo-vend-ku-ka-shqiptare","status":"publish","type":"post","link":"https:\/\/www.hashtag.al\/index.php\/2023\/10\/20\/begaj-vizite-3-ditore-ne-kalabri-te-italise-gjate-mandatit-tim-do-te-vizitoj-cdo-vend-ku-ka-shqiptare\/","title":{"rendered":"Begaj vizit\u00eb 3-ditore n\u00eb Kalabri t\u00eb Italis\u00eb: Gjat\u00eb mandatit tim do t\u00eb vizitoj \u00e7do vend ku ka shqiptar\u00eb","gt_translate_keys":[{"key":"rendered","format":"text"}]},"content":{"rendered":"<p style=\"text-align: left;\"><span style=\"color: #000000;\"><img loading=\"lazy\" decoding=\"async\" class=\"alignnone size-full wp-image-625153\" src=\"https:\/\/www.hashtag.al\/wp-content\/uploads\/2023\/10\/1697808546_Screenshot4-770x434-2.jpg\" alt=\"\" width=\"770\" height=\"434\" srcset=\"https:\/\/www.hashtag.al\/wp-content\/uploads\/2023\/10\/1697808546_Screenshot4-770x434-2.jpg 770w, https:\/\/www.hashtag.al\/wp-content\/uploads\/2023\/10\/1697808546_Screenshot4-770x434-2-300x169.jpg 300w, https:\/\/www.hashtag.al\/wp-content\/uploads\/2023\/10\/1697808546_Screenshot4-770x434-2-768x433.jpg 768w\" sizes=\"auto, (max-width: 770px) 100vw, 770px\" \/>Sot <\/span><\/p>\n<p style=\"text-align: left;\"><span style=\"color: #000000;\">Presidenti i Republik\u00ebs s\u00eb Shqip\u00ebris\u00eb, Bajram Begaj, zhvilloi dit\u00ebn e par\u00eb t\u00eb turit tij n\u00eb Kalabri.<\/span><\/p>\n<p style=\"text-align: left;\"><span style=\"color: #000000;\">Pas Katanxaros ai u ndal n\u00eb Pallagorio, n\u00eb krahin\u00ebn e Krotones, qytez\u00eb q\u00eb njihet n\u00eb gjuh\u00ebn arb\u00ebreshe me emrin Puheri.<\/span><\/p>\n<p style=\"text-align: left;\"><span style=\"color: #000000;\">Kreu i shtetit u prit nga autoritetet vendore dhe komuniteti arb\u00ebresh me ceremoni festive dhe t\u00eb hareshme. Flamuj shqiptar\u00eb dhe italian\u00eb, tinguj t\u00eb himnit komb\u00ebtar dhe t\u00eb valleve arb\u00ebresh\u00eb, e shoq\u00ebruan kreun e shtetit p\u00ebrgjat\u00eb gjith\u00eb takimeve me banor\u00ebt n\u00eb fshatrat e k\u00ebsaj krahine.<\/span><\/p>\n<p style=\"text-align: left;\"><span style=\"color: #000000;\">Presidenti i Republik\u00ebs u prit nga qytetar\u00eb t\u00eb shumt\u00eb n\u00eb \u201cCarfizzi\u201d dhe n\u00eb sheshin qendror u zbulua nj\u00eb pllaakat\u00eb e vendosur ne dedikim t\u00eb k\u00ebsaj vizite. Ceremoia kulmoi n\u00eb Pallagario, aty ku gjendet dhe kisha me dy \u201cK\u00ebmbanat q\u00eb Flasin\u201d.<\/span><\/p>\n<p style=\"text-align: left;\"><span style=\"color: #000000;\">Nga sheshi \u201cSanta Filomena\u201d, Presidenti Begaj iu drejtua t\u00eb pranishm\u00ebve m\u00eb nj\u00eb fjalim, ku vler\u00ebsoi bashk\u00ebpunimin mes Shqip\u00ebris\u00eb dhe Italis\u00eb n\u00eb forcimin e lidhjeve historike, kulturore dhe ekonomike.<\/span><\/p>\n<p style=\"text-align: left;\"><span style=\"color: #000000;\"><em>\u201cP\u00ebrvec an\u00ebs institucionale, kjo vizit\u00eb ka dhe nj\u00eb an\u00eb shum\u00eb t\u00eb madhe emocionale. \u00cbsht\u00eb emocion jasht\u00ebzakonisht i fort\u00eb t\u00eb shikosh k\u00ebta f\u00ebmij\u00eb t\u00eb vegj\u00ebl me flamurin shqiptar dhe italian dhe t\u00eb p\u00ebrshendesin shqip \u201dMir\u00ebseerdh\u00ebt!\u201d<\/em><\/span><\/p>\n<p style=\"text-align: left;\"><span style=\"color: #000000;\"><em>Para pak muajsh b\u00ebra nj\u00eb vizit\u00eb shtet\u00ebrore dhe u takova me Presidentin Matarela dhe dit\u00ebn pasuese b\u00ebra nj\u00eb vizit\u00eb n\u00eb \u201cVila Badesa\u201d. Shqiptar\u00eb t\u00eb l\u00ebvizur 400 vite m\u00eb par\u00eb nga Jugu i Shqip\u00ebris\u00eb. Ajo q\u00eb \u00ebshte p\u00ebrbashk\u00ebt me at\u00eb q\u00eb shoh sot, \u00ebsht\u00eb se ata mor\u00ebn me vete dhe nj\u00eb pjes\u00eb t\u00eb ushqimit t\u00eb tyre shpirt\u00ebror q\u00eb un\u00eb e pash k\u00ebtu brenda n\u00eb kish\u00eb .<\/em><\/span><\/p>\n<p style=\"text-align: left;\"><span style=\"color: #000000;\"><em>Jam k\u00ebtu p\u00ebr te vler\u00ebsuar t\u00eb gjitha autoritetet dhe figurat e shquara t\u00eb arb\u00ebresh\u00ebve t\u00eb Kalabris\u00eb. Anselmo Lorecchio \u00ebsht\u00eb nj\u00ebri prej tyre. Nuk reshti p\u00ebr 40 vjet duke mbrojtur \u00e7\u00ebshtjen e vendlindjes s\u00eb tij.<\/em><\/span><\/p>\n<p style=\"text-align: left;\"><span style=\"color: #000000;\"><em>I pash dhe nga dy kambanat e familjes s\u00eb tij q\u00eb jan\u00eb prezente. Ja thash dhe dikujt nga familja q\u00eb p\u00ebr mua , p\u00ebrkthimi i asaj q\u00eb pash i atyre dy kambanave t\u00eb orientuara dhe q\u00eb shikojn\u00eb nga Shqip\u00ebria; nj\u00ebra tregon p\u00ebr dashurin\u00eb e madhe q\u00eb ju keni p\u00ebr vendin tuaj , p\u00ebr Shqip\u00ebrin\u00eb dhe Italin\u00eb. P\u00ebr sh\u00ebndetin dhe p\u00ebr t\u00eb mirat e Italis\u00eb dhe Shqip\u00ebris\u00eb dhe tjetra q\u00eb ka t\u00eb b\u00ebj\u00eb me mbrojtjen e gj\u00ebrave t\u00eb ve\u00e7anta, q\u00eb kan\u00eb t\u00eb b\u00ebjn\u00eb me atdheun ton\u00eb, gjuh\u00ebn kultur\u00ebn tradit\u00ebn , zakonet, veshjet tona. Sot i shpreh Italis\u00eb mike q\u00eb ne jemi shum\u00eb mir\u00ebnjoh\u00ebs. Ne shqiptar\u00ebt kemi nj\u00eb fjal\u00eb t\u00eb urt\u00eb q\u00eb thot\u00eb:\u201d Miku i mir\u00eb njihet n\u00eb dit\u00eb t\u00eb v\u00ebshtira. Dhe nuk ka m\u00eb t\u00eb mir\u00eb se sa marr\u00ebdh\u00ebnia jon\u00eb mes dy shteteve.\u201d<\/em><\/span><\/p>\n<p style=\"text-align: left;\"><span style=\"color: #000000;\"><em>Jemi shum\u00eb af\u00ebr, na ndan nj\u00eb det, por kemi dhe nj\u00eb bashk\u00ebsi shqiptar\u00ebsh t\u00eb ardhur 600 vjet m\u00eb par\u00eb dhe nj\u00eb bashk\u00ebsi t\u00eb re shqiptar\u00ebsh t\u00eb ardhur 32 vjet m\u00eb par\u00eb , q\u00eb jan\u00eb shum\u00eb mir\u00eb t\u00eb integruar n\u00eb shoq\u00ebrin\u00eb italiane. Faleminderit shum\u00eb familjeve italiane , shtetit italian p\u00ebr gjith\u00e7ka q\u00eb ka b\u00ebr\u00eb p\u00ebr shqiptar\u00ebt. Kemi shum\u00eb mund\u00ebsi dhe duhet t\u00eb punojm\u00eb q\u00eb k\u00ebto mund\u00ebsi t\u2019i shfryt\u00ebzojm\u00eb me oportunitete p\u00ebr t\u00eb b\u00ebr\u00eb shum\u00eb gj\u00ebra n\u00eb interes t\u00eb p\u00ebrbashk\u00ebt t\u00eb dy vendeve. Un\u00eb ju siguroj q\u00eb kjo nuk do t\u00eb jet\u00eb vizita ime e fundit n\u00eb k\u00ebt\u00eb vend t\u00eb mrekulluesh\u00ebm . Gjat\u00eb gjith\u00eb mandatit tim do t\u00eb shkoj n\u00eb \u00e7do vend ku ka shqiptar\u00eb, ku ka arb\u00ebresh\u201d.<\/em><\/span><\/p>\n","protected":false,"gt_translate_keys":[{"key":"rendered","format":"html"}]},"excerpt":{"rendered":"<p>Sot Presidenti i Republik\u00ebs s\u00eb Shqip\u00ebris\u00eb, Bajram Begaj, zhvilloi dit\u00ebn e par\u00eb t\u00eb turit tij n\u00eb Kalabri. Pas Katanxaros ai u ndal n\u00eb Pallagorio, n\u00eb krahin\u00ebn e Krotones, qytez\u00eb q\u00eb njihet n\u00eb gjuh\u00ebn arb\u00ebreshe me emrin Puheri. Kreu i shtetit u prit nga autoritetet vendore dhe komuniteti arb\u00ebresh me ceremoni festive dhe t\u00eb hareshme. Flamuj [&hellip;]<\/p>\n","protected":false,"gt_translate_keys":[{"key":"rendered","format":"html"}]},"author":4,"featured_media":625153,"comment_status":"closed","ping_status":"closed","sticky":false,"template":"","format":"standard","meta":{"footnotes":""},"categories":[65,1],"tags":[],"class_list":["post-625150","post","type-post","status-publish","format-standard","has-post-thumbnail","hentry","category-lajme","category-uncategorized"],"gt_translate_keys":[{"key":"link","format":"url"}],"_links":{"self":[{"href":"https:\/\/www.hashtag.al\/index.php\/wp-json\/wp\/v2\/posts\/625150","targetHints":{"allow":["GET"]}}],"collection":[{"href":"https:\/\/www.hashtag.al\/index.php\/wp-json\/wp\/v2\/posts"}],"about":[{"href":"https:\/\/www.hashtag.al\/index.php\/wp-json\/wp\/v2\/types\/post"}],"author":[{"embeddable":true,"href":"https:\/\/www.hashtag.al\/index.php\/wp-json\/wp\/v2\/users\/4"}],"replies":[{"embeddable":true,"href":"https:\/\/www.hashtag.al\/index.php\/wp-json\/wp\/v2\/comments?post=625150"}],"version-history":[{"count":0,"href":"https:\/\/www.hashtag.al\/index.php\/wp-json\/wp\/v2\/posts\/625150\/revisions"}],"wp:featuredmedia":[{"embeddable":true,"href":"https:\/\/www.hashtag.al\/index.php\/wp-json\/wp\/v2\/media\/625153"}],"wp:attachment":[{"href":"https:\/\/www.hashtag.al\/index.php\/wp-json\/wp\/v2\/media?parent=625150"}],"wp:term":[{"taxonomy":"category","embeddable":true,"href":"https:\/\/www.hashtag.al\/index.php\/wp-json\/wp\/v2\/categories?post=625150"},{"taxonomy":"post_tag","embeddable":true,"href":"https:\/\/www.hashtag.al\/index.php\/wp-json\/wp\/v2\/tags?post=625150"}],"curies":[{"name":"wp","href":"https:\/\/api.w.org\/{rel}","templated":true}]}}