{"id":624946,"date":"2023-10-20T11:05:55","date_gmt":"2023-10-20T09:05:55","guid":{"rendered":"https:\/\/www.hashtag.al\/?p=624946"},"modified":"2023-10-20T11:05:55","modified_gmt":"2023-10-20T09:05:55","slug":"turqia-kerkon-te-rrise-buxhetin-e-mbrojtjes-me-150","status":"publish","type":"post","link":"https:\/\/www.hashtag.al\/index.php\/2023\/10\/20\/turqia-kerkon-te-rrise-buxhetin-e-mbrojtjes-me-150\/","title":{"rendered":"Turqia k\u00ebrkon t\u00eb rris\u00eb buxhetin e mbrojtjes me 150%","gt_translate_keys":[{"key":"rendered","format":"text"}]},"content":{"rendered":"<p><img loading=\"lazy\" decoding=\"async\" class=\"aligncenter size-full wp-image-624949\" src=\"https:\/\/www.hashtag.al\/wp-content\/uploads\/2023\/10\/tanke-1.jpg\" alt=\"\" width=\"768\" height=\"432\" srcset=\"https:\/\/www.hashtag.al\/wp-content\/uploads\/2023\/10\/tanke-1.jpg 768w, https:\/\/www.hashtag.al\/wp-content\/uploads\/2023\/10\/tanke-1-300x169.jpg 300w\" sizes=\"auto, (max-width: 768px) 100vw, 768px\" \/><\/p>\n<p><span style=\"color: #000000;\">Qeveria turke do rris\u00eb shpenzimet e saj ushtarake me 150 p\u00ebr qind vitin e ardhsh\u00ebm, u tha ligjv\u00ebn\u00ebsve zv.presidenti Cevdet Yilmaz. Ekonomia e Turqis\u00eb ka penguar p\u00ebrpjekjet e saj p\u00ebr t\u00eb mbajtur ritmin me an\u00ebtar\u00ebt e tjer\u00eb t\u00eb NATO-s.<\/span><\/p>\n<p><span style=\"color: #000000;\">I zbuluar si pjes\u00eb e nj\u00eb plani m\u00eb t\u00eb gjer\u00eb zhvillimi kat\u00ebrvje\u00e7ar, buxheti i propozuar ushtarak p\u00ebr vitin 2024 do shihte rritjen e shpenzimeve t\u00eb mbrojtjes n\u00eb 1.13 trilion lira (mbi 40 miliard\u00eb dollar\u00eb), krahasuar me rreth 16 miliard\u00eb dollar\u00eb k\u00ebt\u00eb vit, tha Yilmaz. N\u00ebse miratohet, buxheti do tejkaloj\u00eb rekordin e vendosur n\u00eb vitin 2019, kur Turqia shpenzoi m\u00eb shum\u00eb se 20 miliard\u00eb dollar\u00eb p\u00ebr ushtrin\u00eb e saj, sipas Institutit Nd\u00ebrkomb\u00ebtar t\u00eb K\u00ebrkimit t\u00eb Paqes n\u00eb Stokholm (SIPRI).<\/span><\/p>\n<p><span style=\"color: #000000;\">Shpenzimet ushtarake t\u00eb vendit jan\u00eb p\u00ebrgjysmuar q\u00eb at\u00ebher\u00eb dhe jan\u00eb ulur n\u00ebn 2% t\u00eb PBB-s\u00eb t\u00eb k\u00ebrkuar nga NATO q\u00eb nga viti 2020.<\/span><\/p>\n<p><span style=\"color: #000000;\">Megjith\u00ebse presidenti turk Rexhep Tajip Erdogan ka forcuar n\u00eb m\u00ebnyr\u00eb mbres\u00ebl\u00ebn\u00ebse industrin\u00eb vendase t\u00eb arm\u00ebve n\u00eb Turqi, Ankaraja mbetet importuesi i 19-t\u00eb m\u00eb i madh i arm\u00ebve n\u00eb bot\u00eb, sipas shifrave t\u00eb SIPRI. Me ekonomin\u00eb turke t\u00eb shkat\u00ebrruar nga inflacioni vazhdimisht i lart\u00eb, ish-z\u00ebvend\u00ebsministri i Mbrojtjes Muhsin Dere pranoi n\u00eb maj se Ankaraja nuk ka qen\u00eb n\u00eb gjendje t\u00eb p\u00ebrballoj\u00eb mjaftuesh\u00ebm arm\u00eb dhe municione p\u00ebr disa vite.<\/span><\/p>\n<p><span style=\"color: #000000;\"><em>\u201cN\u00eb dasht\u00eb Zoti, gjendja ekonomike e Turqis\u00eb do jet\u00eb shum\u00eb m\u00eb e mir\u00eb dhe ne do plot\u00ebsojm\u00eb nevojat e ushtris\u00eb nga A n\u00eb Z,\u201d<\/em> tha ai n\u00eb at\u00eb koh\u00eb.<\/span><\/p>\n<p><span style=\"color: #000000;\">Yilmaz i tha parlamentit se eksportet turke t\u00eb arm\u00ebve pothuajse do dyfishohen vitin e ardhsh\u00ebm, nga 6 miliard\u00eb dollar\u00eb n\u00eb 11 miliard\u00eb dollar\u00eb, nd\u00ebrsa industria e mbrojtjes e vendit do jet\u00eb 86% e vet\u00ebmjaftueshme, nga 80% vitin e kaluar.<\/span><\/p>\n<p><span style=\"color: #000000;\">Megjithat\u00eb, deficiti buxhetor i Turqis\u00eb po rritet dhe arriti nj\u00eb munges\u00eb prej 4.6 miliard\u00eb dollar\u00ebsh n\u00eb shtator, pasi u regjistrua nj\u00eb suficit i ngusht\u00eb n\u00eb korrik dhe gusht. Qeveria ka rritur taksat e vler\u00ebs s\u00eb shtuar dhe t\u00eb naft\u00ebs n\u00eb nj\u00eb p\u00ebrpjekje p\u00ebr t\u00eb mbledhur para shtes\u00eb, megjith\u00ebse k\u00ebto rritje nuk do jen\u00eb t\u00eb mjaftueshme p\u00ebr t\u00eb mbuluar rritjen e propozuar t\u00eb shpenzimeve t\u00eb mbrojtjes, sipas gazet\u00ebs Duvar.<\/span><\/p>\n","protected":false,"gt_translate_keys":[{"key":"rendered","format":"html"}]},"excerpt":{"rendered":"<p>Qeveria turke do rris\u00eb shpenzimet e saj ushtarake me 150 p\u00ebr qind vitin e ardhsh\u00ebm, u tha ligjv\u00ebn\u00ebsve zv.presidenti Cevdet Yilmaz. Ekonomia e Turqis\u00eb ka penguar p\u00ebrpjekjet e saj p\u00ebr t\u00eb mbajtur ritmin me an\u00ebtar\u00ebt e tjer\u00eb t\u00eb NATO-s. I zbuluar si pjes\u00eb e nj\u00eb plani m\u00eb t\u00eb gjer\u00eb zhvillimi kat\u00ebrvje\u00e7ar, buxheti i propozuar ushtarak [&hellip;]<\/p>\n","protected":false,"gt_translate_keys":[{"key":"rendered","format":"html"}]},"author":51,"featured_media":624949,"comment_status":"closed","ping_status":"closed","sticky":false,"template":"","format":"standard","meta":{"footnotes":""},"categories":[53],"tags":[],"class_list":["post-624946","post","type-post","status-publish","format-standard","has-post-thumbnail","hentry","category-fast-foodi"],"gt_translate_keys":[{"key":"link","format":"url"}],"_links":{"self":[{"href":"https:\/\/www.hashtag.al\/index.php\/wp-json\/wp\/v2\/posts\/624946","targetHints":{"allow":["GET"]}}],"collection":[{"href":"https:\/\/www.hashtag.al\/index.php\/wp-json\/wp\/v2\/posts"}],"about":[{"href":"https:\/\/www.hashtag.al\/index.php\/wp-json\/wp\/v2\/types\/post"}],"author":[{"embeddable":true,"href":"https:\/\/www.hashtag.al\/index.php\/wp-json\/wp\/v2\/users\/51"}],"replies":[{"embeddable":true,"href":"https:\/\/www.hashtag.al\/index.php\/wp-json\/wp\/v2\/comments?post=624946"}],"version-history":[{"count":0,"href":"https:\/\/www.hashtag.al\/index.php\/wp-json\/wp\/v2\/posts\/624946\/revisions"}],"wp:featuredmedia":[{"embeddable":true,"href":"https:\/\/www.hashtag.al\/index.php\/wp-json\/wp\/v2\/media\/624949"}],"wp:attachment":[{"href":"https:\/\/www.hashtag.al\/index.php\/wp-json\/wp\/v2\/media?parent=624946"}],"wp:term":[{"taxonomy":"category","embeddable":true,"href":"https:\/\/www.hashtag.al\/index.php\/wp-json\/wp\/v2\/categories?post=624946"},{"taxonomy":"post_tag","embeddable":true,"href":"https:\/\/www.hashtag.al\/index.php\/wp-json\/wp\/v2\/tags?post=624946"}],"curies":[{"name":"wp","href":"https:\/\/api.w.org\/{rel}","templated":true}]}}