{"id":624841,"date":"2023-10-19T19:12:14","date_gmt":"2023-10-19T17:12:14","guid":{"rendered":"https:\/\/www.hashtag.al\/?p=624841"},"modified":"2023-10-19T19:12:14","modified_gmt":"2023-10-19T17:12:14","slug":"evakuohet-euro-aeroporti-basel-mulhouse-pas-alarmit-per-bombe","status":"publish","type":"post","link":"https:\/\/www.hashtag.al\/index.php\/2023\/10\/19\/evakuohet-euro-aeroporti-basel-mulhouse-pas-alarmit-per-bombe\/","title":{"rendered":"Evakuohet euro-aeroporti Basel-Mulhouse pas alarmit p\u00ebr bomb\u00eb","gt_translate_keys":[{"key":"rendered","format":"text"}]},"content":{"rendered":"<p><span style=\"color: #000000;\"><a href=\"https:\/\/www.hashtag.al\/wp-content\/uploads\/2023\/10\/basel-mulhouse.png\"><img loading=\"lazy\" decoding=\"async\" class=\"aligncenter size-full wp-image-624842\" src=\"https:\/\/www.hashtag.al\/wp-content\/uploads\/2023\/10\/basel-mulhouse.png\" alt=\"\" width=\"1081\" height=\"581\" srcset=\"https:\/\/www.hashtag.al\/wp-content\/uploads\/2023\/10\/basel-mulhouse.png 1081w, https:\/\/www.hashtag.al\/wp-content\/uploads\/2023\/10\/basel-mulhouse-300x161.png 300w, https:\/\/www.hashtag.al\/wp-content\/uploads\/2023\/10\/basel-mulhouse-1024x550.png 1024w, https:\/\/www.hashtag.al\/wp-content\/uploads\/2023\/10\/basel-mulhouse-768x413.png 768w\" sizes=\"auto, (max-width: 1081px) 100vw, 1081px\" \/><\/a><\/span><\/p>\n<p><span style=\"color: #000000;\">Euro-aeroporti Basel-Mulhouse \u00ebsht\u00eb evakuuar p\u00ebr shkak t\u00eb frik\u00ebs p\u00ebr bomb\u00eb.<\/span><\/p>\n<p><span style=\"color: #000000;\">Nj\u00eb z\u00ebdh\u00ebn\u00ebse e aeroportit konfirmoi nj\u00eb raport p\u00ebrkat\u00ebs p\u00ebr agjencin\u00eb e lajmeve Keystone-SDA.<\/span><\/p>\n<p><span style=\"color: #000000;\">Aeroporti, i cili ndodhet n\u00eb tok\u00ebn franceze, \u00ebsht\u00eb vet\u00ebm nj\u00eb nga shum\u00eb q\u00eb \u00ebsht\u00eb dashur t\u00eb mbyllet p\u00ebrkoh\u00ebsisht n\u00eb Franc\u00eb dit\u00ebt e fundit p\u00ebr shkak t\u00eb k\u00ebrc\u00ebnimeve me bomb\u00eb.<\/span><\/p>\n<p><span style=\"color: #000000;\">Pasagjer\u00ebt jan\u00eb transportuar nga aeroporti me autobus. Nuk kishte ende asnj\u00eb informacion t\u00eb m\u00ebtejsh\u00ebm n\u00ebse ishte nj\u00eb bomb\u00eb e v\u00ebrtet\u00eb apo nj\u00eb alarm i rrem\u00eb.<\/span><\/p>\n<p><span style=\"color: #000000;\">Jan\u00eb p\u00ebrdorur mjete t\u00eb shumta kontrolli dhe verifikimi dhe organet e siguris\u00eb po punojn\u00eb n\u00eb m\u00ebnyr\u00eb aktive p\u00ebr t&#8217;u kthyer sa m\u00eb shpejt n\u00eb gjendjen normale.<\/span><\/p>\n<p><span style=\"color: #000000;\">Nj\u00eb seri k\u00ebrc\u00ebnimesh me bomba vazhdojn\u00eb ta mbajn\u00eb Franc\u00ebn t\u00eb bllokuar pas vendosjes s\u00eb nivelit m\u00eb t\u00eb lart\u00eb t\u00eb alarmit terrorist. Ashtu si nj\u00eb dit\u00eb m\u00eb par\u00eb, nj\u00eb num\u00ebr aeroportesh rajonale u evakuuan p\u00ebrkoh\u00ebsisht t\u00eb enjten p\u00ebr shkak t\u00eb k\u00ebrc\u00ebnimeve me bomba. Aeroportet n\u00eb Montpellier, Nantes, Bordeaux dhe Lille u prek\u00ebn.<\/span><\/p>\n<p><a href=\"https:\/\/www.hashtag.al\/wp-content\/uploads\/2023\/10\/basel-po.png\"><img loading=\"lazy\" decoding=\"async\" class=\"aligncenter size-full wp-image-624844\" src=\"https:\/\/www.hashtag.al\/wp-content\/uploads\/2023\/10\/basel-po.png\" alt=\"\" width=\"954\" height=\"641\" srcset=\"https:\/\/www.hashtag.al\/wp-content\/uploads\/2023\/10\/basel-po.png 954w, https:\/\/www.hashtag.al\/wp-content\/uploads\/2023\/10\/basel-po-300x202.png 300w, https:\/\/www.hashtag.al\/wp-content\/uploads\/2023\/10\/basel-po-768x516.png 768w\" sizes=\"auto, (max-width: 954px) 100vw, 954px\" \/><\/a><\/p>\n","protected":false,"gt_translate_keys":[{"key":"rendered","format":"html"}]},"excerpt":{"rendered":"<p>Euro-aeroporti Basel-Mulhouse \u00ebsht\u00eb evakuuar p\u00ebr shkak t\u00eb frik\u00ebs p\u00ebr bomb\u00eb. Nj\u00eb z\u00ebdh\u00ebn\u00ebse e aeroportit konfirmoi nj\u00eb raport p\u00ebrkat\u00ebs p\u00ebr agjencin\u00eb e lajmeve Keystone-SDA. Aeroporti, i cili ndodhet n\u00eb tok\u00ebn franceze, \u00ebsht\u00eb vet\u00ebm nj\u00eb nga shum\u00eb q\u00eb \u00ebsht\u00eb dashur t\u00eb mbyllet p\u00ebrkoh\u00ebsisht n\u00eb Franc\u00eb dit\u00ebt e fundit p\u00ebr shkak t\u00eb k\u00ebrc\u00ebnimeve me bomb\u00eb. Pasagjer\u00ebt jan\u00eb transportuar [&hellip;]<\/p>\n","protected":false,"gt_translate_keys":[{"key":"rendered","format":"html"}]},"author":32,"featured_media":624842,"comment_status":"closed","ping_status":"closed","sticky":false,"template":"","format":"standard","meta":{"footnotes":""},"categories":[65,13],"tags":[],"class_list":["post-624841","post","type-post","status-publish","format-standard","has-post-thumbnail","hentry","category-lajme","category-te-fundit"],"gt_translate_keys":[{"key":"link","format":"url"}],"_links":{"self":[{"href":"https:\/\/www.hashtag.al\/index.php\/wp-json\/wp\/v2\/posts\/624841","targetHints":{"allow":["GET"]}}],"collection":[{"href":"https:\/\/www.hashtag.al\/index.php\/wp-json\/wp\/v2\/posts"}],"about":[{"href":"https:\/\/www.hashtag.al\/index.php\/wp-json\/wp\/v2\/types\/post"}],"author":[{"embeddable":true,"href":"https:\/\/www.hashtag.al\/index.php\/wp-json\/wp\/v2\/users\/32"}],"replies":[{"embeddable":true,"href":"https:\/\/www.hashtag.al\/index.php\/wp-json\/wp\/v2\/comments?post=624841"}],"version-history":[{"count":0,"href":"https:\/\/www.hashtag.al\/index.php\/wp-json\/wp\/v2\/posts\/624841\/revisions"}],"wp:featuredmedia":[{"embeddable":true,"href":"https:\/\/www.hashtag.al\/index.php\/wp-json\/wp\/v2\/media\/624842"}],"wp:attachment":[{"href":"https:\/\/www.hashtag.al\/index.php\/wp-json\/wp\/v2\/media?parent=624841"}],"wp:term":[{"taxonomy":"category","embeddable":true,"href":"https:\/\/www.hashtag.al\/index.php\/wp-json\/wp\/v2\/categories?post=624841"},{"taxonomy":"post_tag","embeddable":true,"href":"https:\/\/www.hashtag.al\/index.php\/wp-json\/wp\/v2\/tags?post=624841"}],"curies":[{"name":"wp","href":"https:\/\/api.w.org\/{rel}","templated":true}]}}