{"id":623976,"date":"2023-10-17T08:29:53","date_gmt":"2023-10-17T06:29:53","guid":{"rendered":"https:\/\/www.hashtag.al\/?p=623976"},"modified":"2023-10-17T08:29:53","modified_gmt":"2023-10-17T06:29:53","slug":"emmanuel-macron-sot-pritet-me-ceremoni-shteterore-nga-begaj-konference-me-ramen","status":"publish","type":"post","link":"https:\/\/www.hashtag.al\/index.php\/2023\/10\/17\/emmanuel-macron-sot-pritet-me-ceremoni-shteterore-nga-begaj-konference-me-ramen\/","title":{"rendered":"Emmanuel Macron sot pritet me ceremoni shtet\u00ebrore nga Begaj, konferenc\u00eb me Ram\u00ebn","gt_translate_keys":[{"key":"rendered","format":"text"}]},"content":{"rendered":"<p><span style=\"color: #000000;\"><a href=\"https:\/\/www.hashtag.al\/wp-content\/uploads\/2023\/10\/Screenshot-2023-10-17-082816.png\"><img loading=\"lazy\" decoding=\"async\" class=\"aligncenter size-full wp-image-623977\" src=\"https:\/\/www.hashtag.al\/wp-content\/uploads\/2023\/10\/Screenshot-2023-10-17-082816.png\" alt=\"\" width=\"975\" height=\"478\" srcset=\"https:\/\/www.hashtag.al\/wp-content\/uploads\/2023\/10\/Screenshot-2023-10-17-082816.png 975w, https:\/\/www.hashtag.al\/wp-content\/uploads\/2023\/10\/Screenshot-2023-10-17-082816-300x147.png 300w, https:\/\/www.hashtag.al\/wp-content\/uploads\/2023\/10\/Screenshot-2023-10-17-082816-768x377.png 768w\" sizes=\"auto, (max-width: 975px) 100vw, 975px\" \/><\/a><\/span><\/p>\n<p><span style=\"color: #000000;\">Presidenti francez Emmanuel Macron do t\u00eb vijoj\u00eb vizit\u00ebn zyrtare n\u00eb Tiran\u00eb, e para n\u00eb historin\u00eb mes dy shteteve.<\/span><\/p>\n<p><span style=\"color: #000000;\">N\u00eb or\u00ebn 08.25, Macron do t\u00eb pritet nga presidenti i Republik\u00ebs s\u00eb Shqip\u00ebris\u00eb, Bajram Begaj, ku do t\u00eb interpretohen himnet e dy vendeve e m\u00eb pas do t\u00eb kryhet kalimi para truproj\u00ebs s\u00eb nderit;\u00a0 M\u00eb tej, dy krer\u00ebt e shteteve prezantojn\u00eb ekipet e tyre respektive, nd\u00ebrsa Macron do t\u00eb n\u00ebnshkruaj\u00eb n\u00eb librin e t\u00eb ftuarve. Kjo ceremoni do t\u00eb pasohet nga fotoja zyrtare dhe m\u00eb pas do t\u00eb mbahet nj\u00eb takim kok\u00eb m\u00eb kok\u00eb mes dy president\u00ebve.<\/span><\/p>\n<p><span style=\"color: #000000;\">M\u00eb pas Macron do t&#8217;i drejtohet kryeministris\u00eb, ku do t\u00eb n\u00ebnshkruaj\u00eb me qeverin\u00eb shqiptare marr\u00ebveshje ekonomike dhe bashk\u00ebpunimi mes dy vendeve. N\u00eb 11:30 pritet t\u00eb ket\u00eb edhe nj\u00eb konferenc\u00eb p\u00ebr shtyp me Ram\u00ebn.<\/span><\/p>\n<p><span style=\"color: #000000;\">Macron mb\u00ebrriti n\u00eb Tiran\u00eb nj\u00eb dit\u00eb m\u00eb par\u00eb dhe e nisi vizit\u00ebn e par\u00eb zyrtare me nj\u00eb ceremoni n\u00eb Pallatin e Brigadave ku i ka dor\u00ebzuar shkrimtarit t\u00eb madh shqiptar Ismail Kadare dekorat\u00ebn m\u00eb t\u00eb lart\u00eb t\u00eb Republik\u00ebs s\u00eb Franc\u00ebs \u201cOficeri i Madh i Legjionit t\u00eb Nderit\u201d.<\/span><\/p>\n","protected":false,"gt_translate_keys":[{"key":"rendered","format":"html"}]},"excerpt":{"rendered":"<p>Presidenti francez Emmanuel Macron do t\u00eb vijoj\u00eb vizit\u00ebn zyrtare n\u00eb Tiran\u00eb, e para n\u00eb historin\u00eb mes dy shteteve. N\u00eb or\u00ebn 08.25, Macron do t\u00eb pritet nga presidenti i Republik\u00ebs s\u00eb Shqip\u00ebris\u00eb, Bajram Begaj, ku do t\u00eb interpretohen himnet e dy vendeve e m\u00eb pas do t\u00eb kryhet kalimi para truproj\u00ebs s\u00eb nderit;\u00a0 M\u00eb tej, dy [&hellip;]<\/p>\n","protected":false,"gt_translate_keys":[{"key":"rendered","format":"html"}]},"author":30,"featured_media":623977,"comment_status":"closed","ping_status":"closed","sticky":false,"template":"","format":"standard","meta":{"footnotes":""},"categories":[65],"tags":[],"class_list":["post-623976","post","type-post","status-publish","format-standard","has-post-thumbnail","hentry","category-lajme"],"gt_translate_keys":[{"key":"link","format":"url"}],"_links":{"self":[{"href":"https:\/\/www.hashtag.al\/index.php\/wp-json\/wp\/v2\/posts\/623976","targetHints":{"allow":["GET"]}}],"collection":[{"href":"https:\/\/www.hashtag.al\/index.php\/wp-json\/wp\/v2\/posts"}],"about":[{"href":"https:\/\/www.hashtag.al\/index.php\/wp-json\/wp\/v2\/types\/post"}],"author":[{"embeddable":true,"href":"https:\/\/www.hashtag.al\/index.php\/wp-json\/wp\/v2\/users\/30"}],"replies":[{"embeddable":true,"href":"https:\/\/www.hashtag.al\/index.php\/wp-json\/wp\/v2\/comments?post=623976"}],"version-history":[{"count":0,"href":"https:\/\/www.hashtag.al\/index.php\/wp-json\/wp\/v2\/posts\/623976\/revisions"}],"wp:featuredmedia":[{"embeddable":true,"href":"https:\/\/www.hashtag.al\/index.php\/wp-json\/wp\/v2\/media\/623977"}],"wp:attachment":[{"href":"https:\/\/www.hashtag.al\/index.php\/wp-json\/wp\/v2\/media?parent=623976"}],"wp:term":[{"taxonomy":"category","embeddable":true,"href":"https:\/\/www.hashtag.al\/index.php\/wp-json\/wp\/v2\/categories?post=623976"},{"taxonomy":"post_tag","embeddable":true,"href":"https:\/\/www.hashtag.al\/index.php\/wp-json\/wp\/v2\/tags?post=623976"}],"curies":[{"name":"wp","href":"https:\/\/api.w.org\/{rel}","templated":true}]}}