{"id":623599,"date":"2023-10-15T22:02:07","date_gmt":"2023-10-15T20:02:07","guid":{"rendered":"https:\/\/www.hashtag.al\/?p=623599"},"modified":"2023-10-15T22:02:07","modified_gmt":"2023-10-15T20:02:07","slug":"shpesh-shtremberojne-te-verteten-jane-te-keqija-putin-sulmon-mediat-amerikane","status":"publish","type":"post","link":"https:\/\/www.hashtag.al\/index.php\/2023\/10\/15\/shpesh-shtremberojne-te-verteten-jane-te-keqija-putin-sulmon-mediat-amerikane\/","title":{"rendered":"\u201cShpesh shtremb\u00ebrojn\u00eb t\u00eb v\u00ebrtet\u00ebn, jan\u00eb t\u00eb k\u00ebqija\u201d &#8211; Putin sulmon mediat amerikane","gt_translate_keys":[{"key":"rendered","format":"text"}]},"content":{"rendered":"<p><span style=\"color: #000000;\"><img loading=\"lazy\" decoding=\"async\" class=\"aligncenter size-full wp-image-623600\" src=\"https:\/\/www.hashtag.al\/wp-content\/uploads\/2023\/10\/putin.jpg\" alt=\"\" width=\"768\" height=\"432\" srcset=\"https:\/\/www.hashtag.al\/wp-content\/uploads\/2023\/10\/putin.jpg 768w, https:\/\/www.hashtag.al\/wp-content\/uploads\/2023\/10\/putin-300x169.jpg 300w\" sizes=\"auto, (max-width: 768px) 100vw, 768px\" \/><\/span><\/p>\n<p><span style=\"color: #000000;\">Presidenti rus Vladimir Putin ka nxitur gazetar\u00ebt q\u00eb t\u00eb lexojn\u00eb m\u00eb pak mediat amerikane. <\/span><\/p>\n<p><span style=\"color: #000000;\">V\u00ebrejtja erdhi gjat\u00eb nj\u00eb konference p\u00ebr shtyp n\u00eb kryeqytetin e Kirgistanit, Bishkek, n\u00eb p\u00ebrgjigje t\u00eb nj\u00eb pyetjeje n\u00eb lidhje me raportet se baza ajrore ruse Kant n\u00eb Kirgistan ishte braktisur p\u00ebr shkak t\u00eb konfliktit n\u00eb Ukrain\u00eb. <\/span><\/p>\n<p><span style=\"color: #000000;\"><em>\u201cMediat amerikane thon\u00eb se t\u00eb gjitha pajisjet jan\u00eb n\u00eb Ukrain\u00eb dhe se baza Kant \u00ebsht\u00eb e shkret\u00eb,\u201d<\/em> pohoi nj\u00eb gazetar i Izvestia n\u00eb konferenc\u00ebn p\u00ebr shtyp. <\/span><\/p>\n<p><span style=\"color: #000000;\">Ai nuk specifikoi se cilat media amerikane kishin b\u00ebr\u00eb pretendime t\u00eb tilla. <\/span><\/p>\n<p><span style=\"color: #000000;\"><em>\u201cJu po i lexoni m\u00eb kot mediat amerikane\u201d<\/em>, i tha Putin gazetarit q\u00eb kishte b\u00ebr\u00eb pyetjen. <em>\u201cS\u00eb pari, ato shum\u00eb shpesh e shtremb\u00ebrojn\u00eb t\u00eb v\u00ebrtet\u00ebn. Mjafton t\u00eb d\u00ebgjoni ish-presidentin e Shteteve t\u00eb Bashkuara. D\u00ebgjojeni at\u00eb, ai do t&#8217;ju jap\u00eb nj\u00eb p\u00ebrshkrim t\u00eb mir\u00eb t\u00eb nivelit t\u00eb tanish\u00ebm t\u00eb zhvillimit t\u00eb medias amerikane,&#8221;<\/em> tha presidenti, duke iu referuar me sa duket Donald Trump dhe shtoi se mediat amerikane \u2018do t&#8217;ju m\u00ebsojn\u00eb gj\u00ebra t\u00eb k\u00ebqija\u2019. <\/span><\/p>\n<p><span style=\"color: #000000;\">Putin k\u00ebmb\u00ebnguli se baza ushtarake Kant mbetet aktive dhe vazhdon t\u00eb veproj\u00eb si nj\u00eb \u2018faktor parandalues \u200b\u200bp\u00ebr ekstremist\u00ebt e ndrysh\u00ebm\u2019. <\/span><\/p>\n<p><span style=\"color: #000000;\">Ai shtoi se aty ka edhe nj\u00eb nj\u00ebsi t\u00eb aviacionit aktiv q\u00eb p\u00ebrfshin avion\u00eb luftarak\u00eb dhe helikopter\u00eb. <em>&#8220;Ata jan\u00eb n\u00eb Kant, n\u00eb detyr\u00eb dhe sh\u00ebrbim luftarak,&#8221;<\/em> tha Putin.<\/span><\/p>\n","protected":false,"gt_translate_keys":[{"key":"rendered","format":"html"}]},"excerpt":{"rendered":"<p>Presidenti rus Vladimir Putin ka nxitur gazetar\u00ebt q\u00eb t\u00eb lexojn\u00eb m\u00eb pak mediat amerikane. V\u00ebrejtja erdhi gjat\u00eb nj\u00eb konference p\u00ebr shtyp n\u00eb kryeqytetin e Kirgistanit, Bishkek, n\u00eb p\u00ebrgjigje t\u00eb nj\u00eb pyetjeje n\u00eb lidhje me raportet se baza ajrore ruse Kant n\u00eb Kirgistan ishte braktisur p\u00ebr shkak t\u00eb konfliktit n\u00eb Ukrain\u00eb. \u201cMediat amerikane thon\u00eb se t\u00eb [&hellip;]<\/p>\n","protected":false,"gt_translate_keys":[{"key":"rendered","format":"html"}]},"author":51,"featured_media":623600,"comment_status":"closed","ping_status":"closed","sticky":false,"template":"","format":"standard","meta":{"footnotes":""},"categories":[53],"tags":[],"class_list":["post-623599","post","type-post","status-publish","format-standard","has-post-thumbnail","hentry","category-fast-foodi"],"gt_translate_keys":[{"key":"link","format":"url"}],"_links":{"self":[{"href":"https:\/\/www.hashtag.al\/index.php\/wp-json\/wp\/v2\/posts\/623599","targetHints":{"allow":["GET"]}}],"collection":[{"href":"https:\/\/www.hashtag.al\/index.php\/wp-json\/wp\/v2\/posts"}],"about":[{"href":"https:\/\/www.hashtag.al\/index.php\/wp-json\/wp\/v2\/types\/post"}],"author":[{"embeddable":true,"href":"https:\/\/www.hashtag.al\/index.php\/wp-json\/wp\/v2\/users\/51"}],"replies":[{"embeddable":true,"href":"https:\/\/www.hashtag.al\/index.php\/wp-json\/wp\/v2\/comments?post=623599"}],"version-history":[{"count":0,"href":"https:\/\/www.hashtag.al\/index.php\/wp-json\/wp\/v2\/posts\/623599\/revisions"}],"wp:featuredmedia":[{"embeddable":true,"href":"https:\/\/www.hashtag.al\/index.php\/wp-json\/wp\/v2\/media\/623600"}],"wp:attachment":[{"href":"https:\/\/www.hashtag.al\/index.php\/wp-json\/wp\/v2\/media?parent=623599"}],"wp:term":[{"taxonomy":"category","embeddable":true,"href":"https:\/\/www.hashtag.al\/index.php\/wp-json\/wp\/v2\/categories?post=623599"},{"taxonomy":"post_tag","embeddable":true,"href":"https:\/\/www.hashtag.al\/index.php\/wp-json\/wp\/v2\/tags?post=623599"}],"curies":[{"name":"wp","href":"https:\/\/api.w.org\/{rel}","templated":true}]}}