{"id":623146,"date":"2023-10-13T21:40:00","date_gmt":"2023-10-13T19:40:00","guid":{"rendered":"https:\/\/www.hashtag.al\/?p=623146"},"modified":"2023-10-13T21:40:00","modified_gmt":"2023-10-13T19:40:00","slug":"netanyahu-ky-eshte-vetem-fillimi-do-zhdukim-hamasin","status":"publish","type":"post","link":"https:\/\/www.hashtag.al\/index.php\/2023\/10\/13\/netanyahu-ky-eshte-vetem-fillimi-do-zhdukim-hamasin\/","title":{"rendered":"Netanyahu: Ky \u00ebsht\u00eb vet\u00ebm fillimi, do zhdukim Hamasin","gt_translate_keys":[{"key":"rendered","format":"text"}]},"content":{"rendered":"<p><span style=\"color: #000000;\"><a style=\"color: #000000;\" href=\"https:\/\/www.hashtag.al\/wp-content\/uploads\/2023\/03\/netanyahu.jpg\"><img loading=\"lazy\" decoding=\"async\" class=\"aligncenter size-full wp-image-586509\" src=\"https:\/\/www.hashtag.al\/wp-content\/uploads\/2023\/03\/netanyahu.jpg\" alt=\"\" width=\"980\" height=\"551\" srcset=\"https:\/\/www.hashtag.al\/wp-content\/uploads\/2023\/03\/netanyahu.jpg 980w, https:\/\/www.hashtag.al\/wp-content\/uploads\/2023\/03\/netanyahu-300x169.jpg 300w, https:\/\/www.hashtag.al\/wp-content\/uploads\/2023\/03\/netanyahu-768x432.jpg 768w\" sizes=\"auto, (max-width: 980px) 100vw, 980px\" \/><\/a><\/span><\/p>\n<p><span style=\"color: #000000;\">Kryeministri izraelit, Benjamin Netanyahu ka folur rreth zhvillimeve t\u00eb fundit n\u00eb vend dhe konfliktit me militant\u00ebt e Hamasit.<\/span><\/p>\n<p><span style=\"color: #000000;\">I pari i qeveris\u00eb s\u00eb Izraelit deklaroi se ushtria po kryen sulme t\u00eb papara ndaj armiqve dhe ky \u00ebsht\u00eb vet\u00ebm fillim i fundit t\u00eb Hamasit.<\/span><\/p>\n<p><span style=\"color: #000000;\">\u201cNe po godasim armiqt\u00eb tan\u00eb me nj\u00eb fuqi t\u00eb papar\u00eb \u2013 ky \u00ebsht\u00eb vet\u00ebm fillimi\u201d, tha ai.<\/span><\/p>\n<p><span style=\"color: #000000;\">Netanyahu shton se Izraeli po mbledh \u201cmb\u00ebshtetje t\u00eb jasht\u00ebzakonshme nd\u00ebrkomb\u00ebtare\u201d, raporton Skynews.<\/span><\/p>\n<p><span style=\"color: #000000;\">\u201cNe do ta zhdukim Hamasin dhe do t\u00eb sjellim fitoren\u201d, pohoi kryeministri izraelit.<\/span><\/p>\n<p><span style=\"color: #000000;\">Ai gjithashtu ka b\u00ebr\u00eb t\u00eb ditur se ka folur me familjet q\u00eb kan\u00eb humbur t\u00eb dashurit dhe Izraeli \u201cnuk do t\u2019i harroj\u00eb kurr\u00eb k\u00ebto akte t\u00eb tmerrshme t\u00eb armiqve tan\u00eb\u201d.<\/span><\/p>\n<p><span style=\"color: #000000;\">Ndryshe, Izraeli ka filluar nj\u00eb kund\u00ebrofensiv\u00eb ndaj militant\u00ebve t\u00eb Hamasit, pasi kjo e fundit sulmoi papritur shtetin izraelit.<\/span><\/p>\n<p>&nbsp;<\/p>\n","protected":false,"gt_translate_keys":[{"key":"rendered","format":"html"}]},"excerpt":{"rendered":"<p>Kryeministri izraelit, Benjamin Netanyahu ka folur rreth zhvillimeve t\u00eb fundit n\u00eb vend dhe konfliktit me militant\u00ebt e Hamasit. I pari i qeveris\u00eb s\u00eb Izraelit deklaroi se ushtria po kryen sulme t\u00eb papara ndaj armiqve dhe ky \u00ebsht\u00eb vet\u00ebm fillim i fundit t\u00eb Hamasit. \u201cNe po godasim armiqt\u00eb tan\u00eb me nj\u00eb fuqi t\u00eb papar\u00eb \u2013 ky [&hellip;]<\/p>\n","protected":false,"gt_translate_keys":[{"key":"rendered","format":"html"}]},"author":32,"featured_media":586509,"comment_status":"closed","ping_status":"closed","sticky":false,"template":"","format":"standard","meta":{"footnotes":""},"categories":[6,13],"tags":[],"class_list":["post-623146","post","type-post","status-publish","format-standard","has-post-thumbnail","hentry","category-nderkombetare","category-te-fundit"],"gt_translate_keys":[{"key":"link","format":"url"}],"_links":{"self":[{"href":"https:\/\/www.hashtag.al\/index.php\/wp-json\/wp\/v2\/posts\/623146","targetHints":{"allow":["GET"]}}],"collection":[{"href":"https:\/\/www.hashtag.al\/index.php\/wp-json\/wp\/v2\/posts"}],"about":[{"href":"https:\/\/www.hashtag.al\/index.php\/wp-json\/wp\/v2\/types\/post"}],"author":[{"embeddable":true,"href":"https:\/\/www.hashtag.al\/index.php\/wp-json\/wp\/v2\/users\/32"}],"replies":[{"embeddable":true,"href":"https:\/\/www.hashtag.al\/index.php\/wp-json\/wp\/v2\/comments?post=623146"}],"version-history":[{"count":0,"href":"https:\/\/www.hashtag.al\/index.php\/wp-json\/wp\/v2\/posts\/623146\/revisions"}],"wp:featuredmedia":[{"embeddable":true,"href":"https:\/\/www.hashtag.al\/index.php\/wp-json\/wp\/v2\/media\/586509"}],"wp:attachment":[{"href":"https:\/\/www.hashtag.al\/index.php\/wp-json\/wp\/v2\/media?parent=623146"}],"wp:term":[{"taxonomy":"category","embeddable":true,"href":"https:\/\/www.hashtag.al\/index.php\/wp-json\/wp\/v2\/categories?post=623146"},{"taxonomy":"post_tag","embeddable":true,"href":"https:\/\/www.hashtag.al\/index.php\/wp-json\/wp\/v2\/tags?post=623146"}],"curies":[{"name":"wp","href":"https:\/\/api.w.org\/{rel}","templated":true}]}}