{"id":623027,"date":"2023-10-13T13:52:54","date_gmt":"2023-10-13T11:52:54","guid":{"rendered":"https:\/\/www.hashtag.al\/?p=623027"},"modified":"2023-10-13T13:52:54","modified_gmt":"2023-10-13T11:52:54","slug":"kryetari-i-listes-serbe-prishtina-duhet-ti-shpalle-sa-me-shpejt-zgjedhjet-ne-veri-ne-jemi-te-gatshem-te-marrim-pjese-ne-to","status":"publish","type":"post","link":"https:\/\/www.hashtag.al\/index.php\/2023\/10\/13\/kryetari-i-listes-serbe-prishtina-duhet-ti-shpalle-sa-me-shpejt-zgjedhjet-ne-veri-ne-jemi-te-gatshem-te-marrim-pjese-ne-to\/","title":{"rendered":"Kryetari i List\u00ebs Serbe: Prishtina duhet t&#8217;i shpall\u00eb sa m\u00eb shpejt zgjedhjet n\u00eb veri, ne jemi t\u00eb gatsh\u00ebm t\u00eb marrim pjes\u00eb n\u00eb to","gt_translate_keys":[{"key":"rendered","format":"text"}]},"content":{"rendered":"<p><img loading=\"lazy\" decoding=\"async\" class=\"alignnone size-full wp-image-623028\" src=\"https:\/\/www.hashtag.al\/wp-content\/uploads\/2023\/10\/goran_rakic.webp\" alt=\"\" width=\"775\" height=\"436\" srcset=\"https:\/\/www.hashtag.al\/wp-content\/uploads\/2023\/10\/goran_rakic.webp 775w, https:\/\/www.hashtag.al\/wp-content\/uploads\/2023\/10\/goran_rakic-300x169.webp 300w, https:\/\/www.hashtag.al\/wp-content\/uploads\/2023\/10\/goran_rakic-768x432.webp 768w\" sizes=\"auto, (max-width: 775px) 100vw, 775px\" \/><\/p>\n<p><span style=\"font-weight: 400; color: #000000;\">Kryetari i List\u00ebs Serbe, Goran Rakiq, sot u ka b\u00ebr\u00eb thirrje autoriteteve n\u00eb Prishtin\u00eb q\u00eb sa m\u00eb par\u00eb t\u00eb shpallin zgjedhjet p\u00ebr kryetar\u00eb t\u00eb rinj dhe asamble komunale n\u00eb veri, me mesazhin se jan\u00eb t\u00eb gatsh\u00ebm t\u00eb marrin pjes\u00eb n\u00eb to.<\/span><\/p>\n<p><span style=\"font-weight: 400; color: #000000;\">Rakiq n\u00eb konferenc\u00ebn p\u00ebr media tha se \u201ctopi tani \u00ebsht\u00eb n\u00eb fush\u00ebn e Prishtin\u00ebs\u201d.<\/span><\/p>\n<p><span style=\"font-weight: 400; color: #000000;\"><em>&#8220;Duhet q\u00eb k\u00ebta kryetar\u00eb komunash dhe k\u00ebshilltar\u00eb t\u00eb rrem\u00eb, t\u00eb paligjsh\u00ebm dhe jolegjitim\u00eb, t\u00eb cil\u00ebt me muaj t\u00eb t\u00ebr\u00eb po trazojn\u00eb qytetar\u00ebt tan\u00eb, menj\u00ebher\u00eb t\u00eb japin dor\u00ebheqjen dhe t\u00eb largohen nga nd\u00ebrtesat tona, sepse ata nuk jan\u00eb p\u00ebrfaq\u00ebsues t\u00eb popullit ton\u00eb. Q\u00ebllimi i tyre i vet\u00ebm \u00ebsht\u00eb t\u00eb trazojn\u00eb qytetar\u00ebt tan\u00eb&#8221;<\/em>, tha Rakiq.<\/span><\/p>\n<p><span style=\"font-weight: 400; color: #000000;\">Ai paralajm\u00ebroi se jeta e popullit serb po v\u00ebshtir\u00ebsohet \u00e7do dit\u00eb e m\u00eb shum\u00eb dhe se presionet ndaj serb\u00ebve dhe Serbis\u00eb jan\u00eb t\u00eb papar\u00eb.<\/span><\/p>\n<p><span style=\"color: #000000;\"><em><span style=\"font-weight: 400;\">&#8220;Regjimi i Kurtit nuk ndalet s\u00eb frik\u00ebsuari popullin serb duke shkelur marr\u00ebveshjet, ligjet dhe t\u00eb gjitha t\u00eb drejtat e popullit serb. Ne duhet t\u00eb jemi t\u00eb bashkuar dhe t\u00eb bashkuar dhe n\u00eb k\u00ebto kushte t\u00eb pamundura, t\u00eb p\u00ebrpiqemi t\u00eb jemi rrobaqep\u00ebs t\u00eb fatit ton\u00eb dhe t\u00eb mbrojm\u00eb populli\u201d, tha Rakiq dhe shtoi se Lista Serbe gjithmon\u00eb merrte vendime politike n\u00eb interes t\u00eb qytetar\u00ebve dhe duke mos shikuar n\u00ebse ata ishin t\u00eb njohur apo jo.<\/span><\/em><\/span><\/p>\n<p><span style=\"font-weight: 400; color: #000000;\">Po ashtu, theksoi Rakiq, vendimet politike jan\u00eb marr\u00eb gjithmon\u00eb n\u00eb koordinim me Beogradin.<\/span><\/p>\n<p><span style=\"font-weight: 400; color: #000000;\"><em>\u201cPrandaj k\u00ebt\u00eb her\u00eb do t\u00eb d\u00ebgjojm\u00eb k\u00ebshill\u00ebn e presidentit Vu\u00e7iq dhe sot po d\u00ebrgojm\u00eb mesazhin se jemi t\u00eb gatsh\u00ebm t\u00eb marrim pjes\u00eb n\u00eb zgjedhjet n\u00eb veri t\u00eb Kosov\u00ebs dhe Metohis\u00eb dhe n\u00eb k\u00ebt\u00eb m\u00ebnyr\u00eb t\u00eb inkurajojm\u00eb nj\u00eb proces politik dhe dialog q\u00eb do t\u00eb \u00e7onte n\u00eb p\u00ebrmbushjen e kushteve tona, t\u00eb cilat i kemi theksuar disa her\u00eb deri m\u00eb tani, prandaj k\u00ebrkojm\u00eb nga Prishtina q\u00eb sa m\u00eb par\u00eb t\u00eb shpall\u00eb zgjedhje t\u00eb jasht\u00ebzakonshme lokale p\u00ebr kryetar\u00eb dhe k\u00ebshilltar\u00eb n\u00eb t\u00eb kat\u00ebr komunat n\u00eb veri t\u00eb Kosov\u00ebs dhe Metohis\u00eb\u201d<\/em>, tha Rakiq.<\/span><\/p>\n<p><span style=\"font-weight: 400; color: #000000;\">Ai theksoi se me t\u00ebrheqjen nga institucionet ia dol\u00ebn t\u00eb devijojn\u00eb d\u00ebshir\u00ebn e opinionit bot\u00ebror se Kosova nuk \u00ebsht\u00eb \u00e7\u00ebshtje e zgjidhur, se populli serb po vuan dhe se \u00ebsht\u00eb e nevojshme t\u00eb formohet Asociacioni i Komunave Serbe.<\/span><\/p>\n<p><span style=\"font-weight: 400; color: #000000;\">Kurti n\u00eb veri po e persekuton popullin ton\u00eb dhe po na rr\u00ebmben tok\u00ebn n\u00ebn mask\u00ebn e shpron\u00ebsimit. N\u00ebn mask\u00ebn e luftimit t\u00eb krimit, ai d\u00ebrgon forcat speciale t\u00eb q\u00ebllojn\u00eb dhe arrestojn\u00eb njer\u00ebzit tan\u00eb dhe t&#8217;i \u00e7ojn\u00eb n\u00eb kazamat\u00ebt e Prishtin\u00ebs\u201d, tha Rakiq, dhe ne u b\u00ebn thirrje qytetar\u00ebve t\u00eb jen\u00eb t\u00eb bashkuar, me mesazhin se \u201cpopulli serb \u00ebsht\u00eb vet\u00eb n\u00eb t\u00eb veten dhe do t\u00eb dal\u00eb fitimtar nga kjo situat\u00eb e v\u00ebshtir\u00eb\u201d.<\/span><\/p>\n<p><span style=\"font-weight: 400;\"><span style=\"color: #ff0000;\">VINI RE:<\/span> Ky material \u00ebsht\u00eb pron\u00ebsi intelektuale e <\/span><span style=\"color: #3366ff;\"><a style=\"color: #3366ff;\" href=\"https:\/\/www.kosovo-online.com\/sq\/lajm\/politike\/lista-serbe-prishtina-duhet-ti-shpalle-sa-me-shpejt-zgjedhjet-ne-veri-ne-jemi-te\"><span style=\"font-weight: 400;\">Kosovo online<\/span><\/a><span style=\"font-weight: 400;\">. <\/span><\/span><\/p>\n","protected":false,"gt_translate_keys":[{"key":"rendered","format":"html"}]},"excerpt":{"rendered":"<p>Kryetari i List\u00ebs Serbe, Goran Rakiq, sot u ka b\u00ebr\u00eb thirrje autoriteteve n\u00eb Prishtin\u00eb q\u00eb sa m\u00eb par\u00eb t\u00eb shpallin zgjedhjet p\u00ebr kryetar\u00eb t\u00eb rinj dhe asamble komunale n\u00eb veri, me mesazhin se jan\u00eb t\u00eb gatsh\u00ebm t\u00eb marrin pjes\u00eb n\u00eb to. Rakiq n\u00eb konferenc\u00ebn p\u00ebr media tha se \u201ctopi tani \u00ebsht\u00eb n\u00eb fush\u00ebn e Prishtin\u00ebs\u201d. [&hellip;]<\/p>\n","protected":false,"gt_translate_keys":[{"key":"rendered","format":"html"}]},"author":4,"featured_media":623028,"comment_status":"closed","ping_status":"closed","sticky":false,"template":"","format":"standard","meta":{"footnotes":""},"categories":[1],"tags":[],"class_list":["post-623027","post","type-post","status-publish","format-standard","has-post-thumbnail","hentry","category-uncategorized"],"gt_translate_keys":[{"key":"link","format":"url"}],"_links":{"self":[{"href":"https:\/\/www.hashtag.al\/index.php\/wp-json\/wp\/v2\/posts\/623027","targetHints":{"allow":["GET"]}}],"collection":[{"href":"https:\/\/www.hashtag.al\/index.php\/wp-json\/wp\/v2\/posts"}],"about":[{"href":"https:\/\/www.hashtag.al\/index.php\/wp-json\/wp\/v2\/types\/post"}],"author":[{"embeddable":true,"href":"https:\/\/www.hashtag.al\/index.php\/wp-json\/wp\/v2\/users\/4"}],"replies":[{"embeddable":true,"href":"https:\/\/www.hashtag.al\/index.php\/wp-json\/wp\/v2\/comments?post=623027"}],"version-history":[{"count":0,"href":"https:\/\/www.hashtag.al\/index.php\/wp-json\/wp\/v2\/posts\/623027\/revisions"}],"wp:featuredmedia":[{"embeddable":true,"href":"https:\/\/www.hashtag.al\/index.php\/wp-json\/wp\/v2\/media\/623028"}],"wp:attachment":[{"href":"https:\/\/www.hashtag.al\/index.php\/wp-json\/wp\/v2\/media?parent=623027"}],"wp:term":[{"taxonomy":"category","embeddable":true,"href":"https:\/\/www.hashtag.al\/index.php\/wp-json\/wp\/v2\/categories?post=623027"},{"taxonomy":"post_tag","embeddable":true,"href":"https:\/\/www.hashtag.al\/index.php\/wp-json\/wp\/v2\/tags?post=623027"}],"curies":[{"name":"wp","href":"https:\/\/api.w.org\/{rel}","templated":true}]}}