{"id":622943,"date":"2023-10-13T10:56:22","date_gmt":"2023-10-13T08:56:22","guid":{"rendered":"https:\/\/www.hashtag.al\/?p=622943"},"modified":"2023-10-13T11:01:23","modified_gmt":"2023-10-13T09:01:23","slug":"permbyset-furgoni-me-emigrate-ne-gjermani-7-te-vdekur-dhe-12-te-plagosur","status":"publish","type":"post","link":"https:\/\/www.hashtag.al\/index.php\/2023\/10\/13\/permbyset-furgoni-me-emigrate-ne-gjermani-7-te-vdekur-dhe-12-te-plagosur\/","title":{"rendered":"P\u00ebrmbyset furgoni me emigrant\u00eb n\u00eb Gjermani, 7 t\u00eb vdekur dhe 12 t\u00eb plagosur","gt_translate_keys":[{"key":"rendered","format":"text"}]},"content":{"rendered":"<p><span style=\"color: #000000;\"><i><span style=\"font-weight: 400;\"><img loading=\"lazy\" decoding=\"async\" class=\"alignnone size-full wp-image-622947\" src=\"https:\/\/www.hashtag.al\/wp-content\/uploads\/2023\/10\/germany_van-770x433-1.jpg\" alt=\"\" width=\"770\" height=\"433\" srcset=\"https:\/\/www.hashtag.al\/wp-content\/uploads\/2023\/10\/germany_van-770x433-1.jpg 770w, https:\/\/www.hashtag.al\/wp-content\/uploads\/2023\/10\/germany_van-770x433-1-300x169.jpg 300w, https:\/\/www.hashtag.al\/wp-content\/uploads\/2023\/10\/germany_van-770x433-1-768x432.jpg 768w\" sizes=\"auto, (max-width: 770px) 100vw, 770px\" \/><\/span><\/i><\/span><\/p>\n<p><span style=\"color: #000000;\"><i><span style=\"font-weight: 400;\">\u201cT\u00eb pakt\u00ebn shtat\u00eb persona u vran\u00eb dhe m\u00eb shum\u00eb se 12 t\u00eb tjer\u00eb u plagos\u00ebn kur nj\u00eb trafikant i dyshuar njer\u00ebzish humbi kontrollin e nj\u00eb furgoni q\u00eb transportonte emigrant\u00eb n\u00eb Gjermanin\u00eb jugore\u201d,<\/span><\/i><span style=\"font-weight: 400;\">tha policia t\u00eb premten.<\/span><\/span><\/p>\n<p><span style=\"color: #000000;\"><span style=\"font-weight: 400;\">Aksidenti ndodhin\u00eb lindje t\u00eb Mynihut, pasi furgoni Mercedes Vito filloi t\u00eb p\u00ebrshpejtonte n\u00eb mes t\u00eb nj\u00eb ndjekjeje nga policia, raporton <\/span><span style=\"color: #3366ff;\"><a style=\"color: #3366ff;\" href=\"https:\/\/www.reuters.com\/world\/europe\/seven-dead-after-police-pursue-suspected-human-smugglers-german-motorway-2023-10-13\/\"><span style=\"font-weight: 400;\">Reuters<\/span><\/a><span style=\"font-weight: 400;\">.<\/span><\/span><\/span><\/p>\n<p><span style=\"color: #000000;\"><i><span style=\"font-weight: 400;\">\u201cFurgona mbante rreth 20 emigrant\u00eb, p\u00ebrfshir\u00eb dhe f\u00ebmij\u00eb. Shtat\u00eb persona vdiq\u00ebn pasi furgoni u p\u00ebrmbys disa her\u00eb, nd\u00ebrsa pasagjer\u00ebt e mbetur p\u00ebsuan l\u00ebndime t\u00eb lehta deri n\u00eb t\u00eb r\u00ebnda dhe u d\u00ebrguan n\u00eb spitalet aty pran\u00eb\u201d, <\/span><\/i><span style=\"font-weight: 400;\">tha policia.<\/span><\/span><\/p>\n<p><span style=\"font-weight: 400; color: #000000;\">Kontrabanduesi i dyshuar i qenieve njer\u00ebzore q\u00eb drejtonte furgon i mbijetoi aksidentit, tha policia, duke shtuar se ai po merrte kujdes mjek\u00ebsor.<\/span><\/p>\n<p><span style=\"font-weight: 400; color: #000000;\">Nj\u00eb z\u00ebdh\u00ebn\u00ebs i policis\u00eb tha se komb\u00ebsia e t\u00eb dyshuarit dhe emigrant\u00ebve nuk ishin konstatuar dhe se do t\u00eb kishte p\u00ebrdit\u00ebsime t\u00eb m\u00ebtejshme gjat\u00eb gjith\u00eb koh\u00ebs. Dita.<\/span><\/p>\n<p><span style=\"font-weight: 400; color: #000000;\">Muajin e kaluar, autoritetet gjermane vendos\u00ebn kontrolle t\u00eb reja kufitare me Polonin\u00eb dhe Republik\u00ebn \u00c7eke.<\/span><\/p>\n<p><span style=\"font-weight: 400; color: #000000;\">Gjermania pa k\u00ebrkesat e saj p\u00ebr azil p\u00ebr her\u00eb t\u00eb par\u00eb t\u00eb rriten me 78% n\u00eb shtat\u00eb muajt e par\u00eb t\u00eb 2023, sipas t\u00eb dh\u00ebnave zyrtare. N\u00eb gusht, kalimet e paligjshme t\u00eb kufirit me Gjermanin\u00eb arrit\u00ebn n\u00eb 14,701, 66% m\u00eb shum\u00eb n\u00eb t\u00eb nj\u00ebjtin muaj t\u00eb vitit t\u00eb kaluar, tregojn\u00eb t\u00eb dh\u00ebnat e policis\u00eb.<\/span><\/p>\n","protected":false,"gt_translate_keys":[{"key":"rendered","format":"html"}]},"excerpt":{"rendered":"<p>\u201cT\u00eb pakt\u00ebn shtat\u00eb persona u vran\u00eb dhe m\u00eb shum\u00eb se 12 t\u00eb tjer\u00eb u plagos\u00ebn kur nj\u00eb trafikant i dyshuar njer\u00ebzish humbi kontrollin e nj\u00eb furgoni q\u00eb transportonte emigrant\u00eb n\u00eb Gjermanin\u00eb jugore\u201d,tha policia t\u00eb premten. Aksidenti ndodhin\u00eb lindje t\u00eb Mynihut, pasi furgoni Mercedes Vito filloi t\u00eb p\u00ebrshpejtonte n\u00eb mes t\u00eb nj\u00eb ndjekjeje nga policia, raporton [&hellip;]<\/p>\n","protected":false,"gt_translate_keys":[{"key":"rendered","format":"html"}]},"author":4,"featured_media":622947,"comment_status":"closed","ping_status":"closed","sticky":false,"template":"","format":"standard","meta":{"footnotes":""},"categories":[6],"tags":[],"class_list":["post-622943","post","type-post","status-publish","format-standard","has-post-thumbnail","hentry","category-nderkombetare"],"gt_translate_keys":[{"key":"link","format":"url"}],"_links":{"self":[{"href":"https:\/\/www.hashtag.al\/index.php\/wp-json\/wp\/v2\/posts\/622943","targetHints":{"allow":["GET"]}}],"collection":[{"href":"https:\/\/www.hashtag.al\/index.php\/wp-json\/wp\/v2\/posts"}],"about":[{"href":"https:\/\/www.hashtag.al\/index.php\/wp-json\/wp\/v2\/types\/post"}],"author":[{"embeddable":true,"href":"https:\/\/www.hashtag.al\/index.php\/wp-json\/wp\/v2\/users\/4"}],"replies":[{"embeddable":true,"href":"https:\/\/www.hashtag.al\/index.php\/wp-json\/wp\/v2\/comments?post=622943"}],"version-history":[{"count":0,"href":"https:\/\/www.hashtag.al\/index.php\/wp-json\/wp\/v2\/posts\/622943\/revisions"}],"wp:featuredmedia":[{"embeddable":true,"href":"https:\/\/www.hashtag.al\/index.php\/wp-json\/wp\/v2\/media\/622947"}],"wp:attachment":[{"href":"https:\/\/www.hashtag.al\/index.php\/wp-json\/wp\/v2\/media?parent=622943"}],"wp:term":[{"taxonomy":"category","embeddable":true,"href":"https:\/\/www.hashtag.al\/index.php\/wp-json\/wp\/v2\/categories?post=622943"},{"taxonomy":"post_tag","embeddable":true,"href":"https:\/\/www.hashtag.al\/index.php\/wp-json\/wp\/v2\/tags?post=622943"}],"curies":[{"name":"wp","href":"https:\/\/api.w.org\/{rel}","templated":true}]}}