{"id":622815,"date":"2023-10-12T19:16:29","date_gmt":"2023-10-12T17:16:29","guid":{"rendered":"https:\/\/www.hashtag.al\/?p=622815"},"modified":"2023-10-12T19:16:29","modified_gmt":"2023-10-12T17:16:29","slug":"hovenier-zbatimi-i-marreveshjes-se-ohrit-rrit-shkallen-e-sigurise-se-kosoves","status":"publish","type":"post","link":"https:\/\/www.hashtag.al\/index.php\/2023\/10\/12\/hovenier-zbatimi-i-marreveshjes-se-ohrit-rrit-shkallen-e-sigurise-se-kosoves\/","title":{"rendered":"Hovenier: Zbatimi i marr\u00ebveshjes s\u00eb Ohrit rrit shkall\u00ebn e siguris\u00eb s\u00eb Kosov\u00ebs","gt_translate_keys":[{"key":"rendered","format":"text"}]},"content":{"rendered":"<p><span style=\"color: #000000;\"><a href=\"https:\/\/www.hashtag.al\/wp-content\/uploads\/2023\/10\/hovenier.png\"><img loading=\"lazy\" decoding=\"async\" class=\"aligncenter size-full wp-image-622816\" src=\"https:\/\/www.hashtag.al\/wp-content\/uploads\/2023\/10\/hovenier.png\" alt=\"\" width=\"955\" height=\"526\" srcset=\"https:\/\/www.hashtag.al\/wp-content\/uploads\/2023\/10\/hovenier.png 955w, https:\/\/www.hashtag.al\/wp-content\/uploads\/2023\/10\/hovenier-300x165.png 300w, https:\/\/www.hashtag.al\/wp-content\/uploads\/2023\/10\/hovenier-768x423.png 768w\" sizes=\"auto, (max-width: 955px) 100vw, 955px\" \/><\/a><\/span><\/p>\n<p><span style=\"color: #000000;\">Ambasadori amerikan n\u00eb Prishtin\u00eb, Jeff Hovenier, tha n\u00eb nj\u00eb intervist\u00eb me Z\u00ebrin e Amerik\u00ebs se zbatimi i marr\u00ebveshjes p\u00ebr normalizimin e marr\u00ebdh\u00ebnieve me Serbin\u00eb \u00ebsht\u00eb nj\u00eb nga m\u00ebnyrat p\u00ebr t\u00eb rritur sigurin\u00eb e Kosov\u00ebs, t\u00eb cil\u00ebn e cil\u00ebsoi t\u00eb brisht\u00eb pas ngjarjeve t\u00eb 24 shtatorit. <\/span><\/p>\n<p><span style=\"color: #000000;\">Ambasadori Hovenier tha se Shtetet e Bashkuara do t\u00eb marrin masa pasi t\u00eb v\u00ebrtetohet se kush q\u00ebndron prapa atij sulmi q\u00eb u krye nga individ\u00eb t\u00eb cil\u00ebt kishin arm\u00eb q\u00eb nuk mund t\u00eb blihen n\u00eb tregun lokal por duhet nj\u00eb form\u00eb strukture shtet\u00ebrore q\u00eb t\u2019i ofroj\u00eb ato. <\/span><\/p>\n<p><span style=\"color: #000000;\">Ambasadori Hovenier, ritheksoi k\u00ebrkes\u00ebn q\u00eb Serbia t\u00eb bashk\u00ebpunoj\u00eb p\u00ebr ndri\u00e7imin e plot\u00eb t\u00eb ngjarjeve dhe v\u00ebnien e autor\u00ebve para drejt\u00ebsis\u00eb.<\/span><\/p>\n<p><span style=\"color: #000000;\"><strong>Z\u00ebri i Amerik\u00ebs<\/strong>: Ambasador, m\u00eb shum\u00eb se dy jav\u00eb nga sulmi n\u00eb fshatin Banjsk\u00eb n\u00eb veri t\u00eb Kosov\u00ebs, si e vler\u00ebsoni situat\u00ebn e siguris\u00eb n\u00eb k\u00ebt\u00eb vend?<\/span><\/p>\n<p><span style=\"color: #000000;\"><strong>Jeff Hovenier<\/strong>: Situata e siguris\u00eb mbetet di\u00e7ka p\u00ebr t\u00eb cil\u00ebn jemi shum\u00eb t\u00eb shqet\u00ebsuar dhe Shtetet e Bashkuara dhe partner\u00ebt tan\u00eb kan\u00eb nd\u00ebrmarr\u00eb hapa sepse ne ishim thell\u00ebsisht t\u00eb shqet\u00ebsuar p\u00ebr at\u00eb q\u00eb ndodhi n\u00eb Banjsk\u00eb dhe m\u00eb gjer\u00ebsisht p\u00ebr situat\u00ebn e siguris\u00eb n\u00eb veri. Si\u00e7 mund ta keni d\u00ebgjuar dje gjat\u00eb nd\u00ebrrimit t\u00eb komand\u00ebs s\u00eb KFOR-it, admirali Munch, komandanti i Forcave t\u00eb P\u00ebrbashk\u00ebta t\u00eb NATO-s me seli n\u00eb Napoli, b\u00ebri t\u00eb ditur se nga 24 shtatori, NATO-ja ka trefishuar numrin e patrullimeve. K\u00ebshilli i Atlantikut t\u00eb Veriut mori vendim p\u00ebr t\u00eb rritur ndjesh\u00ebm numrin e forcave t\u00eb KFOR-it. Ne e marrim k\u00ebt\u00eb seriozisht. Situat\u00ebn aktuale do ta karakterizoja si t\u00eb brisht\u00eb, por t\u00eb qet\u00eb apo m\u00eb t\u00eb qet\u00eb. Por ju e dini, ka nj\u00eb brisht\u00ebsi dhe ne jemi shum\u00eb t\u00eb p\u00ebrqendruar p\u00ebr t\u00eb ndihmuar menaxhuar situat\u00ebn dhe t\u00eb p\u00ebrpiqemi t\u00eb shmangim incidente t\u00eb tjera q\u00eb mund t\u00eb \u00e7ojn\u00eb n\u00eb dhun\u00eb e q\u00eb do t\u00eb ndikonin, do t\u00eb k\u00ebrc\u00ebnonin popullsin\u00eb civile atje, por edhe forcat e ligjshme t\u00eb siguris\u00eb atje, policin\u00eb e Kosov\u00ebs dhe sigurisht edhe pranin\u00eb nd\u00ebrkomb\u00ebtare.<\/span><\/p>\n<p><span style=\"color: #000000;\"><strong>Z\u00ebri i Amerik\u00ebs<\/strong>: Ambasador, q\u00eb n\u00eb fillim that\u00eb se n\u00eb sulm nuk p\u00ebrfshihej ndonj\u00eb grup spontan i qytetar\u00ebve q\u00eb nuk jan\u00eb t\u00eb k\u00ebnaqur me di\u00e7ka, por ishte nj\u00eb grup i trajnuar dhe i organizuar. \u00c7far\u00eb mendoni ju? Kush ishte organizatori dhe trajneri i atij grupi?<\/span><\/p>\n<p><span style=\"color: #000000;\"><strong>Jeff Hovenier<\/strong>: S\u00eb pari mendoj se \u00ebsht\u00eb e r\u00ebnd\u00ebsishme t\u00eb flasim p\u00ebr at\u00eb q\u00eb dim\u00eb dhe at\u00eb q\u00eb ende po p\u00ebrpiqemi t\u00eb kuptojm\u00eb. Dhe ka disa gj\u00ebra q\u00eb ne i dim\u00eb. Si\u00e7 m\u00eb cituat m\u00eb par\u00eb e dim\u00eb se ky grup individ\u00ebsh nuk ishte spontan. K\u00ebta individ\u00eb, t\u00eb gjith\u00eb serb\u00eb etnik\u00eb me sa dim\u00eb, kishin qasje dhe posedonin arm\u00eb t\u00eb sofistikuara q\u00eb nuk mund t&#8217;i blini n\u00eb tregun lokal. Ju duhet nj\u00eb lloj strukture, zakonisht struktur\u00eb shtet\u00ebrore q\u00eb ua ofron. Ne e dim\u00eb se pjesa m\u00eb e madhe e materialit q\u00eb ata lan\u00eb pas, ishte me origjin\u00eb serbe. E dim\u00eb se nj\u00eb individ, z. Milan Radoi\u00e7i\u00e7, i cili ishte n\u00ebnkryetar i partis\u00eb Lista Serbe, b\u00ebri nj\u00eb deklarat\u00eb publike p\u00ebrmes avokatit t\u00eb tij duke marr\u00eb p\u00ebrsip\u00ebr p\u00ebrgjegj\u00ebsin\u00eb, duke th\u00ebn\u00eb se ai kishte organizuar sulmin dhe kishte marr\u00eb pjes\u00eb n\u00eb t\u00eb. K\u00ebto jan\u00eb gj\u00ebrat q\u00eb ne i dim\u00eb tani dhe po p\u00ebrpiqemi t\u00eb kuptojm\u00eb m\u00eb shum\u00eb. Ne e dim\u00eb se kjo nuk mund t\u00eb ndodhte vet\u00ebm spontanisht. Pra, si\u00e7 e kam th\u00ebn\u00eb edhe m\u00eb par\u00eb, pas k\u00ebsaj kishte struktura ose organizata. Ajo q\u00eb ne ende po p\u00ebrpiqemi t\u00eb kuptojm\u00eb \u00ebsht\u00eb sakt\u00ebsisht se si funksionoi.<\/span><\/p>\n<p><span style=\"color: #000000;\"><strong>Z\u00ebri i Amerik\u00ebs<\/strong>: M\u00eb lejoni, ambasador, n\u00ebse arm\u00ebt jan\u00eb me origjin\u00eb nga Serbia dhe ne kemi nj\u00eb personazh publik q\u00eb mori p\u00ebrgjegj\u00ebsin\u00eb, pra Milan Radoi\u00e7i\u00e7. A nuk \u00ebsht\u00eb ky argument se Serbia q\u00ebndron pas sulmit?<\/span><\/p>\n<p><span style=\"color: #000000;\"><strong>Jeff Hovenier<\/strong>: Ka shum\u00eb njer\u00ebz q\u00eb e thon\u00eb k\u00ebt\u00eb. Kam d\u00ebgjuar shum\u00eb zyrtar\u00eb n\u00eb qeverin\u00eb e Kosov\u00ebs ta thon\u00eb k\u00ebt\u00eb n\u00eb ve\u00e7anti. Ne duam t\u00eb jemi shum\u00eb t\u00eb kujdessh\u00ebm p\u00ebrpara se t\u00eb b\u00ebjm\u00eb p\u00ebrcaktimet p\u00ebrfundimtare t\u00eb asaj q\u00eb ne e quajm\u00eb atribuim, p\u00ebr t&#8217;u siguruar q\u00eb e kemi kuptuar sakt\u00ebsisht. Por, si\u00e7 thash\u00eb, ne po e marrim k\u00ebt\u00eb shum\u00eb seriozisht dhe po punojm\u00eb me miqt\u00eb tan\u00eb n\u00eb qeverin\u00eb e Kosov\u00ebs dhe gjetk\u00eb p\u00ebr ta kuptuar m\u00eb mir\u00eb k\u00ebt\u00eb.<\/span><\/p>\n<p><span style=\"color: #000000;\"><strong>Z\u00ebri i Amerik\u00ebs<\/strong>: Udh\u00ebheq\u00ebsit e Kosov\u00ebs thon\u00eb se ky ishte nj\u00eb sulm agresioni i Serbis\u00eb ndaj Kosov\u00ebs dhe k\u00ebrkojn\u00eb masa nd\u00ebshkuese ndaj Serbis\u00eb. A mund t\u00eb ket\u00eb masa t\u00eb tilla nga Shtetet e Bashkuara?<\/span><\/p>\n<p><span style=\"color: #000000;\">J<strong>eff Hovenier<\/strong>: Nj\u00eb nga gj\u00ebrat q\u00eb kam th\u00ebn\u00eb, nj\u00eb nga gj\u00ebrat q\u00eb ka th\u00ebn\u00eb sekretari Antony Blinken dhe t\u00eb tjer\u00ebt, \u00ebsht\u00eb se ata q\u00eb jan\u00eb p\u00ebrgjegj\u00ebs p\u00ebr k\u00ebt\u00eb sulm kriminal, ata q\u00eb jan\u00eb p\u00ebrgjegj\u00ebs p\u00ebr ekzekutimin e tij, ata q\u00eb jan\u00eb p\u00ebrgjegj\u00ebs p\u00ebr planifikimin e tij, ata q\u00eb jan\u00eb p\u00ebrgjegj\u00ebs p\u00ebr sigurimin e mb\u00ebshtetjes p\u00ebr t\u00eb, duhet t\u00eb mbahen p\u00ebrgjegj\u00ebs. Dhe nd\u00ebrsa kuptojm\u00eb se kush \u00ebsht\u00eb p\u00ebrgjegj\u00ebs, ne besojm\u00eb se ata duhet t\u00eb mbahen p\u00ebrgjegj\u00ebs. Ne i kemi b\u00ebr\u00eb thirrje qeveris\u00eb s\u00eb Serbis\u00eb q\u00eb t\u00eb marr\u00eb pjes\u00eb plot\u00ebsisht n\u00eb k\u00ebt\u00eb hetim dhe t\u00eb k\u00ebrkoj\u00eb llogari nga njer\u00ebzit atje. Natyrisht, ne mb\u00ebshtesim p\u00ebrpjekjet e autoriteteve t\u00eb Kosov\u00ebs k\u00ebtu n\u00eb sistemin e tyre gjyq\u00ebsor p\u00ebr t&#8217;i mbajtur njer\u00ebzit p\u00ebrgjegj\u00ebs. K\u00ebshtu q\u00eb nuk p\u00ebrjashtoj veprimet n\u00eb t\u00eb ardhmen. Ne jemi ende duke par\u00eb p\u00ebr t\u00eb kuptuar se \u00e7far\u00eb ndodhi, por ne do t\u00eb marrim vendime se \u00e7far\u00eb hapash duhet t\u00eb nd\u00ebrmarrim nd\u00ebrsa arrijm\u00eb n\u00eb p\u00ebrcaktimet tona p\u00ebrfundimtare p\u00ebr p\u00ebrgjegj\u00ebsin\u00eb. Por, t\u00eb mos ket\u00eb m\u00ebdyshje, ata q\u00eb jan\u00eb p\u00ebrgjegj\u00ebs p\u00ebr k\u00ebt\u00eb krim t\u00eb tmerrsh\u00ebm dhe vrasjen e nj\u00eb punonj\u00ebsi policie duhet dhe do t\u00eb mbajn\u00eb p\u00ebrgjegj\u00ebsi.<\/span><\/p>\n<p><span style=\"color: #000000;\"><strong>Z\u00ebri i Amerik\u00ebs<\/strong>: Por ne kemi z. Radoi\u00e7i\u00e7 q\u00eb doli dhe tha se \u00ebsht\u00eb p\u00ebrgjegj\u00ebs p\u00ebr k\u00ebt\u00eb sulm, por ai u lirua shum\u00eb shpejt nga autoritetet serbe. Gjykuar nga kjo, si mund t\u00eb llogarisni n\u00eb Serbin\u00eb se do t\u00eb bashk\u00ebpunoj\u00eb p\u00ebr zbardhjen e ngjarjes dhe p\u00ebr t\u00eb v\u00ebn\u00eb autor\u00ebt para drejt\u00ebsis\u00eb?<\/span><\/p>\n<p><span style=\"color: #000000;\"><strong>Jeff Hovenier<\/strong>: Un\u00eb mund t\u00eb flas vet\u00ebm p\u00ebr pik\u00ebpamjen dhe q\u00ebndrimin e qeveris\u00eb s\u00eb Shteteve t\u00eb Bashkuara, t\u00eb cil\u00ebn ia kemi shprehur publikisht qeveris\u00eb s\u00eb Serbis\u00eb. Pra, ky ishte nj\u00eb krim, ishte nj\u00eb k\u00ebrc\u00ebnim p\u00ebr sovranitetin dhe q\u00ebndrueshm\u00ebrin\u00eb e rajonit, k\u00ebrc\u00ebnoi qytetar\u00ebt e Kosov\u00ebs, k\u00ebrc\u00ebnoi edhe paqeruajt\u00ebsit nd\u00ebrkomb\u00ebtar\u00eb n\u00eb rajon. Dhe ne besojm\u00eb se ata kriminel\u00eb t\u00eb p\u00ebrfshir\u00eb n\u00eb k\u00ebt\u00eb duhet t\u00eb mbahen p\u00ebrgjegj\u00ebs. Dhe ne i kemi b\u00ebr\u00eb thirrje qeveris\u00eb s\u00eb Serbis\u00eb q\u00eb t\u00eb luaj\u00eb nj\u00eb rol p\u00ebr t\u2019u siguruar q\u00eb kjo t\u00eb ndodh\u00eb. Nuk mund t\u00eb flas p\u00ebr ve\u00e7antit\u00eb e nj\u00eb vendimi gjyq\u00ebsor n\u00eb lidhje me arrestin sht\u00ebpiak. Me sa kam kuptuar zoti Radoi\u00e7i\u00e7 \u00ebsht\u00eb arrestuar dhe akuzohet p\u00ebr disa krime shum\u00eb t\u00eb r\u00ebnda. Pritjet e qeveris\u00eb sime jan\u00eb se ai do t\u00eb mbahet p\u00ebrgjegj\u00ebs p\u00ebr ato krime.<\/span><\/p>\n<p><span style=\"color: #000000;\"><strong>Z\u00ebri i Amerik\u00ebs<\/strong>: Por ai \u00ebsht\u00eb i lir\u00eb&#8230;.?<\/span><\/p>\n<p><span style=\"color: #000000;\"><strong>Jeff Hovenier<\/strong>: Me sa kam kuptuar ai \u00ebsht\u00eb n\u00eb arrest sht\u00ebpiak, subjekt i nj\u00eb procesi penal.<\/span><\/p>\n<p><span style=\"color: #000000;\"><strong>Z\u00ebri i Amerik\u00ebs<\/strong>: A jeni gati t\u00eb merrni masa ndaj Serbis\u00eb n\u00ebse nuk bashk\u00ebpunon me drejt\u00ebsin\u00eb?<\/span><\/p>\n<p><span style=\"color: #000000;\"><strong>Jeff Hovenier<\/strong>: Ky nuk \u00ebsht\u00eb nj\u00eb vendim q\u00eb do ta marr si ambasador i Shteteve t\u00eb Bashkuara n\u00eb Kosov\u00eb. Ky \u00ebsht\u00eb nj\u00eb vendim q\u00eb do t\u00eb marr\u00eb qeveria ime. Por, m\u00eb lejoni t\u00eb them p\u00ebrs\u00ebri, ne besojm\u00eb se p\u00ebrgjegj\u00ebsit p\u00ebr k\u00ebt\u00eb krim duhet dhe do t\u00eb mbahen p\u00ebrgjegj\u00ebs.<\/span><\/p>\n<p><span style=\"color: #000000;\"><strong>Z\u00ebri i Amerik\u00ebs<\/strong>: Ambasador, shum\u00eb n\u00eb Kosov\u00eb shprehin shqet\u00ebsimin se pa masa ndaj Serbis\u00eb mund t\u00eb p\u00ebrs\u00ebriten veprime t\u00eb ngjashme si ky i 24 shtatorit. A jeni i shqet\u00ebsuar p\u00ebr k\u00ebt\u00eb mund\u00ebsi?<\/span><\/p>\n<p><span style=\"color: #000000;\"><strong>Jeff Hovenier<\/strong>: Jemi t\u00eb shqet\u00ebsuar p\u00ebr \u00e7do veprim q\u00eb do t\u00eb destabilizonte situat\u00ebn n\u00eb veri. Jemi t\u00eb shqet\u00ebsuar p\u00ebr \u00e7do veprim q\u00eb rezulton n\u00eb individ\u00eb t\u00eb armatosur dhe t\u00eb trajnuar q\u00eb veprojn\u00eb n\u00eb nj\u00eb m\u00ebnyr\u00eb q\u00eb \u00ebsht\u00eb n\u00eb kund\u00ebrshtim me rendin ligjor. Ne besojm\u00eb se ky \u00ebsht\u00eb territor sovran i Kosov\u00ebs. Besojm\u00eb se autoritetet e Kosov\u00ebs kan\u00eb p\u00ebrgjegj\u00ebsin\u00eb p\u00ebr t\u00eb zbatuar ligjin. Pra, ne e marrim at\u00eb shum\u00eb seriozisht.<\/span><\/p>\n<p><span style=\"color: #000000;\"><strong>Z\u00ebri i Amerik\u00ebs<\/strong>: Zoti ambasador, v\u00ebzhguesit nd\u00ebrkomb\u00ebtar\u00eb, ve\u00e7an\u00ebrisht disa analist\u00eb amerikan\u00eb, thon\u00eb se Uashingtoni dhe natyrisht Brukseli ishin shum\u00eb t\u00eb ashp\u00ebr n\u00eb q\u00ebndrimin e tyre ndaj Kosov\u00ebs, por jo mjaft t\u00eb ashp\u00ebr ndaj Serbis\u00eb. U desh\u00ebn vet\u00ebm disa or\u00eb p\u00ebr t\u00eb v\u00ebn\u00eb disa sanksione kund\u00ebr Kosov\u00ebs p\u00ebr shkak t\u00eb tensioneve n\u00eb veri, por ne nuk kemi asnj\u00eb mas\u00eb ndaj Serbis\u00eb tani, pas 24 shtatorit?<\/span><\/p>\n<p><span style=\"color: #000000;\"><strong>Jeff Hovenier<\/strong>: Ajo q\u00eb mund t\u00eb them \u00ebsht\u00eb s\u00eb pik\u00eb s\u00eb pari, nuk do t&#8217;i barazoja k\u00ebto dy rrethana. S\u00eb dyti, do t\u00eb thosha se qeveria e Shteteve t\u00eb Bashkuara vendosi t\u00eb nd\u00ebrmarr\u00eb disa veprime pasi kryeministri (i Kosov\u00ebs), kund\u00ebr k\u00ebshill\u00ebs son\u00eb, nd\u00ebrmori veprime q\u00eb p\u00ebrdor\u00ebn, nga k\u00ebndv\u00ebshtrimi yn\u00eb, forc\u00eb t\u00eb panevojshme p\u00ebr t\u00eb siguruar qasje n\u00eb nd\u00ebrtesat komunale, duke kontribuar n\u00eb nj\u00eb destabilizim n\u00eb veri. Ne e kishim t\u00eb qart\u00eb q\u00eb ky ishte nj\u00eb problem. Ne nuk mor\u00ebm masat q\u00eb mori Bashkimi Evropian, por qeveria e Shteteve t\u00eb Bashkuara b\u00ebri disa gj\u00ebra, duke e b\u00ebr\u00eb t\u00eb qart\u00eb se presim q\u00eb qeveria e Kosov\u00ebs t\u00eb punoj\u00eb me ne p\u00ebr t\u00eb forcuar q\u00ebndrueshm\u00ebrin\u00eb dhe sigurin\u00eb n\u00eb veri. Ne kemi pritje t\u00eb ngjashme p\u00ebr Serbin\u00eb. Dhe s\u00ebrish do t\u00eb them se nd\u00ebrsa t\u00eb arrijm\u00eb n\u00eb p\u00ebrfundimet tona, p\u00ebr p\u00ebrgjegj\u00ebsin\u00eb p\u00ebrfundimtare ose at\u00eb q\u00eb ne e quajm\u00eb atribuim p\u00ebr k\u00ebto akte, ne do t\u2019i mbajm\u00eb p\u00ebrgjegj\u00ebs ata q\u00eb jan\u00eb p\u00ebrgjegj\u00ebs. Por nd\u00ebrkoh\u00eb presim q\u00eb Republika e Kosov\u00ebs dhe qeveria e Kosov\u00ebs t\u00eb punojn\u00eb me ne p\u00ebr t\u00eb krijuar kushte p\u00ebr q\u00ebndrueshm\u00ebri m\u00eb t\u00eb madhe dhe ulje t\u00eb tensioneve n\u00eb veri. Kjo \u00ebsht\u00eb ende nj\u00eb pjes\u00eb shum\u00eb e r\u00ebnd\u00ebsishme e pun\u00ebs son\u00eb k\u00ebtu. Pra, kjo \u00ebsht\u00eb arsyeja pse un\u00eb kam b\u00ebr\u00eb nj\u00eb s\u00ebr\u00eb deklaratash, si edhe zyrtar\u00eb t\u00eb tjer\u00eb amerikan\u00eb, p\u00ebr nevoj\u00ebn p\u00ebr t\u00eb ecur p\u00ebrpara me dialogun e leht\u00ebsuar nga Bashkimi Evropian. N\u00ebse asgj\u00eb tjet\u00ebr ngjarjet e 24 shtatorit tregojn\u00eb se ekziston nj\u00eb nevoj\u00eb urgjente p\u00ebr t\u00eb arritur n\u00eb nj\u00eb ripozicionim t\u00eb marr\u00ebdh\u00ebnieve nd\u00ebrmjet Kosov\u00ebs dhe Serbis\u00eb, nj\u00eb marr\u00ebdh\u00ebnie n\u00eb t\u00eb cil\u00ebn ka respekt t\u00eb nd\u00ebrsjell\u00eb, nj\u00eb n\u00eb t\u00eb cil\u00ebn mosmarr\u00ebveshjet zgjidhen me mjete paq\u00ebsore, nj\u00eb n\u00eb t\u00eb cil\u00ebn komuniteti etnik serb n\u00eb Kosov\u00eb ndjen se respektohet dhe mund t\u00eb g\u00ebzoj\u00eb disa t\u00eb drejta p\u00ebr t\u2019i mbrojtur pjes\u00ebtar\u00ebt e tij. E gjith\u00eb kjo \u00ebsht\u00eb pjes\u00eb e dialogut t\u00eb leht\u00ebsuar nga BE. \u00cbsht\u00eb shum\u00eb thelb\u00ebsore t\u00eb shkohet drejt k\u00ebsaj, p\u00ebr t&#8217;iu rikthyer procesit t\u00eb arritjes s\u00eb zbatimit t\u00eb plot\u00eb nga t\u00eb dyja pal\u00ebt t\u00eb marr\u00ebveshjeve t\u00eb arritura, Marr\u00ebveshjes Themelore dhe aneksit t\u00eb zbatimit t\u00eb saj.<\/span><\/p>\n<p><span style=\"color: #000000;\"><strong>Z\u00ebri i Amerik\u00ebs<\/strong>: Por zoti ambasador, n\u00eb drit\u00ebn e k\u00ebtyre ngjarjeve t\u00eb fundit, a mund t\u00eb konsiderohet ende si \u201cpun\u00eb e zakonshme\u201d dialogu i leht\u00ebsuar nga Bashkimi Evropian? Ju jeni diplomat dhe nuk do ta p\u00ebrdornit shprehjen \u201cdialog i vdekur\u201d, por disa n\u00eb Kosov\u00eb e kan\u00eb quajtur t\u00eb till\u00eb.<\/span><\/p>\n<p><span style=\"color: #000000;\"><strong>Jeff Hovenier<\/strong>: Epo, un\u00eb do t\u00eb kontestoja pohimin se ka vdekur dhe do t\u00eb shtroja gjithashtu pyetjen, \u00e7far\u00eb n\u00ebnkuptojn\u00eb njer\u00ebzit me \u201cpun\u00eb e zakonshme\u201d? N\u00ebse \u201cbiznes si zakonisht\u201d do t\u00eb thot\u00eb q\u00eb Bashkimi Evropian dhe Shtetet e Bashkuara do t\u00eb b\u00ebjn\u00eb p\u00ebrpjekjet e tyre maksimale p\u00ebr t\u00eb promovuar nj\u00eb marr\u00ebveshje q\u00eb \u00ebsht\u00eb n\u00eb dobi t\u00eb t\u00eb dyja vendeve, at\u00ebher\u00eb po, ne do ta vazhdojm\u00eb at\u00eb veprim. Tani p\u00ebr tani, mendoj se kemi nj\u00eb problem. Problemi \u00ebsht\u00eb m\u00eb pak \u00e7\u00ebshtja e nj\u00eb marr\u00ebveshjeje q\u00eb n\u00eb fakt \u00ebsht\u00eb mjaft e mir\u00eb p\u00ebr t\u00eb dyja vendet dhe m\u00eb shum\u00eb nj\u00eb \u00e7\u00ebshtje e vullnetit politik nga t\u00eb dyja pal\u00ebt p\u00ebr t\u00eb zbatuar realisht detyrimet q\u00eb i kan\u00eb marr\u00eb p\u00ebrsip\u00ebr lirisht. Ata duhet ta b\u00ebjn\u00eb k\u00ebt\u00eb. Dhe ne do t\u00eb vazhdojm\u00eb me at\u00eb pun\u00eb t\u00eb zbatimit t\u00eb nj\u00eb marr\u00ebveshjeje t\u00eb mir\u00eb q\u00eb ndryshon marr\u00ebdh\u00ebniet dhe krijon kushte t\u00eb nj\u00eb q\u00ebndrueshm\u00ebrie dhe sigurie m\u00eb t\u00eb madhe p\u00ebr popullin e Kosov\u00ebs dhe p\u00ebr popullin e Serbis\u00eb. Dhe nuk mendoj se do t\u00eb k\u00ebrkojm\u00eb ndjes\u00eb q\u00eb kjo do t\u00eb vazhdoj\u00eb t\u00eb jet\u00eb qasja jon\u00eb. Megjithat\u00eb, sigurisht q\u00eb do t\u00eb jemi t\u00eb qart\u00eb p\u00ebr faktin se duhet t\u00eb shohim vullnet m\u00eb t\u00eb madh politik nga t\u00eb dyja pal\u00ebt p\u00ebr t&#8217;i zbatuar plot\u00ebsisht ato detyrime.<\/span><\/p>\n<p><span style=\"color: #000000;\"><strong>Z\u00ebri i Amerik\u00ebs<\/strong>: &#8230;Edhe pse udh\u00ebheq\u00ebsit Kosov\u00ebs po thon\u00eb tani se dialogu nuk \u00ebsht\u00eb p\u00ebrpar\u00ebsi, por siguria e Kosov\u00ebs \u00ebsht\u00eb p\u00ebrpar\u00ebsi?<\/span><\/p>\n<p><span style=\"color: #000000;\"><strong>Jeff Hovenier<\/strong>: Jam dakord q\u00eb siguria e Kosov\u00ebs \u00ebsht\u00eb nj\u00eb p\u00ebpar\u00ebsi shum\u00eb e lart\u00eb. Un\u00eb besoj, qeveria ime beson se nj\u00eb nga m\u00ebnyrat p\u00ebr t\u00eb rritur urgjentisht sigurin\u00eb e Kosov\u00ebs \u00ebsht\u00eb p\u00ebrmes zbatimit t\u00eb Marr\u00ebveshjes Themelore dhe Aneksit t\u00eb zbatimit. Kjo do t\u00eb rris\u00eb jasht\u00ebzakonisht sigurin\u00eb e Kosov\u00ebs. Prandaj, ne mendojm\u00eb se \u00ebsht\u00eb kaq urgjente t\u00eb ecim p\u00ebrpara n\u00eb dialog p\u00ebr ta arritur k\u00ebt\u00eb.<\/span><\/p>\n<p><span style=\"color: #000000;\"><strong>Z\u00ebri i Amerik\u00ebs<\/strong>: Ambasador, kur flasim p\u00ebr marr\u00ebveshjet, Asociacioni i komunave me shumic\u00eb serbe prej koh\u00ebsh, q\u00eb nga dita e par\u00eb, \u00ebsht\u00eb konsideruar si \u201cthembra e Akilit\u201d n\u00eb procesin e negociatave, duke ngritur shqet\u00ebsimin se mund t\u00eb ndikoj\u00eb n\u00eb funksionalitetin e Kosov\u00ebs. Si mund t\u00eb zbatohet kjo marr\u00ebveshje duke trajtuar n\u00eb t\u00eb nj\u00ebjt\u00ebn koh\u00eb shqet\u00ebsimet e Prishtin\u00ebs p\u00ebr ndikimin e saj?<\/span><\/p>\n<p><span style=\"color: #000000;\"><strong>Jeff Hovenier<\/strong>: M\u00eb vjen shum\u00eb mir\u00eb q\u00eb e b\u00ebt\u00eb k\u00ebt\u00eb pyetje sepse \u00ebsht\u00eb di\u00e7ka p\u00ebr t\u00eb cil\u00ebn flasim shum\u00eb, si publikisht ashtu edhe me qeverin\u00eb e Kosov\u00ebs. Shtetet e Bashkuara kan\u00eb qen\u00eb v\u00ebrtet\u00eb mjaft t\u00eb qarta p\u00ebr k\u00ebt\u00eb. Ne besojm\u00eb se Kosova ka nj\u00eb detyrim t\u00eb p\u00ebrhersh\u00ebm q\u00eb nga viti 2013, p\u00ebr ta \u00e7uar p\u00ebrpara themelimin e Asociacionit t\u00eb komunave me shumic\u00eb serbe. Por, ne kemi b\u00ebr\u00eb gjithashtu gjith\u00e7ka q\u00eb \u00ebsht\u00eb e mundur p\u00ebr t\u00eb njohur k\u00ebt\u00eb shqet\u00ebsim. Dhe ne nuk e p\u00ebrjashtojm\u00eb shqet\u00ebsimin se n\u00ebse b\u00ebhet n\u00eb m\u00ebnyr\u00eb t\u00eb gabuar, n\u00eb fakt mund t\u00eb d\u00ebmtoj\u00eb funksionimin e mir\u00eb t\u00eb shtetit t\u00eb Kosov\u00ebs, di\u00e7ka q\u00eb askush nga ne nuk d\u00ebshiron ta shoh\u00eb. Por kjo \u00ebsht\u00eb arsyeja pse qeveria ime ka qen\u00eb kaq e qart\u00eb p\u00ebr ato q\u00eb un\u00eb i quaj parmak\u00eb ose kufizime p\u00ebr m\u00ebnyr\u00ebn se si duhet t\u00eb themelohet ai. Dhe m\u00eb lejoni t&#8217;i p\u00ebrs\u00ebris ato. Shtetet e Bashkuara besojn\u00eb se pavar\u00ebsisht se \u00e7far\u00eb asociacioni t\u00eb themelohet duhet t\u00eb jet\u00eb n\u00eb p\u00ebrputhje me Kushtetut\u00ebn aktuale t\u00eb Kosov\u00ebs, pra pa ndryshime kushtetuese. Duhet t\u00eb jet\u00eb n\u00eb p\u00ebrputhje me vendimin e Gjykat\u00ebs Kushtetuese t\u00eb vitit 2016. Duhet t\u00eb jet\u00eb n\u00eb p\u00ebrputhje me angazhimin e Bashkimit Evropian se nuk ka kompetenca ekzekutive. Ai duhet t\u00eb jet\u00eb n\u00eb p\u00ebrputhje me nj\u00eb dokument publik t\u00eb hartuar me shum\u00eb kujdes nga K\u00ebshilltari i Departamentit t\u00eb Shtetit, Derek Chollet dhe i d\u00ebrguari yn\u00eb i posa\u00e7\u00ebm p\u00ebr Ballkanin, Gabriel Escobar, q\u00eb i shpalos\u00ebn t\u00eb gjitha k\u00ebto. Ajo q\u00eb ne shohim \u00ebsht\u00eb bashk\u00ebrendimi n\u00eb mes t\u00eb komunave me shumic\u00eb serbe dhe se si ato i ushtrojn\u00eb funksionet q\u00eb tashm\u00eb i kan\u00eb sipas Kushtetut\u00ebs s\u00eb Kosov\u00ebs bazuar n\u00eb planin e Ahtisarit dhe fushat ku i kan\u00eb k\u00ebto p\u00ebrgjegj\u00ebsi si arsimi, kujdesi sh\u00ebndet\u00ebsor, shfryt\u00ebzimi i tok\u00ebs, gj\u00ebra t\u00eb tilla. Ne gjithashtu besojm\u00eb se duhet t\u00eb siguroj\u00eb transparenc\u00eb. Sipas planit t\u00eb Ahtisarit, qeveria e Serbis\u00eb ka t\u00eb drejt\u00eb, n\u00ebse d\u00ebshiron ta ushtroj\u00eb at\u00eb, t\u00eb ofroj\u00eb mb\u00ebshtetje p\u00ebr komunitetin etnik serb n\u00eb Kosov\u00eb. Por kjo duhet t\u00eb b\u00ebhet n\u00eb nj\u00eb m\u00ebnyr\u00eb q\u00eb t\u00eb jet\u00eb n\u00eb p\u00ebrputhje me struktur\u00ebn ligjore t\u00eb Kosov\u00ebs dhe q\u00eb t\u00eb respektoj\u00eb sovranitetin e Kosov\u00ebs. Pra, e gjith\u00eb \u00e7\u00ebshtja e kujdesit sh\u00ebndet\u00ebsor apo e sistemit arsimor duhet t\u00eb jet\u00eb transparente dhe n\u00eb p\u00ebrputhje me ligjet e Kosov\u00ebs. Ky do t\u00eb ishte nj\u00eb p\u00ebrmir\u00ebsim i duksh\u00ebm n\u00eb situat\u00ebn aktuale. Ai do t\u00eb adresonte shqet\u00ebsimet e komunitetit etnik serb dhe, ne besojm\u00eb, do t\u2019i ndihmonte q\u00ebndrueshm\u00ebris\u00eb. Pra, ne i sfidojm\u00eb ata q\u00eb thon\u00eb se p\u00ebr nga natyra e tij, asociacioni i komunave me shumic\u00eb serbe \u00ebsht\u00eb i d\u00ebmsh\u00ebm p\u00ebr funksionimin e mir\u00eb t\u00eb shtetit t\u00eb Kosov\u00ebs. Ne besojm\u00eb fuqimisht se ka m\u00ebnyra p\u00ebr ta b\u00ebr\u00eb k\u00ebt\u00eb asisoj q\u00eb n\u00eb t\u00eb v\u00ebrtet\u00eb p\u00ebrmir\u00ebson funksionin e shtetit t\u00eb Kosov\u00ebs duke p\u00ebrmbushur gjithashtu rolin kritik t\u00eb trajtimit t\u00eb shqet\u00ebsimeve reale t\u00eb komunitetit etnik serb n\u00eb Kosov\u00eb.<\/span><\/p>\n<p><span style=\"color: #000000;\"><strong>Z\u00ebri i Amerik\u00ebs<\/strong>: Kur po ua shpjegoni k\u00ebt\u00eb udh\u00ebheq\u00ebsve t\u00eb Kosov\u00ebs, si reagojn\u00eb ata?<\/span><\/p>\n<p><span style=\"color: #000000;\"><strong>Jeff Hovenier<\/strong>: Do t\u2019ua l\u00eb udh\u00ebheq\u00ebsve t\u00eb Kosov\u00ebs t\u00eb flasin vet\u00eb. Gjith\u00e7ka q\u00eb mund t\u00eb them \u00ebsht\u00eb se mendoj se kemi nj\u00eb argument bind\u00ebs.<\/span><\/p>\n<p><span style=\"color: #000000;\"><strong>Z\u00ebri i Amerik\u00ebs<\/strong>: Ambasador, por kur flisni me njer\u00ebzit n\u00eb Kosov\u00eb, ndonj\u00ebher\u00eb thon\u00eb se, e dini, edhe me ato garanci, njer\u00ebz si Milan Radoi\u00e7i\u00e7 mund ta udh\u00ebheqin at\u00eb asociacion t\u00eb komunave. Si mund t\u00eb ndihemi rehat me njer\u00ebz si ai?<\/span><\/p>\n<p><span style=\"color: #000000;\"><strong>Jeff Hovenier:<\/strong>\u00a0Kjo duket hipotetike. Dhe n\u00eb fund t\u00eb fundit, besojm\u00eb se duhet t\u00eb ket\u00eb nj\u00ebfar\u00eb besimi n\u00eb bashk\u00ebsin\u00eb nd\u00ebrkomb\u00ebtare dhe n\u00eb veten ton\u00eb q\u00eb t\u00eb jemi n\u00eb gjendje ta zbatojm\u00eb k\u00ebt\u00eb n\u00eb nj\u00eb m\u00ebnyr\u00eb q\u00eb \u00ebsht\u00eb n\u00eb t\u00eb mir\u00eb t\u00eb popullit t\u00eb Kosov\u00ebs, p\u00ebrfshir\u00eb komunitetin etnik serb n\u00eb Kosov\u00eb, duke respektuar dhe pranuar kuadrin aktual ligjor.<\/span><\/p>\n<p><span style=\"color: #000000;\"><strong>Z\u00ebri i Amerik\u00ebs:<\/strong>\u00a0Ambasador, autoritetet e Kosov\u00ebs shpreh\u00ebn pak\u00ebnaq\u00ebsi ndaj nd\u00ebrmjet\u00ebsit t\u00eb BE-s\u00eb, Miloslav Laj\u00e7ak, duke e perceptuar qasjen e tij si, si\u00e7 than\u00eb ata, shum\u00eb t\u00eb pabalancuar. N\u00eb t\u00eb nj\u00ebjt\u00ebn koh\u00eb, ka k\u00ebrkesa n\u00eb rritje p\u00ebr m\u00eb shum\u00eb p\u00ebrfshirje t\u00eb drejtp\u00ebrdrejt\u00eb t\u00eb SHBA-s\u00eb. Cilat jan\u00eb shanset p\u00ebr m\u00eb shum\u00eb SHBA n\u00eb k\u00ebt\u00eb proces?<\/span><\/p>\n<p><span style=\"color: #000000;\"><strong>Jeff Hovenier:<\/strong>\u00a0Nuk jam i sigurt se sa m\u00eb shum\u00eb Shtetet e Bashkuara mund t\u00eb p\u00ebrfshihen n\u00eb k\u00ebt\u00eb proces. Ky \u00ebsht\u00eb me t\u00eb drejt\u00eb nj\u00eb dialog i leht\u00ebsuar nga Bashkimi Evropian. Kjo \u00ebsht\u00eb me vend, sepse n\u00eb fund t\u00eb fundit, stimujt p\u00ebr t\u00eb b\u00ebr\u00eb gj\u00ebrat e v\u00ebshtira i takojn\u00eb Bashkimit Evropian. N\u00eb fund t\u00eb fundit, si\u00e7 deklaroi P\u00ebrfaq\u00ebsuesi i Lart\u00eb Josep Borrell n\u00eb Oh\u00ebr, k\u00ebto angazhime q\u00eb jan\u00eb marr\u00eb duhet t\u00eb b\u00ebhen pjes\u00eb e proceseve t\u00eb an\u00ebtar\u00ebsimit p\u00ebr t\u00eb dyja vendet. Dhe meq\u00eb b\u00ebhet fjal\u00eb p\u00ebr nj\u00eb proces evropian me detyrime evropiane dhe angazhime evropiane, \u00ebsht\u00eb e p\u00ebrshtatshme q\u00eb Bashkimi Evropian t\u00eb marr\u00eb drejtimin dhe leht\u00ebsimin e atij q\u00eb n\u00eb fund nuk \u00ebsht\u00eb nj\u00eb dialog me Evrop\u00ebn, por nd\u00ebrmjet Kosov\u00ebs dhe Serbis\u00eb. Mendoj se Shtetet e Bashkuara kan\u00eb treguar sa e sa her\u00eb se sa seriozisht e marrim k\u00ebt\u00eb, sa t\u00eb p\u00ebrkushtuar jemi q\u00eb ta shohim k\u00ebt\u00eb \u00e7\u00ebshtje t\u00eb zgjidhur me sukses. Miroslav Laj\u00e7ak g\u00ebzon mb\u00ebshtetjen ton\u00eb t\u00eb plot\u00eb. Ky dialog e g\u00ebzon mb\u00ebshtetjen ton\u00eb. Un\u00eb shpenzoj m\u00eb shum\u00eb koh\u00eb n\u00eb k\u00ebto \u00e7\u00ebshtje se n\u00eb \u00e7do gj\u00eb tjet\u00ebr q\u00eb b\u00ebj si ambasador amerikan n\u00eb Kosov\u00eb. Kolegu im n\u00eb Beograd \u00ebsht\u00eb shum\u00eb i p\u00ebrfshir\u00eb. I d\u00ebrguari yn\u00eb i posa\u00e7\u00ebm \u00ebsht\u00eb shum\u00eb, shum\u00eb i p\u00ebrfshir\u00eb. K\u00ebshtu q\u00eb ndonj\u00ebher\u00eb jam n\u00eb siklet kur njer\u00ebzit pyesin sa m\u00eb t\u00eb p\u00ebrfshir\u00eb mund t\u00eb jemi kur mendoj se sa t\u00eb p\u00ebrfshir\u00eb jemi tashm\u00eb. N\u00eb fund t\u00eb fundit ne duam t\u00eb shohim sukses p\u00ebr Kosov\u00ebn. Duam t\u00eb shohim sukses edhe p\u00ebr Serbin\u00eb. Dhe ne duam t\u00eb shohim sukses p\u00ebr Bashkimin Evropian p\u00ebr t&#8217;i par\u00eb k\u00ebto vende plot\u00ebsisht n\u00eb rrug\u00ebn e integrimit n\u00eb bllok, gj\u00eb q\u00eb do t\u00eb rriste q\u00ebndrueshm\u00ebrin\u00eb, do t\u00eb rriste p\u00ebrparimin dhe do t\u00eb ndihmonte realizimin e k\u00ebsaj pik\u00ebpamjeje q\u00eb ne t\u00eb gjith\u00eb e ndajm\u00eb p\u00ebr nj\u00eb Evrop\u00eb t\u00eb t\u00ebr\u00eb, t\u00eb lir\u00eb dhe n\u00eb paqe. Ky \u00ebsht\u00eb q\u00ebllimi p\u00ebrfundimtar.<\/span><\/p>\n<p><span style=\"color: #000000;\"><strong>Z\u00ebri i Amerik\u00ebs:<\/strong>\u00a0A mund t\u00eb presim ndonj\u00eb l\u00ebvizje n\u00eb dit\u00ebt n\u00eb vijim p\u00ebr t\u00eb \u00e7uar p\u00ebrpara k\u00ebt\u00eb proces t\u00eb dialogut? A ka ndonj\u00eb plan?<\/span><\/p>\n<p><span style=\"color: #000000;\"><strong>Jeff Hovenier:<\/strong>\u00a0Ne jemi shum\u00eb t\u00eb p\u00ebrkushtuar p\u00ebr t\u00eb par\u00eb p\u00ebrparim n\u00eb dialog. Nuk mund t\u00eb flas p\u00ebr ve\u00e7anti, por pres p\u00ebrpjekje t\u00eb reja sepse \u00ebsht\u00eb urgjente. Si\u00e7 e thash\u00eb edhe m\u00eb par\u00eb, 24 shtatori tregoi se nuk kemi koh\u00eb p\u00ebr t\u00eb humbur. Ne duhet t\u00eb ecim p\u00ebrpara urgjentisht me arritjen e mir\u00ebkuptimit t\u00eb p\u00ebrbashk\u00ebt se si t\u00eb zbatohen plot\u00ebsisht, n\u00eb m\u00ebnyr\u00eb efektive, detyrimet q\u00eb jan\u00eb marr\u00eb nga t\u00eb dyja vendet sipas marr\u00ebveshjes baz\u00eb dhe aneksit t\u00eb zbatimit t\u00eb saj.<\/span><\/p>\n<p><span style=\"color: #000000;\"><strong>Z\u00ebri i Amerik\u00ebs:<\/strong>\u00a0Po kthehem s\u00ebrish te 24 shtatori. A shihni ndonj\u00eb shenj\u00eb t\u00eb nd\u00ebrhyrjes s\u00eb Rusis\u00eb n\u00eb at\u00eb q\u00eb ndodhi n\u00eb veri, duke pasur parasysh se disa do t\u00eb argumentojn\u00eb se kjo do t\u00eb ishte n\u00eb dobi t\u00eb q\u00ebllimit t\u00eb Kremlinit p\u00ebr t\u00eb larguar v\u00ebmendjen nga Ukraina?<\/span><\/p>\n<p><span style=\"color: #000000;\"><strong>Jeff Hovenier:<\/strong>\u00a0Mendoj se ne t\u00eb gjith\u00eb duhet t\u00eb shqet\u00ebsohemi p\u00ebr \u00e7do gj\u00eb q\u00eb do t\u00eb largonte v\u00ebmendjen nga \u00e7\u00ebshtjet kritike n\u00eb Ukrain\u00eb dhe nga lloji i luft\u00ebs brutale t\u00eb (Vladimir) Putinit dhe k\u00ebtij parimit q\u00eb Putini beson se ai do t\u00eb vendos p\u00ebr t\u00eb ardhmen e nj\u00eb vendi fqinj dhe jo qytetar\u00ebt e atij vendi. Nuk mund ta pranojm\u00eb k\u00ebt\u00eb. Dhe, sigurisht, ai p\u00ebrfiton kur ka paq\u00ebndrueshm\u00ebri diku tjet\u00ebr n\u00eb rajon. Jam i sigurt se ai \u00ebsht\u00eb i k\u00ebnaqur kur ka paq\u00ebndrueshm\u00ebri dhe konflikt. Nga ana tjet\u00ebr, tani p\u00ebr tani nuk mund t\u00eb them se kemi ndonj\u00eb informacion q\u00eb do t\u00eb sugjeronte drejtp\u00ebrdrejt se Putini ose Kremlini q\u00ebndron pas disa prej paq\u00ebndrueshm\u00ebrive q\u00eb kemi par\u00eb n\u00eb mes t\u00eb Kosov\u00ebs dhe Serbis\u00eb. Por, ajo q\u00eb ne duam t\u00eb b\u00ebjm\u00eb \u00ebsht\u00eb t\u00eb shmangim konfliktin duke ecur p\u00ebrpara p\u00ebr t\u00eb arritur zbatimin e plot\u00eb t\u00eb Marr\u00ebveshjes Themelore dhe aneksit t\u00eb zbatimit, i cili do t\u00eb largonte k\u00ebt\u00eb burim t\u00eb paq\u00ebndrueshm\u00ebris\u00eb s\u00eb mundshme. Nga k\u00ebndv\u00ebshtrimi yn\u00eb, kjo \u00ebsht\u00eb urgjente.<\/span><\/p>\n","protected":false,"gt_translate_keys":[{"key":"rendered","format":"html"}]},"excerpt":{"rendered":"<p>Ambasadori amerikan n\u00eb Prishtin\u00eb, Jeff Hovenier, tha n\u00eb nj\u00eb intervist\u00eb me Z\u00ebrin e Amerik\u00ebs se zbatimi i marr\u00ebveshjes p\u00ebr normalizimin e marr\u00ebdh\u00ebnieve me Serbin\u00eb \u00ebsht\u00eb nj\u00eb nga m\u00ebnyrat p\u00ebr t\u00eb rritur sigurin\u00eb e Kosov\u00ebs, t\u00eb cil\u00ebn e cil\u00ebsoi t\u00eb brisht\u00eb pas ngjarjeve t\u00eb 24 shtatorit. Ambasadori Hovenier tha se Shtetet e Bashkuara do t\u00eb marrin [&hellip;]<\/p>\n","protected":false,"gt_translate_keys":[{"key":"rendered","format":"html"}]},"author":32,"featured_media":622816,"comment_status":"closed","ping_status":"closed","sticky":false,"template":"","format":"standard","meta":{"footnotes":""},"categories":[149,13],"tags":[],"class_list":["post-622815","post","type-post","status-publish","format-standard","has-post-thumbnail","hentry","category-kosoverajon","category-te-fundit"],"gt_translate_keys":[{"key":"link","format":"url"}],"_links":{"self":[{"href":"https:\/\/www.hashtag.al\/index.php\/wp-json\/wp\/v2\/posts\/622815","targetHints":{"allow":["GET"]}}],"collection":[{"href":"https:\/\/www.hashtag.al\/index.php\/wp-json\/wp\/v2\/posts"}],"about":[{"href":"https:\/\/www.hashtag.al\/index.php\/wp-json\/wp\/v2\/types\/post"}],"author":[{"embeddable":true,"href":"https:\/\/www.hashtag.al\/index.php\/wp-json\/wp\/v2\/users\/32"}],"replies":[{"embeddable":true,"href":"https:\/\/www.hashtag.al\/index.php\/wp-json\/wp\/v2\/comments?post=622815"}],"version-history":[{"count":0,"href":"https:\/\/www.hashtag.al\/index.php\/wp-json\/wp\/v2\/posts\/622815\/revisions"}],"wp:featuredmedia":[{"embeddable":true,"href":"https:\/\/www.hashtag.al\/index.php\/wp-json\/wp\/v2\/media\/622816"}],"wp:attachment":[{"href":"https:\/\/www.hashtag.al\/index.php\/wp-json\/wp\/v2\/media?parent=622815"}],"wp:term":[{"taxonomy":"category","embeddable":true,"href":"https:\/\/www.hashtag.al\/index.php\/wp-json\/wp\/v2\/categories?post=622815"},{"taxonomy":"post_tag","embeddable":true,"href":"https:\/\/www.hashtag.al\/index.php\/wp-json\/wp\/v2\/tags?post=622815"}],"curies":[{"name":"wp","href":"https:\/\/api.w.org\/{rel}","templated":true}]}}