{"id":622467,"date":"2023-10-11T14:44:08","date_gmt":"2023-10-11T12:44:08","guid":{"rendered":"https:\/\/www.hashtag.al\/?p=622467"},"modified":"2023-10-11T14:44:08","modified_gmt":"2023-10-11T12:44:08","slug":"mbledhja-e-konferences-se-kryetareve-rrezohet-kerkesa-e-opozites-per-nje-komision-te-trete-hetimor","status":"publish","type":"post","link":"https:\/\/www.hashtag.al\/index.php\/2023\/10\/11\/mbledhja-e-konferences-se-kryetareve-rrezohet-kerkesa-e-opozites-per-nje-komision-te-trete-hetimor\/","title":{"rendered":"Mbledhja e Konferenc\u00ebs s\u00eb Kryetar\u00ebve, rr\u00ebzohet k\u00ebrkesa e opozit\u00ebs p\u00ebr nj\u00eb komision t\u00eb tret\u00eb hetimor","gt_translate_keys":[{"key":"rendered","format":"text"}]},"content":{"rendered":"<p><span style=\"color: #000000;\"><a href=\"https:\/\/www.hashtag.al\/wp-content\/uploads\/2023\/10\/1696359801_konferencaekryetareve.jpg\"><img loading=\"lazy\" decoding=\"async\" class=\"aligncenter size-full wp-image-622468\" src=\"https:\/\/www.hashtag.al\/wp-content\/uploads\/2023\/10\/1696359801_konferencaekryetareve.jpg\" alt=\"\" width=\"780\" height=\"440\" srcset=\"https:\/\/www.hashtag.al\/wp-content\/uploads\/2023\/10\/1696359801_konferencaekryetareve.jpg 780w, https:\/\/www.hashtag.al\/wp-content\/uploads\/2023\/10\/1696359801_konferencaekryetareve-300x169.jpg 300w, https:\/\/www.hashtag.al\/wp-content\/uploads\/2023\/10\/1696359801_konferencaekryetareve-768x433.jpg 768w\" sizes=\"auto, (max-width: 780px) 100vw, 780px\" \/><\/a><\/span><\/p>\n<p><span style=\"color: #000000;\">Konferenca e Kryetar\u00ebve rr\u00ebzoi k\u00ebrkes\u00ebn e tret\u00eb t\u00eb opozit\u00ebs p\u00ebr ngritjen e nj\u00eb Komisioni Hetimor p\u00ebr parandalimin e konfliktit t\u00eb interesit p\u00ebr abuzimet me fondet publike.<\/span><\/p>\n<p><span style=\"color: #000000;\">M\u00eb her\u00ebt mazhoranca refuzoi edhe dy k\u00ebrkesa t\u00eb opozit\u00ebs p\u00ebr ngritjen e Komisioneve hetimore p\u00ebr rrjedhjen e t\u00eb dh\u00ebnave t\u00eb qytetar\u00ebve nga sistemi TIMS si dhe nj\u00eb tjet\u00ebr p\u00ebr koncensionin e sterilizimit.<\/span><\/p>\n<p>&nbsp;<\/p>\n<p><img decoding=\"async\" src=\"https:\/\/shqiptarja.com\/uploads\/ckeditor\/65269522e79deScreenshot_1.jpg\" \/><\/p>\n","protected":false,"gt_translate_keys":[{"key":"rendered","format":"html"}]},"excerpt":{"rendered":"<p>Konferenca e Kryetar\u00ebve rr\u00ebzoi k\u00ebrkes\u00ebn e tret\u00eb t\u00eb opozit\u00ebs p\u00ebr ngritjen e nj\u00eb Komisioni Hetimor p\u00ebr parandalimin e konfliktit t\u00eb interesit p\u00ebr abuzimet me fondet publike. M\u00eb her\u00ebt mazhoranca refuzoi edhe dy k\u00ebrkesa t\u00eb opozit\u00ebs p\u00ebr ngritjen e Komisioneve hetimore p\u00ebr rrjedhjen e t\u00eb dh\u00ebnave t\u00eb qytetar\u00ebve nga sistemi TIMS si dhe nj\u00eb tjet\u00ebr p\u00ebr [&hellip;]<\/p>\n","protected":false,"gt_translate_keys":[{"key":"rendered","format":"html"}]},"author":30,"featured_media":622468,"comment_status":"closed","ping_status":"closed","sticky":false,"template":"","format":"standard","meta":{"footnotes":""},"categories":[65],"tags":[],"class_list":["post-622467","post","type-post","status-publish","format-standard","has-post-thumbnail","hentry","category-lajme"],"gt_translate_keys":[{"key":"link","format":"url"}],"_links":{"self":[{"href":"https:\/\/www.hashtag.al\/index.php\/wp-json\/wp\/v2\/posts\/622467","targetHints":{"allow":["GET"]}}],"collection":[{"href":"https:\/\/www.hashtag.al\/index.php\/wp-json\/wp\/v2\/posts"}],"about":[{"href":"https:\/\/www.hashtag.al\/index.php\/wp-json\/wp\/v2\/types\/post"}],"author":[{"embeddable":true,"href":"https:\/\/www.hashtag.al\/index.php\/wp-json\/wp\/v2\/users\/30"}],"replies":[{"embeddable":true,"href":"https:\/\/www.hashtag.al\/index.php\/wp-json\/wp\/v2\/comments?post=622467"}],"version-history":[{"count":0,"href":"https:\/\/www.hashtag.al\/index.php\/wp-json\/wp\/v2\/posts\/622467\/revisions"}],"wp:featuredmedia":[{"embeddable":true,"href":"https:\/\/www.hashtag.al\/index.php\/wp-json\/wp\/v2\/media\/622468"}],"wp:attachment":[{"href":"https:\/\/www.hashtag.al\/index.php\/wp-json\/wp\/v2\/media?parent=622467"}],"wp:term":[{"taxonomy":"category","embeddable":true,"href":"https:\/\/www.hashtag.al\/index.php\/wp-json\/wp\/v2\/categories?post=622467"},{"taxonomy":"post_tag","embeddable":true,"href":"https:\/\/www.hashtag.al\/index.php\/wp-json\/wp\/v2\/tags?post=622467"}],"curies":[{"name":"wp","href":"https:\/\/api.w.org\/{rel}","templated":true}]}}