{"id":622195,"date":"2023-10-10T15:02:00","date_gmt":"2023-10-10T13:02:00","guid":{"rendered":"https:\/\/www.hashtag.al\/?p=622195"},"modified":"2023-10-10T15:02:00","modified_gmt":"2023-10-10T13:02:00","slug":"berisha-kerkon-qe-te-votohet-rezoluta-e-pd-se-per-kosoven-nuk-mbyll-dyert-per-mirekuptim-me-ps-ne","status":"publish","type":"post","link":"https:\/\/www.hashtag.al\/index.php\/2023\/10\/10\/berisha-kerkon-qe-te-votohet-rezoluta-e-pd-se-per-kosoven-nuk-mbyll-dyert-per-mirekuptim-me-ps-ne\/","title":{"rendered":"Berisha k\u00ebrkon q\u00eb t\u00eb votohet rezoluta e PD-s\u00eb p\u00ebr Kosov\u00ebn, nuk mbyll dyert p\u00ebr mir\u00ebkuptim me PS-n\u00eb","gt_translate_keys":[{"key":"rendered","format":"text"}]},"content":{"rendered":"<p><span style=\"color: #000000;\"><a style=\"color: #000000;\" href=\"https:\/\/www.hashtag.al\/wp-content\/uploads\/2023\/10\/berisha.jpg\"><img loading=\"lazy\" decoding=\"async\" class=\"aligncenter size-full wp-image-622196\" src=\"https:\/\/www.hashtag.al\/wp-content\/uploads\/2023\/10\/berisha.jpg\" alt=\"\" width=\"768\" height=\"480\" srcset=\"https:\/\/www.hashtag.al\/wp-content\/uploads\/2023\/10\/berisha.jpg 768w, https:\/\/www.hashtag.al\/wp-content\/uploads\/2023\/10\/berisha-300x188.jpg 300w\" sizes=\"auto, (max-width: 768px) 100vw, 768px\" \/><\/a><\/span><\/p>\n<p><span style=\"color: #000000;\">Kryetari i PD-s\u00eb t\u00eb Rithemelimit, Sali Berisha n\u00eb nj\u00eb deklarat\u00eb p\u00ebr mediat pas mbledhjes s\u00eb deputet\u00ebve t\u00eb grupit t\u00eb tij foli mbi rezolut\u00ebn p\u00ebr Kosov\u00ebn q\u00eb pritet t\u00eb miratohet n\u00eb Parlament.<\/span><\/p>\n<p><span style=\"color: #000000;\">Berisha u shpreh se do k\u00ebrkojn\u00eb me ngulm q\u00eb t\u00eb votohet rezoluta e tyre q\u00eb sipas tij \u00ebsht\u00eb n\u00eb p\u00ebrputhje t\u00eb plot\u00eb me q\u00ebndrimet e parlamentit t\u00eb Kosov\u00ebs dhe miqve t\u00eb saj. Ai shtoi p\u00ebr k\u00ebt\u00eb rezolut\u00eb se teksti i saj d\u00ebnon Serbin\u00eb p\u00ebr sulmin e armatosur n\u00eb Banjsk\u00eb.<\/span><\/p>\n<p><span style=\"color: #000000;\">Por Berisha la t\u00eb hapur mund\u00ebsin\u00eb p\u00ebr nj\u00eb rezolut\u00eb t\u00eb p\u00ebrbashk\u00ebt me shumic\u00ebn qeveris\u00ebse n\u00eb Parlament.<\/span><\/p>\n<p><span style=\"color: #000000;\">\u201c<em>Opozita konstaton se qeveria b\u00ebn gjith\u00e7ka p\u00ebr t\u00eb shtypur \u00e7do t\u00eb drejt\u00eb t\u00eb opozit\u00ebs. U diskutua p\u00ebr propozimet p\u00ebr rezolut\u00ebn ndaj Kosov\u00ebs, nj\u00eb tekst shum\u00eb i mir\u00eb. Deri tani t\u00eb dh\u00ebnat se maxhoranca nuk pajtohet me d\u00ebnimin e Serbis\u00eb p\u00ebr at\u00eb q\u00eb ndodhi n\u00eb Kosov\u00eb, por n\u00ebse kjo klauzol\u00eb nuk pranohet, at\u00ebher\u00eb ku parlament mund t\u00eb quhet parlament i Bjellorusis\u00eb. Ne kemi rezolut\u00ebn ton\u00eb, k\u00ebrkojm\u00eb t\u00eb votohet rezoluta jon\u00eb. Rezoluta q\u00eb paraqet grupi parlamentar i PD-s\u00eb \u00ebsht\u00eb n\u00eb p\u00ebrputhje t\u00eb plot\u00eb me q\u00ebndrimet e parlamentit t\u00eb Kosov\u00ebs, me q\u00ebndrimet e miqve t\u00eb Kosov\u00ebs. \u00cbsht\u00eb nj\u00eb rezolut\u00eb shum\u00eb mir\u00eb e studiuar. Urojm\u00eb dhe shpresojm\u00eb q\u00eb t\u00eb mos mbeten skllev\u00ebr t\u00eb Vu\u00e7i\u00e7it, emri i t\u00eb cilit nuk \u00ebsht\u00eb p\u00ebrmendur ndonj\u00ebher\u00eb nga Edi Rama. Megjithat\u00eb urojm\u00eb t\u00eb votohet rezoluta jon\u00eb, ose t\u00eb gjejm\u00eb nj\u00eb mir\u00ebkuptim p\u00ebr rezolut\u00eb t\u00eb p\u00ebrbashk\u00ebt. P\u00ebr zhvillime t\u00eb tjera do ju informoj\u00eb Gazment Bardhi<\/em>\u201d, deklaroi Berisha.<\/span><\/p>\n","protected":false,"gt_translate_keys":[{"key":"rendered","format":"html"}]},"excerpt":{"rendered":"<p>Kryetari i PD-s\u00eb t\u00eb Rithemelimit, Sali Berisha n\u00eb nj\u00eb deklarat\u00eb p\u00ebr mediat pas mbledhjes s\u00eb deputet\u00ebve t\u00eb grupit t\u00eb tij foli mbi rezolut\u00ebn p\u00ebr Kosov\u00ebn q\u00eb pritet t\u00eb miratohet n\u00eb Parlament. Berisha u shpreh se do k\u00ebrkojn\u00eb me ngulm q\u00eb t\u00eb votohet rezoluta e tyre q\u00eb sipas tij \u00ebsht\u00eb n\u00eb p\u00ebrputhje t\u00eb plot\u00eb me q\u00ebndrimet [&hellip;]<\/p>\n","protected":false,"gt_translate_keys":[{"key":"rendered","format":"html"}]},"author":32,"featured_media":622196,"comment_status":"closed","ping_status":"closed","sticky":false,"template":"","format":"standard","meta":{"footnotes":""},"categories":[65,13],"tags":[],"class_list":["post-622195","post","type-post","status-publish","format-standard","has-post-thumbnail","hentry","category-lajme","category-te-fundit"],"gt_translate_keys":[{"key":"link","format":"url"}],"_links":{"self":[{"href":"https:\/\/www.hashtag.al\/index.php\/wp-json\/wp\/v2\/posts\/622195","targetHints":{"allow":["GET"]}}],"collection":[{"href":"https:\/\/www.hashtag.al\/index.php\/wp-json\/wp\/v2\/posts"}],"about":[{"href":"https:\/\/www.hashtag.al\/index.php\/wp-json\/wp\/v2\/types\/post"}],"author":[{"embeddable":true,"href":"https:\/\/www.hashtag.al\/index.php\/wp-json\/wp\/v2\/users\/32"}],"replies":[{"embeddable":true,"href":"https:\/\/www.hashtag.al\/index.php\/wp-json\/wp\/v2\/comments?post=622195"}],"version-history":[{"count":0,"href":"https:\/\/www.hashtag.al\/index.php\/wp-json\/wp\/v2\/posts\/622195\/revisions"}],"wp:featuredmedia":[{"embeddable":true,"href":"https:\/\/www.hashtag.al\/index.php\/wp-json\/wp\/v2\/media\/622196"}],"wp:attachment":[{"href":"https:\/\/www.hashtag.al\/index.php\/wp-json\/wp\/v2\/media?parent=622195"}],"wp:term":[{"taxonomy":"category","embeddable":true,"href":"https:\/\/www.hashtag.al\/index.php\/wp-json\/wp\/v2\/categories?post=622195"},{"taxonomy":"post_tag","embeddable":true,"href":"https:\/\/www.hashtag.al\/index.php\/wp-json\/wp\/v2\/tags?post=622195"}],"curies":[{"name":"wp","href":"https:\/\/api.w.org\/{rel}","templated":true}]}}