{"id":622036,"date":"2023-10-09T18:52:47","date_gmt":"2023-10-09T16:52:47","guid":{"rendered":"https:\/\/www.hashtag.al\/?p=622036"},"modified":"2023-10-09T18:58:06","modified_gmt":"2023-10-09T16:58:06","slug":"zjarr-ne-fier-perfshihet-nga-flaket-toka-digjen-300-rrenje-ullinj","status":"publish","type":"post","link":"https:\/\/www.hashtag.al\/index.php\/2023\/10\/09\/zjarr-ne-fier-perfshihet-nga-flaket-toka-digjen-300-rrenje-ullinj\/","title":{"rendered":"Zjarr n\u00eb Fier, p\u00ebrfshihet nga flak\u00ebt toka, digjen 300 rr\u00ebnj\u00eb ullinj","gt_translate_keys":[{"key":"rendered","format":"text"}]},"content":{"rendered":"<p style=\"text-align: left;\"><span style=\"color: #000000;\"><img loading=\"lazy\" decoding=\"async\" class=\"alignnone size-full wp-image-622046\" src=\"https:\/\/www.hashtag.al\/wp-content\/uploads\/2023\/10\/zjarr-1.jpg\" alt=\"\" width=\"766\" height=\"450\" srcset=\"https:\/\/www.hashtag.al\/wp-content\/uploads\/2023\/10\/zjarr-1.jpg 766w, https:\/\/www.hashtag.al\/wp-content\/uploads\/2023\/10\/zjarr-1-300x176.jpg 300w\" sizes=\"auto, (max-width: 766px) 100vw, 766px\" \/><\/span><\/p>\n<p style=\"text-align: left;\"><span style=\"color: #000000;\">Nj\u00eb sip\u00ebrfaqe e konsiderueshme toke \u00ebsht\u00eb p\u00ebrfshir\u00eb nga zjarri n\u00eb fshatin Grecalli t\u00eb Fierit.<\/span><\/p>\n<p style=\"text-align: left;\"><span style=\"color: #000000;\">M\u00ebsohet se era ka devijuar zjarrin n\u00eb tokat e mbjella me ullinj.<\/span><\/p>\n<p style=\"text-align: left;\"><span style=\"color: #000000;\">Sipas banor\u00ebve, nga zjarri jan\u00eb djegur 300 rr\u00ebnj\u00eb ullinj.<\/span><\/p>\n<p style=\"text-align: left;\"><span style=\"color: #000000;\">Nd\u00ebrkoh\u00eb, n\u00eb vendngjarje ka mb\u00ebrritur zjarrfik\u00ebsja dhe po punon p\u00ebr shuarjen e flak\u00ebve.<\/span><\/p>\n","protected":false,"gt_translate_keys":[{"key":"rendered","format":"html"}]},"excerpt":{"rendered":"<p>Nj\u00eb sip\u00ebrfaqe e konsiderueshme toke \u00ebsht\u00eb p\u00ebrfshir\u00eb nga zjarri n\u00eb fshatin Grecalli t\u00eb Fierit. M\u00ebsohet se era ka devijuar zjarrin n\u00eb tokat e mbjella me ullinj. Sipas banor\u00ebve, nga zjarri jan\u00eb djegur 300 rr\u00ebnj\u00eb ullinj. Nd\u00ebrkoh\u00eb, n\u00eb vendngjarje ka mb\u00ebrritur zjarrfik\u00ebsja dhe po punon p\u00ebr shuarjen e flak\u00ebve.<\/p>\n","protected":false,"gt_translate_keys":[{"key":"rendered","format":"html"}]},"author":4,"featured_media":622046,"comment_status":"closed","ping_status":"closed","sticky":false,"template":"","format":"standard","meta":{"footnotes":""},"categories":[65],"tags":[],"class_list":["post-622036","post","type-post","status-publish","format-standard","has-post-thumbnail","hentry","category-lajme"],"gt_translate_keys":[{"key":"link","format":"url"}],"_links":{"self":[{"href":"https:\/\/www.hashtag.al\/index.php\/wp-json\/wp\/v2\/posts\/622036","targetHints":{"allow":["GET"]}}],"collection":[{"href":"https:\/\/www.hashtag.al\/index.php\/wp-json\/wp\/v2\/posts"}],"about":[{"href":"https:\/\/www.hashtag.al\/index.php\/wp-json\/wp\/v2\/types\/post"}],"author":[{"embeddable":true,"href":"https:\/\/www.hashtag.al\/index.php\/wp-json\/wp\/v2\/users\/4"}],"replies":[{"embeddable":true,"href":"https:\/\/www.hashtag.al\/index.php\/wp-json\/wp\/v2\/comments?post=622036"}],"version-history":[{"count":0,"href":"https:\/\/www.hashtag.al\/index.php\/wp-json\/wp\/v2\/posts\/622036\/revisions"}],"wp:featuredmedia":[{"embeddable":true,"href":"https:\/\/www.hashtag.al\/index.php\/wp-json\/wp\/v2\/media\/622046"}],"wp:attachment":[{"href":"https:\/\/www.hashtag.al\/index.php\/wp-json\/wp\/v2\/media?parent=622036"}],"wp:term":[{"taxonomy":"category","embeddable":true,"href":"https:\/\/www.hashtag.al\/index.php\/wp-json\/wp\/v2\/categories?post=622036"},{"taxonomy":"post_tag","embeddable":true,"href":"https:\/\/www.hashtag.al\/index.php\/wp-json\/wp\/v2\/tags?post=622036"}],"curies":[{"name":"wp","href":"https:\/\/api.w.org\/{rel}","templated":true}]}}