{"id":621972,"date":"2023-10-09T13:31:00","date_gmt":"2023-10-09T11:31:00","guid":{"rendered":"https:\/\/www.hashtag.al\/?p=621972"},"modified":"2023-10-09T13:31:00","modified_gmt":"2023-10-09T11:31:00","slug":"u-raportua-se-e-zuri-poshte-ashensori-policia-per-vdekjen-e-punetorit-ne-tirane-ra-nga-lartesia-arrestohet-pergjegjesi-i-punimeve","status":"publish","type":"post","link":"https:\/\/www.hashtag.al\/index.php\/2023\/10\/09\/u-raportua-se-e-zuri-poshte-ashensori-policia-per-vdekjen-e-punetorit-ne-tirane-ra-nga-lartesia-arrestohet-pergjegjesi-i-punimeve\/","title":{"rendered":"U raportua se e zuri posht\u00eb ashensori, policia p\u00ebr vdekjen e pun\u00ebtorit n\u00eb Tiran\u00eb: Ra nga lart\u00ebsia. Arrestohet p\u00ebrgjegj\u00ebsi i punimeve","gt_translate_keys":[{"key":"rendered","format":"text"}]},"content":{"rendered":"<p><span style=\"color: #000000;\"><a href=\"https:\/\/www.hashtag.al\/wp-content\/uploads\/2023\/09\/policia-2.jpg\"><img loading=\"lazy\" decoding=\"async\" class=\"aligncenter size-full wp-image-617645\" src=\"https:\/\/www.hashtag.al\/wp-content\/uploads\/2023\/09\/policia-2.jpg\" alt=\"\" width=\"723\" height=\"361\" srcset=\"https:\/\/www.hashtag.al\/wp-content\/uploads\/2023\/09\/policia-2.jpg 723w, https:\/\/www.hashtag.al\/wp-content\/uploads\/2023\/09\/policia-2-300x150.jpg 300w\" sizes=\"auto, (max-width: 723px) 100vw, 723px\" \/><\/a><\/span><\/p>\n<p><span style=\"color: #000000;\">Policia e Tiran\u00ebs ka zbardhur detaje p\u00ebr vdekjen e pun\u00ebtorit 58-vje\u00e7ar dit\u00ebn e djeshme n\u00eb nj\u00eb pallat n\u00eb nd\u00ebrtim n\u00eb zon\u00ebn e ish-fush\u00ebs s\u00eb Aviacionit.<\/span><\/p>\n<p><span style=\"color: #000000;\">Ndon\u00ebse fillimisht u raportua se ishte z\u00ebn\u00eb posht\u00eb nga ashensori q\u00eb p\u00ebrdorej nga pun\u00ebtor\u00ebt, i cili ishte shk\u00ebputur nga kati i par\u00eb n\u00eb minus 1, policia deklaron sot zyrtarisht se dyshohet se 58-vje\u00e7ari \u00ebsht\u00eb rr\u00ebzuar nga nj\u00eb lart\u00ebsi mes 2 kateve t\u00eb parkingut dhe si pasoj\u00eb ka humbur jet\u00ebn.<\/span><\/p>\n<p><span style=\"color: #000000;\">Policia nd\u00ebrkoh\u00eb ka arrestuar p\u00ebrgjegj\u00ebsin e punimeve n\u00eb pallatin ku ndodhi ngjarja.<\/span><\/p>\n<p><span style=\"color: #000000;\"><em>\u201cSpecialist\u00ebt p\u00ebr Hetimin e Krimeve t\u00eb Komisariatit t\u00eb Policis\u00eb Nr. 2 kan\u00eb arrestuar n\u00eb flagranc\u00eb shtetasin E. N., 34 vje\u00e7, banues n\u00eb Fush\u00eb M\u00ebzez, p\u00ebrgjegj\u00ebs punimesh n\u00eb pallatin ku u gjet i pajet\u00eb shtetasi T. M., mesdit\u00ebn e djeshme. Nga verifikimet e kryera p\u00ebr k\u00ebt\u00eb rast ka rezultuar se shtetasi T. M., 58 vje\u00e7, ishte pun\u00ebsuar n\u00eb m\u00ebnyr\u00eb t\u00eb paligjshme dhe nuk i ishin siguruar kushtet e mbrojtjes n\u00eb pun\u00eb. Nga veprimet hetimore dyshohet se shtetasi T. M., duke punuar n\u00eb pallatin n\u00eb nd\u00ebrtim, \u00ebsht\u00eb rr\u00ebzuar nga nj\u00eb lart\u00ebsi mes 2 kateve t\u00eb parkingut dhe si pasoj\u00eb ka humbur jet\u00ebn<\/em>\u201d, njoftoi zyrtarisht policia.<\/span><\/p>\n","protected":false,"gt_translate_keys":[{"key":"rendered","format":"html"}]},"excerpt":{"rendered":"<p>Policia e Tiran\u00ebs ka zbardhur detaje p\u00ebr vdekjen e pun\u00ebtorit 58-vje\u00e7ar dit\u00ebn e djeshme n\u00eb nj\u00eb pallat n\u00eb nd\u00ebrtim n\u00eb zon\u00ebn e ish-fush\u00ebs s\u00eb Aviacionit. Ndon\u00ebse fillimisht u raportua se ishte z\u00ebn\u00eb posht\u00eb nga ashensori q\u00eb p\u00ebrdorej nga pun\u00ebtor\u00ebt, i cili ishte shk\u00ebputur nga kati i par\u00eb n\u00eb minus 1, policia deklaron sot zyrtarisht se [&hellip;]<\/p>\n","protected":false,"gt_translate_keys":[{"key":"rendered","format":"html"}]},"author":30,"featured_media":617645,"comment_status":"closed","ping_status":"closed","sticky":false,"template":"","format":"standard","meta":{"footnotes":""},"categories":[65],"tags":[],"class_list":["post-621972","post","type-post","status-publish","format-standard","has-post-thumbnail","hentry","category-lajme"],"gt_translate_keys":[{"key":"link","format":"url"}],"_links":{"self":[{"href":"https:\/\/www.hashtag.al\/index.php\/wp-json\/wp\/v2\/posts\/621972","targetHints":{"allow":["GET"]}}],"collection":[{"href":"https:\/\/www.hashtag.al\/index.php\/wp-json\/wp\/v2\/posts"}],"about":[{"href":"https:\/\/www.hashtag.al\/index.php\/wp-json\/wp\/v2\/types\/post"}],"author":[{"embeddable":true,"href":"https:\/\/www.hashtag.al\/index.php\/wp-json\/wp\/v2\/users\/30"}],"replies":[{"embeddable":true,"href":"https:\/\/www.hashtag.al\/index.php\/wp-json\/wp\/v2\/comments?post=621972"}],"version-history":[{"count":0,"href":"https:\/\/www.hashtag.al\/index.php\/wp-json\/wp\/v2\/posts\/621972\/revisions"}],"wp:featuredmedia":[{"embeddable":true,"href":"https:\/\/www.hashtag.al\/index.php\/wp-json\/wp\/v2\/media\/617645"}],"wp:attachment":[{"href":"https:\/\/www.hashtag.al\/index.php\/wp-json\/wp\/v2\/media?parent=621972"}],"wp:term":[{"taxonomy":"category","embeddable":true,"href":"https:\/\/www.hashtag.al\/index.php\/wp-json\/wp\/v2\/categories?post=621972"},{"taxonomy":"post_tag","embeddable":true,"href":"https:\/\/www.hashtag.al\/index.php\/wp-json\/wp\/v2\/tags?post=621972"}],"curies":[{"name":"wp","href":"https:\/\/api.w.org\/{rel}","templated":true}]}}