{"id":621890,"date":"2023-10-09T10:11:44","date_gmt":"2023-10-09T08:11:44","guid":{"rendered":"https:\/\/www.hashtag.al\/?p=621890"},"modified":"2023-10-09T10:11:44","modified_gmt":"2023-10-09T08:11:44","slug":"arrestohen-tre-persona-ne-elbasan-u-kapen-me-mbi-20-kg-kanabis-dhe-arme-shpallet-ne-kerkim-nje-tjeter","status":"publish","type":"post","link":"https:\/\/www.hashtag.al\/index.php\/2023\/10\/09\/arrestohen-tre-persona-ne-elbasan-u-kapen-me-mbi-20-kg-kanabis-dhe-arme-shpallet-ne-kerkim-nje-tjeter\/","title":{"rendered":"Arrestohen tre persona n\u00eb Elbasan, u kap\u00ebn me mbi 20 kg kanabis dhe arm\u00eb, shpallet n\u00eb k\u00ebrkim nj\u00eb tjet\u00ebr","gt_translate_keys":[{"key":"rendered","format":"text"}]},"content":{"rendered":"<p><span style=\"font-weight: 400; color: #000000;\"><img loading=\"lazy\" decoding=\"async\" class=\"alignnone  wp-image-619016\" src=\"https:\/\/www.hashtag.al\/wp-content\/uploads\/2023\/09\/policia2.jpg\" alt=\"\" width=\"764\" height=\"465\" srcset=\"https:\/\/www.hashtag.al\/wp-content\/uploads\/2023\/09\/policia2.jpg 710w, https:\/\/www.hashtag.al\/wp-content\/uploads\/2023\/09\/policia2-300x183.jpg 300w\" sizes=\"auto, (max-width: 764px) 100vw, 764px\" \/><\/span><\/p>\n<p><span style=\"font-weight: 400; color: #000000;\">Tre persona jan\u00eb v\u00ebn\u00eb n\u00eb pranga n\u00eb qytetin e Elbasanit n\u00eb kuad\u00ebr t\u00eb operacionit antidrog\u00eb t\u00eb policis\u00eb, nd\u00ebrsa nj\u00eb tjet\u00ebr \u00ebsht\u00eb shpallur n\u00eb k\u00ebrkim.<\/span><\/p>\n<p><span style=\"font-weight: 400; color: #000000;\">Nga t\u00eb dh\u00ebnat\u00a0 e policis\u00eb, m\u00ebsohet se gjat\u00eb operacionit jan\u00eb sekuestruar rreth 22 kg kanabis, 2 arm\u00eb gjahu, si edhe municion luftarak.<\/span><\/p>\n<p><span style=\"font-weight: 400; color: #000000;\">N\u00eb kuad\u00ebr t\u00eb k\u00ebtij operacioni u vun\u00eb n\u00eb pranga shtetasit S. M., 59 vje\u00e7, Y. B., 47 vje\u00e7 dhe F. B., 35 vje\u00e7, t\u00eb tre banues n\u00eb Fier, p\u00ebr vepr\u00ebn penale \u201cProdhimi dhe shitja e narkotik\u00ebve\u201d, si dhe u shpall n\u00eb k\u00ebrkim shtetasi N. M., 33 vje\u00e7, banues n\u00eb Vlor\u00eb.<\/span><\/p>\n<p><span style=\"color: #000000;\"><i><span style=\"font-weight: 400;\">\u201cDVP Elbasan\/Finalizohet operacioni policor antidrog\u00eb i koduar \u201cPorosia\u201d.<\/span><\/i><\/span><\/p>\n<p><span style=\"color: #000000;\"><i><span style=\"font-weight: 400;\">Operacioni, rezultat i nj\u00eb hetimi me metoda proaktive, t\u00eb iniciuar nga Policia e Elbasanit, n\u00eb muajin maj 2023, dhe t\u00eb ndjekur n\u00eb bashk\u00ebpunim me Prokurorin\u00eb e Elbasanit.<\/span><\/i><\/span><\/p>\n<p><span style=\"color: #000000;\"><i><span style=\"font-weight: 400;\">Si rezultat i operacionit vihen n\u00eb pranga 3 shtetas dhe shpallet n\u00eb k\u00ebrkim 1 tjet\u00ebr.<\/span><\/i><\/span><\/p>\n<p><span style=\"color: #000000;\"><i><span style=\"font-weight: 400;\">Sekuestrohen rreth 22 kg kanabis, 2 arm\u00eb gjahu dhe municion luftarak.<\/span><\/i><\/span><\/p>\n<p><span style=\"color: #000000;\"><i><span style=\"font-weight: 400;\">N\u00eb vijim t\u00eb goditjeve t\u00eb nj\u00ebpasnj\u00ebshme kund\u00ebr veprimtarive kriminale t\u00eb prodhimit dhe shitjes s\u00eb l\u00ebnd\u00ebve narkotike (disa prej tyre t\u00eb realizuara n\u00eb kuad\u00ebr t\u00eb megaoperacioneve \u201cRrjeti\u201d dhe \u201cTempulli\u201d), si dhe si rezultat i nj\u00eb procedimi penal t\u00eb ndjekur me metoda proaktive, n\u00eb bashk\u00ebpunim me Prokurorin\u00eb e Elbasanit, n\u00eb baz\u00eb t\u00eb informacioneve t\u00eb siguruara nga specialist\u00ebt p\u00ebr Hetimin e Narkotik\u00ebve t\u00eb DVP Elbasan, gjat\u00eb vitit 2023, k\u00ebta specialist\u00eb, n\u00eb bashk\u00ebpunim me sh\u00ebrbimet e Forc\u00ebs s\u00eb Posa\u00e7me Operacionale t\u00eb DVP Elbasan, organizuan dhe finalizuan me sukses operacionin policor antidrog\u00eb t\u00eb koduar \u201cPorosia\u201d, <\/span><\/i><span style=\"font-weight: 400;\">njofton policia.<\/span><\/span><\/p>\n","protected":false,"gt_translate_keys":[{"key":"rendered","format":"html"}]},"excerpt":{"rendered":"<p>Tre persona jan\u00eb v\u00ebn\u00eb n\u00eb pranga n\u00eb qytetin e Elbasanit n\u00eb kuad\u00ebr t\u00eb operacionit antidrog\u00eb t\u00eb policis\u00eb, nd\u00ebrsa nj\u00eb tjet\u00ebr \u00ebsht\u00eb shpallur n\u00eb k\u00ebrkim. Nga t\u00eb dh\u00ebnat\u00a0 e policis\u00eb, m\u00ebsohet se gjat\u00eb operacionit jan\u00eb sekuestruar rreth 22 kg kanabis, 2 arm\u00eb gjahu, si edhe municion luftarak. N\u00eb kuad\u00ebr t\u00eb k\u00ebtij operacioni u vun\u00eb n\u00eb pranga [&hellip;]<\/p>\n","protected":false,"gt_translate_keys":[{"key":"rendered","format":"html"}]},"author":4,"featured_media":619016,"comment_status":"closed","ping_status":"closed","sticky":false,"template":"","format":"standard","meta":{"footnotes":""},"categories":[65],"tags":[],"class_list":["post-621890","post","type-post","status-publish","format-standard","has-post-thumbnail","hentry","category-lajme"],"gt_translate_keys":[{"key":"link","format":"url"}],"_links":{"self":[{"href":"https:\/\/www.hashtag.al\/index.php\/wp-json\/wp\/v2\/posts\/621890","targetHints":{"allow":["GET"]}}],"collection":[{"href":"https:\/\/www.hashtag.al\/index.php\/wp-json\/wp\/v2\/posts"}],"about":[{"href":"https:\/\/www.hashtag.al\/index.php\/wp-json\/wp\/v2\/types\/post"}],"author":[{"embeddable":true,"href":"https:\/\/www.hashtag.al\/index.php\/wp-json\/wp\/v2\/users\/4"}],"replies":[{"embeddable":true,"href":"https:\/\/www.hashtag.al\/index.php\/wp-json\/wp\/v2\/comments?post=621890"}],"version-history":[{"count":0,"href":"https:\/\/www.hashtag.al\/index.php\/wp-json\/wp\/v2\/posts\/621890\/revisions"}],"wp:featuredmedia":[{"embeddable":true,"href":"https:\/\/www.hashtag.al\/index.php\/wp-json\/wp\/v2\/media\/619016"}],"wp:attachment":[{"href":"https:\/\/www.hashtag.al\/index.php\/wp-json\/wp\/v2\/media?parent=621890"}],"wp:term":[{"taxonomy":"category","embeddable":true,"href":"https:\/\/www.hashtag.al\/index.php\/wp-json\/wp\/v2\/categories?post=621890"},{"taxonomy":"post_tag","embeddable":true,"href":"https:\/\/www.hashtag.al\/index.php\/wp-json\/wp\/v2\/tags?post=621890"}],"curies":[{"name":"wp","href":"https:\/\/api.w.org\/{rel}","templated":true}]}}