{"id":621593,"date":"2023-10-07T21:43:30","date_gmt":"2023-10-07T19:43:30","guid":{"rendered":"https:\/\/www.hashtag.al\/?p=621593"},"modified":"2023-10-07T21:29:35","modified_gmt":"2023-10-07T19:29:35","slug":"vendi-me-shumice-myslimane-po-shqyrton-kufizimet-per-hixhabin","status":"publish","type":"post","link":"https:\/\/www.hashtag.al\/index.php\/2023\/10\/07\/vendi-me-shumice-myslimane-po-shqyrton-kufizimet-per-hixhabin\/","title":{"rendered":"Vendi me shumic\u00eb myslimane po shqyrton kufizimet p\u00ebr hixhabin","gt_translate_keys":[{"key":"rendered","format":"text"}]},"content":{"rendered":"<p><img loading=\"lazy\" decoding=\"async\" class=\"aligncenter size-full wp-image-621595\" src=\"https:\/\/www.hashtag.al\/wp-content\/uploads\/2023\/10\/kazakistan.jpg\" alt=\"\" width=\"768\" height=\"432\" srcset=\"https:\/\/www.hashtag.al\/wp-content\/uploads\/2023\/10\/kazakistan.jpg 768w, https:\/\/www.hashtag.al\/wp-content\/uploads\/2023\/10\/kazakistan-300x169.jpg 300w\" sizes=\"auto, (max-width: 768px) 100vw, 768px\" \/><\/p>\n<p><span style=\"color: #000000;\">Kazakistani mund t\u00eb ndaloj\u00eb mbajtjen e shamive islamike n\u00eb publik, tha ministrja e Kultur\u00ebs dhe Informacionit Aida Balayeva gjat\u00eb nj\u00eb konference p\u00ebr shtyp n\u00eb Astana t\u00eb premten.<\/span><\/p>\n<p><span style=\"color: #000000;\">Balayeva tha se autoritetet do rishikojn\u00eb dhe p\u00ebrdit\u00ebsojn\u00eb ligjet n\u00eb fuqi, t\u00eb cilat ajo tha se nuk ofrojn\u00eb mjete t\u00eb mjaftueshme p\u00ebr t\u00eb trajtuar ekstremizmin fetar dhe \u2018l\u00ebvizjet fetare jo tradicionale\u2019.<\/span><\/p>\n<p><span style=\"color: #000000;\"><em>&#8220;Ligjet ekzistuese nuk p\u00ebrmbajn\u00eb as termin \u2018kulte fetare shkat\u00ebrruese&#8221;<\/em>, tha ajo, cituar nga agjencia e lajmeve Kazinform.<\/span><\/p>\n<p><span style=\"color: #000000;\">E pyetur n\u00ebse qeveria do ndalonte mbajtjen e shamive islame dhe veshjeve t\u00eb tjera fetare, Balayeva u p\u00ebrgjigj: <em>\u201cNe patjet\u00ebr do shqyrtojm\u00eb dhe propozojm\u00eb norma t\u00eb tilla, t\u00eb pakt\u00ebn p\u00ebr hap\u00ebsirat publike. Rregullore t\u00eb tilla praktikohen n\u00eb t\u00eb gjith\u00eb bot\u00ebn sepse \u00ebsht\u00eb \u00e7\u00ebshtje e siguris\u00eb komb\u00ebtare. \u00cbsht\u00eb shum\u00eb e v\u00ebshtir\u00eb t\u00eb identifikohen njer\u00ebzit n\u00eb hap\u00ebsirat publike ku fytyrat jan\u00eb t\u00eb mbuluara.\u201d<\/em><\/span><\/p>\n<p><span style=\"color: #000000;\"><em>\u201cMinistria do punoj\u00eb n\u00eb shtr\u00ebngimin e rregulloreve n\u00eb k\u00ebt\u00eb fush\u00eb\u201d<\/em>, shtoi Balayeva. Ministri tha se masat do hartohen n\u00eb k\u00ebshillim me OJQ-t\u00eb dhe ekspert\u00ebt, duke p\u00ebrfshir\u00eb studiues fetar\u00eb.<\/span><\/p>\n<p><span style=\"color: #000000;\">Duke folur para nj\u00eb grupi m\u00ebsuesish t\u00eb enjten, presidenti i Kazakistanit Kassym-Jomart Tokayev theksoi r\u00ebnd\u00ebsin\u00eb e sekularizmit t\u00eb sanksionuar n\u00eb kushtetut\u00ebn e vendit.<\/span><\/p>\n<p><span style=\"color: #000000;\"><em>\u201cKy parim duhet t\u00eb respektohet rrept\u00ebsisht n\u00eb t\u00eb gjitha sferat, duke p\u00ebrfshir\u00eb arsimin,\u201d<\/em> tha ai.<\/span><\/p>\n<p><span style=\"color: #000000;\">Rreth 65% e banor\u00ebve t\u00eb Kazakistanit jan\u00eb mysliman\u00eb dhe 20% jan\u00eb t\u00eb krishter\u00eb ortodoks\u00eb, sipas regjistrimit t\u00eb vitit 2021.<\/span><\/p>\n<p><span style=\"color: #000000;\">Debatet mbi veshjet fetare jan\u00eb ngritur n\u00eb disa vende vitet e fundit, duke p\u00ebrfshir\u00eb Britanin\u00eb, Franc\u00ebn dhe Gjermanin\u00eb. Muajin e kaluar, gjykata e lart\u00eb e Franc\u00ebs la n\u00eb fuqi nj\u00eb ndalim t\u00eb abayas, nj\u00eb veshje e ngjashme me rrob\u00ebn islame e veshur nga grate n\u00eb shkolla.<\/span><\/p>\n","protected":false,"gt_translate_keys":[{"key":"rendered","format":"html"}]},"excerpt":{"rendered":"<p>Kazakistani mund t\u00eb ndaloj\u00eb mbajtjen e shamive islamike n\u00eb publik, tha ministrja e Kultur\u00ebs dhe Informacionit Aida Balayeva gjat\u00eb nj\u00eb konference p\u00ebr shtyp n\u00eb Astana t\u00eb premten. Balayeva tha se autoritetet do rishikojn\u00eb dhe p\u00ebrdit\u00ebsojn\u00eb ligjet n\u00eb fuqi, t\u00eb cilat ajo tha se nuk ofrojn\u00eb mjete t\u00eb mjaftueshme p\u00ebr t\u00eb trajtuar ekstremizmin fetar dhe \u2018l\u00ebvizjet [&hellip;]<\/p>\n","protected":false,"gt_translate_keys":[{"key":"rendered","format":"html"}]},"author":51,"featured_media":621595,"comment_status":"closed","ping_status":"closed","sticky":false,"template":"","format":"standard","meta":{"footnotes":""},"categories":[53],"tags":[],"class_list":["post-621593","post","type-post","status-publish","format-standard","has-post-thumbnail","hentry","category-fast-foodi"],"gt_translate_keys":[{"key":"link","format":"url"}],"_links":{"self":[{"href":"https:\/\/www.hashtag.al\/index.php\/wp-json\/wp\/v2\/posts\/621593","targetHints":{"allow":["GET"]}}],"collection":[{"href":"https:\/\/www.hashtag.al\/index.php\/wp-json\/wp\/v2\/posts"}],"about":[{"href":"https:\/\/www.hashtag.al\/index.php\/wp-json\/wp\/v2\/types\/post"}],"author":[{"embeddable":true,"href":"https:\/\/www.hashtag.al\/index.php\/wp-json\/wp\/v2\/users\/51"}],"replies":[{"embeddable":true,"href":"https:\/\/www.hashtag.al\/index.php\/wp-json\/wp\/v2\/comments?post=621593"}],"version-history":[{"count":0,"href":"https:\/\/www.hashtag.al\/index.php\/wp-json\/wp\/v2\/posts\/621593\/revisions"}],"wp:featuredmedia":[{"embeddable":true,"href":"https:\/\/www.hashtag.al\/index.php\/wp-json\/wp\/v2\/media\/621595"}],"wp:attachment":[{"href":"https:\/\/www.hashtag.al\/index.php\/wp-json\/wp\/v2\/media?parent=621593"}],"wp:term":[{"taxonomy":"category","embeddable":true,"href":"https:\/\/www.hashtag.al\/index.php\/wp-json\/wp\/v2\/categories?post=621593"},{"taxonomy":"post_tag","embeddable":true,"href":"https:\/\/www.hashtag.al\/index.php\/wp-json\/wp\/v2\/tags?post=621593"}],"curies":[{"name":"wp","href":"https:\/\/api.w.org\/{rel}","templated":true}]}}