{"id":621391,"date":"2023-10-06T21:21:44","date_gmt":"2023-10-06T19:21:44","guid":{"rendered":"https:\/\/www.hashtag.al\/?p=621391"},"modified":"2023-10-06T21:21:44","modified_gmt":"2023-10-06T19:21:44","slug":"marredheniet-e-acaruara-mes-tiranes-dhe-athines-rama-pret-ministrin-e-jashtem-grek","status":"publish","type":"post","link":"https:\/\/www.hashtag.al\/index.php\/2023\/10\/06\/marredheniet-e-acaruara-mes-tiranes-dhe-athines-rama-pret-ministrin-e-jashtem-grek\/","title":{"rendered":"Marr\u00ebdh\u00ebniet e acaruara mes Tiran\u00ebs dhe Athin\u00ebs, Rama pret ministrin e jasht\u00ebm grek","gt_translate_keys":[{"key":"rendered","format":"text"}]},"content":{"rendered":"<p><span style=\"color: #000000;\"><a href=\"https:\/\/www.hashtag.al\/wp-content\/uploads\/2023\/10\/rama-gerapetritis-stafi.jpg\"><img loading=\"lazy\" decoding=\"async\" class=\"aligncenter size-full wp-image-621392\" src=\"https:\/\/www.hashtag.al\/wp-content\/uploads\/2023\/10\/rama-gerapetritis-stafi.jpg\" alt=\"\" width=\"1024\" height=\"683\" srcset=\"https:\/\/www.hashtag.al\/wp-content\/uploads\/2023\/10\/rama-gerapetritis-stafi.jpg 1024w, https:\/\/www.hashtag.al\/wp-content\/uploads\/2023\/10\/rama-gerapetritis-stafi-300x200.jpg 300w, https:\/\/www.hashtag.al\/wp-content\/uploads\/2023\/10\/rama-gerapetritis-stafi-768x512.jpg 768w\" sizes=\"auto, (max-width: 1024px) 100vw, 1024px\" \/><\/a><\/span><\/p>\n<p><span style=\"color: #000000;\">Kryeministri Edi Rama ka pritur k\u00ebt\u00eb t\u00eb premte n\u00eb Kryeministri, ministrin e Jasht\u00ebm grek, Giorgos Gerapetritis.<\/span><\/p>\n<p><span style=\"color: #000000;\">Gerapetritis ndodhet n\u00eb Tiran\u00eb p\u00ebr samitin t\u00eb ministrave t\u00eb Jasht\u00ebm t\u00eb Ballkanit Per\u00ebndimor.<\/span><\/p>\n<p><span style=\"color: #000000;\">Mes Tiran\u00ebs dhe Athin\u00ebs s\u00eb fundmi ka pasur p\u00ebrplasje dhe acarim t\u00eb marr\u00ebdh\u00ebnieve p\u00ebr shkak t\u00eb arrestimit t\u00eb Fredi Belerit para zgjedhjeve t\u00eb 14 majit.<\/span><\/p>\n<p><span style=\"color: #000000;\">Greqia e ka kund\u00ebrshtuar arrestimin dhe mos betimin e Belerit pasi doli fitues n\u00eb zgjedhjet e 14 majit p\u00ebr Bashkin\u00eb Himar\u00eb edhe pse n\u00eb paraburgim.<\/span><\/p>\n<p><span style=\"color: #000000;\"><a href=\"https:\/\/www.hashtag.al\/wp-content\/uploads\/2023\/10\/rama-gerapetritis.jpg\"><img loading=\"lazy\" decoding=\"async\" class=\"aligncenter size-full wp-image-621393\" src=\"https:\/\/www.hashtag.al\/wp-content\/uploads\/2023\/10\/rama-gerapetritis.jpg\" alt=\"\" width=\"780\" height=\"440\" srcset=\"https:\/\/www.hashtag.al\/wp-content\/uploads\/2023\/10\/rama-gerapetritis.jpg 780w, https:\/\/www.hashtag.al\/wp-content\/uploads\/2023\/10\/rama-gerapetritis-300x169.jpg 300w, https:\/\/www.hashtag.al\/wp-content\/uploads\/2023\/10\/rama-gerapetritis-768x433.jpg 768w\" sizes=\"auto, (max-width: 780px) 100vw, 780px\" \/><\/a><\/span><\/p>\n","protected":false,"gt_translate_keys":[{"key":"rendered","format":"html"}]},"excerpt":{"rendered":"<p>Kryeministri Edi Rama ka pritur k\u00ebt\u00eb t\u00eb premte n\u00eb Kryeministri, ministrin e Jasht\u00ebm grek, Giorgos Gerapetritis. Gerapetritis ndodhet n\u00eb Tiran\u00eb p\u00ebr samitin t\u00eb ministrave t\u00eb Jasht\u00ebm t\u00eb Ballkanit Per\u00ebndimor. Mes Tiran\u00ebs dhe Athin\u00ebs s\u00eb fundmi ka pasur p\u00ebrplasje dhe acarim t\u00eb marr\u00ebdh\u00ebnieve p\u00ebr shkak t\u00eb arrestimit t\u00eb Fredi Belerit para zgjedhjeve t\u00eb 14 majit. Greqia [&hellip;]<\/p>\n","protected":false,"gt_translate_keys":[{"key":"rendered","format":"html"}]},"author":32,"featured_media":621393,"comment_status":"closed","ping_status":"closed","sticky":false,"template":"","format":"standard","meta":{"footnotes":""},"categories":[65,13],"tags":[],"class_list":["post-621391","post","type-post","status-publish","format-standard","has-post-thumbnail","hentry","category-lajme","category-te-fundit"],"gt_translate_keys":[{"key":"link","format":"url"}],"_links":{"self":[{"href":"https:\/\/www.hashtag.al\/index.php\/wp-json\/wp\/v2\/posts\/621391","targetHints":{"allow":["GET"]}}],"collection":[{"href":"https:\/\/www.hashtag.al\/index.php\/wp-json\/wp\/v2\/posts"}],"about":[{"href":"https:\/\/www.hashtag.al\/index.php\/wp-json\/wp\/v2\/types\/post"}],"author":[{"embeddable":true,"href":"https:\/\/www.hashtag.al\/index.php\/wp-json\/wp\/v2\/users\/32"}],"replies":[{"embeddable":true,"href":"https:\/\/www.hashtag.al\/index.php\/wp-json\/wp\/v2\/comments?post=621391"}],"version-history":[{"count":0,"href":"https:\/\/www.hashtag.al\/index.php\/wp-json\/wp\/v2\/posts\/621391\/revisions"}],"wp:featuredmedia":[{"embeddable":true,"href":"https:\/\/www.hashtag.al\/index.php\/wp-json\/wp\/v2\/media\/621393"}],"wp:attachment":[{"href":"https:\/\/www.hashtag.al\/index.php\/wp-json\/wp\/v2\/media?parent=621391"}],"wp:term":[{"taxonomy":"category","embeddable":true,"href":"https:\/\/www.hashtag.al\/index.php\/wp-json\/wp\/v2\/categories?post=621391"},{"taxonomy":"post_tag","embeddable":true,"href":"https:\/\/www.hashtag.al\/index.php\/wp-json\/wp\/v2\/tags?post=621391"}],"curies":[{"name":"wp","href":"https:\/\/api.w.org\/{rel}","templated":true}]}}