{"id":621257,"date":"2023-10-06T09:29:06","date_gmt":"2023-10-06T07:29:06","guid":{"rendered":"https:\/\/www.hashtag.al\/?p=621257"},"modified":"2023-10-06T09:42:38","modified_gmt":"2023-10-06T07:42:38","slug":"procesi-i-berlinit-ministrat-e-jashtem-mblidhen-sot-ne-tirane","status":"publish","type":"post","link":"https:\/\/www.hashtag.al\/index.php\/2023\/10\/06\/procesi-i-berlinit-ministrat-e-jashtem-mblidhen-sot-ne-tirane\/","title":{"rendered":"Procesi i Berlinit, Ministrat e Jasht\u00ebm mblidhen sot n\u00eb Tiran\u00eb","gt_translate_keys":[{"key":"rendered","format":"text"}]},"content":{"rendered":"<p>&nbsp;<\/p>\n<p><span style=\"font-weight: 400;\"><img loading=\"lazy\" decoding=\"async\" class=\"alignnone size-full wp-image-621258\" src=\"https:\/\/www.hashtag.al\/wp-content\/uploads\/2023\/10\/20231006085216_art.jpg\" alt=\"\" width=\"800\" height=\"533\" srcset=\"https:\/\/www.hashtag.al\/wp-content\/uploads\/2023\/10\/20231006085216_art.jpg 800w, https:\/\/www.hashtag.al\/wp-content\/uploads\/2023\/10\/20231006085216_art-300x200.jpg 300w, https:\/\/www.hashtag.al\/wp-content\/uploads\/2023\/10\/20231006085216_art-768x512.jpg 768w\" sizes=\"auto, (max-width: 800px) 100vw, 800px\" \/><\/span><\/p>\n<p><span style=\"font-weight: 400; color: #000000;\">Ministrat e jasht\u00ebm t\u00eb vendeve t\u00eb Procesit t\u00eb Berlinit mblidhen sot n\u00eb Tiran\u00eb, me pjes\u00ebmarrjen e 24 delegacioneve. Pjes\u00eb e ceremonis\u00eb do t\u00eb jet\u00eb edhe komisioneri p\u00ebr Zgjerimin i BE-s\u00eb, Oliver Varhelyi si dhe kryediplomatja gjermane, Annalena Baerbock.<\/span><\/p>\n<p><span style=\"font-weight: 400; color: #000000;\">N\u00eb qend\u00ebr t\u00eb diskutimeve \u00ebsht\u00eb forcimi i bashk\u00ebpunimit rajonal, p\u00ebrforcimi i angazhimit p\u00ebr tregun e p\u00ebrbashk\u00ebt rajonal, 4 lirit\u00eb themelore agjenda e gjelb\u00ebr dhe ajo digjitale.<\/span><\/p>\n<p><span style=\"font-weight: 400; color: #000000;\">M\u00eb tej do t\u00eb diskutohet p\u00ebr zbatimin e marr\u00ebveshjeve t\u00eb deritanishme si dhe p\u00ebrshpejtimin e integrimit evropian.<\/span><\/p>\n<p><span style=\"font-weight: 400; color: #000000;\">Takimi do t\u00eb ket\u00eb dy sesione diskutimi q\u00eb do t\u00eb jen\u00eb t\u00eb mbyllura nd\u00ebrsa n\u00eb fund ministrja gjermane Baerbock dhe komisioneri Varhelyi do t\u00eb dalin n\u00eb nj\u00eb konferenc\u00eb t\u00eb p\u00ebrbashk\u00ebt p\u00ebr shtyp.<\/span><\/p>\n","protected":false,"gt_translate_keys":[{"key":"rendered","format":"html"}]},"excerpt":{"rendered":"<p>&nbsp; Ministrat e jasht\u00ebm t\u00eb vendeve t\u00eb Procesit t\u00eb Berlinit mblidhen sot n\u00eb Tiran\u00eb, me pjes\u00ebmarrjen e 24 delegacioneve. Pjes\u00eb e ceremonis\u00eb do t\u00eb jet\u00eb edhe komisioneri p\u00ebr Zgjerimin i BE-s\u00eb, Oliver Varhelyi si dhe kryediplomatja gjermane, Annalena Baerbock. N\u00eb qend\u00ebr t\u00eb diskutimeve \u00ebsht\u00eb forcimi i bashk\u00ebpunimit rajonal, p\u00ebrforcimi i angazhimit p\u00ebr tregun e p\u00ebrbashk\u00ebt [&hellip;]<\/p>\n","protected":false,"gt_translate_keys":[{"key":"rendered","format":"html"}]},"author":4,"featured_media":621258,"comment_status":"closed","ping_status":"closed","sticky":false,"template":"","format":"standard","meta":{"footnotes":""},"categories":[65],"tags":[],"class_list":["post-621257","post","type-post","status-publish","format-standard","has-post-thumbnail","hentry","category-lajme"],"gt_translate_keys":[{"key":"link","format":"url"}],"_links":{"self":[{"href":"https:\/\/www.hashtag.al\/index.php\/wp-json\/wp\/v2\/posts\/621257","targetHints":{"allow":["GET"]}}],"collection":[{"href":"https:\/\/www.hashtag.al\/index.php\/wp-json\/wp\/v2\/posts"}],"about":[{"href":"https:\/\/www.hashtag.al\/index.php\/wp-json\/wp\/v2\/types\/post"}],"author":[{"embeddable":true,"href":"https:\/\/www.hashtag.al\/index.php\/wp-json\/wp\/v2\/users\/4"}],"replies":[{"embeddable":true,"href":"https:\/\/www.hashtag.al\/index.php\/wp-json\/wp\/v2\/comments?post=621257"}],"version-history":[{"count":0,"href":"https:\/\/www.hashtag.al\/index.php\/wp-json\/wp\/v2\/posts\/621257\/revisions"}],"wp:featuredmedia":[{"embeddable":true,"href":"https:\/\/www.hashtag.al\/index.php\/wp-json\/wp\/v2\/media\/621258"}],"wp:attachment":[{"href":"https:\/\/www.hashtag.al\/index.php\/wp-json\/wp\/v2\/media?parent=621257"}],"wp:term":[{"taxonomy":"category","embeddable":true,"href":"https:\/\/www.hashtag.al\/index.php\/wp-json\/wp\/v2\/categories?post=621257"},{"taxonomy":"post_tag","embeddable":true,"href":"https:\/\/www.hashtag.al\/index.php\/wp-json\/wp\/v2\/tags?post=621257"}],"curies":[{"name":"wp","href":"https:\/\/api.w.org\/{rel}","templated":true}]}}