{"id":621142,"date":"2023-10-05T18:18:45","date_gmt":"2023-10-05T16:18:45","guid":{"rendered":"https:\/\/www.hashtag.al\/?p=621142"},"modified":"2023-10-05T18:18:45","modified_gmt":"2023-10-05T16:18:45","slug":"te-pakten-49-te-vrare-nga-nje-sulm-rus-ndaj-civileve-ne-harkiv","status":"publish","type":"post","link":"https:\/\/www.hashtag.al\/index.php\/2023\/10\/05\/te-pakten-49-te-vrare-nga-nje-sulm-rus-ndaj-civileve-ne-harkiv\/","title":{"rendered":"T\u00eb pakt\u00ebn 49 t\u00eb vrar\u00eb nga nj\u00eb sulm rus ndaj civil\u00ebve n\u00eb Harkiv","gt_translate_keys":[{"key":"rendered","format":"text"}]},"content":{"rendered":"<p><a href=\"https:\/\/www.hashtag.al\/wp-content\/uploads\/2023\/10\/Screenshot-2023-10-05-174351.png\"><img loading=\"lazy\" decoding=\"async\" class=\"aligncenter size-full wp-image-621143\" src=\"https:\/\/www.hashtag.al\/wp-content\/uploads\/2023\/10\/Screenshot-2023-10-05-174351.png\" alt=\"\" width=\"1207\" height=\"655\" srcset=\"https:\/\/www.hashtag.al\/wp-content\/uploads\/2023\/10\/Screenshot-2023-10-05-174351.png 1207w, https:\/\/www.hashtag.al\/wp-content\/uploads\/2023\/10\/Screenshot-2023-10-05-174351-300x163.png 300w, https:\/\/www.hashtag.al\/wp-content\/uploads\/2023\/10\/Screenshot-2023-10-05-174351-1024x556.png 1024w, https:\/\/www.hashtag.al\/wp-content\/uploads\/2023\/10\/Screenshot-2023-10-05-174351-768x417.png 768w\" sizes=\"auto, (max-width: 1207px) 100vw, 1207px\" \/><\/a><\/p>\n<p><span style=\"color: #000000;\">S\u00eb paku 49 njer\u00ebz jan\u00eb vrar\u00eb si pasoj\u00eb e nj\u00eb sulmi rus ndaj civil\u00ebve n\u00eb rajonin e Harkivit n\u00eb Ukrain\u00eb, than\u00eb t\u00eb enjten autoritetet ukrainase.<\/span><\/p>\n<p><span style=\"color: #000000;\">Ministria e Jashtme e Ukrain\u00ebs tha n\u00eb rrjetin social X se Rusia \u201cq\u00ebllimisht dhe n\u00eb m\u00ebnyr\u00eb barbare i sulmoi caqet civile \u2013 nj\u00eb kafene dhe nj\u00eb dyqan n\u00eb fshatin Hroza n\u00eb rrethin\u00ebn Kupiansk\u201d.<\/span><\/p>\n<p><span style=\"color: #000000;\">N\u00eb sulm u vran\u00eb s\u00eb paku 49 njer\u00ebz, p\u00ebrfshir\u00eb nj\u00eb f\u00ebmij\u00eb, dhe u plagos\u00ebn gjasht\u00eb t\u00eb tjer\u00eb, tha Ministria.<\/span><\/p>\n<p><span style=\"color: #000000;\">Presidenti i Ukrain\u00ebs, Volodymyr Zelensky, shkroi p\u00ebr k\u00ebt\u00eb sulm n\u00eb rrjetet sociale, i cili ndodhi derisa ai udh\u00ebtoi p\u00ebr n\u00eb Garanad\u00eb t\u00eb Spanj\u00ebs, p\u00ebr t\u2019u takuar me lider\u00ebt evropian\u00eb gjat\u00eb samitit t\u00eb Bashkimit Evropian m\u00eb 5 tetor, ku do t\u00eb k\u00ebrkoj\u00eb t\u00eb siguroj\u00eb edhe m\u00eb shum\u00eb ndihma ushtarake p\u00ebr Ukrain\u00ebn n\u00eb luft\u00ebn e saj kund\u00ebr pushtimit t\u00eb paprovokuar rus, p\u00ebrcjell <span style=\"color: #0000ff;\"><a style=\"color: #0000ff;\" href=\"https:\/\/www.evropaelire.org\/a\/se-paku-49-vrare-sulm-rus-harkiv\/32624587.html\">REL<\/a><\/span><\/span><\/p>\n<p><span style=\"color: #000000;\"><em>\u201cNj\u00eb krim brutal rus&#8230; nj\u00eb sulm me raket\u00eb n\u00eb nj\u00eb dyqan t\u00eb zakonsh\u00ebm ushqimi, ky \u00ebsht\u00eb sulm i q\u00ebllimsh\u00ebm terrorist<\/em>\u201d, shkroi Zelensky n\u00eb Telegram.<\/span><\/p>\n<p><span style=\"color: #000000;\">Guvernatori rajonal i Harkivit, Oleh Synehubov, tha se ekipet e shp\u00ebtimit jan\u00eb duke punuar n\u00eb vend t\u00eb ngjarjes, ku ndodhet edhe nj\u00eb kafene.<\/span><\/p>\n<p><span style=\"color: #000000;\">Nuk u b\u00eb e ditur menj\u00ebher\u00eb n\u00ebse sulmi u krye me raket\u00eb apo me dron.<\/span><\/p>\n<p><span style=\"color: #000000;\">Zelensky dhe 46 lider\u00eb t\u00eb tjer\u00eb shtetesh po marrin pjes\u00eb n\u00eb takimin e tret\u00eb t\u00eb Komunitetit Politik Evropian \u2013 nj\u00eb forum i ve\u00e7ant\u00eb p\u00ebr shk\u00ebmbime politike mes 27 vendeve an\u00ebtare t\u00eb BE-s\u00eb dhe 20 vendeve nga kontinenti dhe Kaukazi.<\/span><\/p>\n<p><span style=\"color: #000000;\"><em>\u201cSynimi yn\u00eb i p\u00ebrbashk\u00ebt \u00ebsht\u00eb ta garantojm\u00eb stabilitetin dhe sigurin\u00eb e sht\u00ebpis\u00eb son\u00eb t\u00eb p\u00ebrbashk\u00ebt evropiane\u201d,<\/em> tha Zelensky.<\/span><\/p>\n","protected":false,"gt_translate_keys":[{"key":"rendered","format":"html"}]},"excerpt":{"rendered":"<p>S\u00eb paku 49 njer\u00ebz jan\u00eb vrar\u00eb si pasoj\u00eb e nj\u00eb sulmi rus ndaj civil\u00ebve n\u00eb rajonin e Harkivit n\u00eb Ukrain\u00eb, than\u00eb t\u00eb enjten autoritetet ukrainase. Ministria e Jashtme e Ukrain\u00ebs tha n\u00eb rrjetin social X se Rusia \u201cq\u00ebllimisht dhe n\u00eb m\u00ebnyr\u00eb barbare i sulmoi caqet civile \u2013 nj\u00eb kafene dhe nj\u00eb dyqan n\u00eb fshatin Hroza [&hellip;]<\/p>\n","protected":false,"gt_translate_keys":[{"key":"rendered","format":"html"}]},"author":30,"featured_media":621143,"comment_status":"closed","ping_status":"closed","sticky":false,"template":"","format":"standard","meta":{"footnotes":""},"categories":[6],"tags":[],"class_list":["post-621142","post","type-post","status-publish","format-standard","has-post-thumbnail","hentry","category-nderkombetare"],"gt_translate_keys":[{"key":"link","format":"url"}],"_links":{"self":[{"href":"https:\/\/www.hashtag.al\/index.php\/wp-json\/wp\/v2\/posts\/621142","targetHints":{"allow":["GET"]}}],"collection":[{"href":"https:\/\/www.hashtag.al\/index.php\/wp-json\/wp\/v2\/posts"}],"about":[{"href":"https:\/\/www.hashtag.al\/index.php\/wp-json\/wp\/v2\/types\/post"}],"author":[{"embeddable":true,"href":"https:\/\/www.hashtag.al\/index.php\/wp-json\/wp\/v2\/users\/30"}],"replies":[{"embeddable":true,"href":"https:\/\/www.hashtag.al\/index.php\/wp-json\/wp\/v2\/comments?post=621142"}],"version-history":[{"count":0,"href":"https:\/\/www.hashtag.al\/index.php\/wp-json\/wp\/v2\/posts\/621142\/revisions"}],"wp:featuredmedia":[{"embeddable":true,"href":"https:\/\/www.hashtag.al\/index.php\/wp-json\/wp\/v2\/media\/621143"}],"wp:attachment":[{"href":"https:\/\/www.hashtag.al\/index.php\/wp-json\/wp\/v2\/media?parent=621142"}],"wp:term":[{"taxonomy":"category","embeddable":true,"href":"https:\/\/www.hashtag.al\/index.php\/wp-json\/wp\/v2\/categories?post=621142"},{"taxonomy":"post_tag","embeddable":true,"href":"https:\/\/www.hashtag.al\/index.php\/wp-json\/wp\/v2\/tags?post=621142"}],"curies":[{"name":"wp","href":"https:\/\/api.w.org\/{rel}","templated":true}]}}