{"id":620978,"date":"2023-10-04T23:37:14","date_gmt":"2023-10-04T21:37:14","guid":{"rendered":"https:\/\/www.hashtag.al\/?p=620978"},"modified":"2023-10-04T23:37:14","modified_gmt":"2023-10-04T21:37:14","slug":"nato-inkurajon-rritjen-e-prodhimit-te-armeve-depot-po-zbrazen-nga-lufta-ne-ukraine","status":"publish","type":"post","link":"https:\/\/www.hashtag.al\/index.php\/2023\/10\/04\/nato-inkurajon-rritjen-e-prodhimit-te-armeve-depot-po-zbrazen-nga-lufta-ne-ukraine\/","title":{"rendered":"NATO inkurajon rritjen e prodhimit t\u00eb arm\u00ebve, depot po zbrazen nga lufta n\u00eb Ukrain\u00eb","gt_translate_keys":[{"key":"rendered","format":"text"}]},"content":{"rendered":"<div>\n<p><span style=\"color: #000000;\"><a href=\"https:\/\/www.hashtag.al\/wp-content\/uploads\/2023\/10\/nato-arme.png\"><img loading=\"lazy\" decoding=\"async\" class=\"aligncenter size-full wp-image-620979\" src=\"https:\/\/www.hashtag.al\/wp-content\/uploads\/2023\/10\/nato-arme.png\" alt=\"\" width=\"1164\" height=\"640\" srcset=\"https:\/\/www.hashtag.al\/wp-content\/uploads\/2023\/10\/nato-arme.png 1164w, https:\/\/www.hashtag.al\/wp-content\/uploads\/2023\/10\/nato-arme-300x165.png 300w, https:\/\/www.hashtag.al\/wp-content\/uploads\/2023\/10\/nato-arme-1024x563.png 1024w, https:\/\/www.hashtag.al\/wp-content\/uploads\/2023\/10\/nato-arme-768x422.png 768w\" sizes=\"auto, (max-width: 1164px) 100vw, 1164px\" \/><\/a><\/span><\/p>\n<p><span style=\"color: #000000;\">Industria e arm\u00ebve duhet t\u00eb rris\u00eb prodhimin, pasi p\u00ebr shkak t\u00eb luft\u00ebs n\u00eb Ukrain\u00eb municioneve &#8220;po u vjen fundi&#8221;, tha t\u00eb mart\u00ebn kreu i Komitetit Ushtarak t\u00eb NATO-s, admirali Rob Bauer.<\/span><\/p>\n<\/div>\n<div>\n<p><span style=\"color: #000000;\">NATO ka ushtruar trysni p\u00ebr nxitje t\u00eb prodhimit n\u00eb fush\u00ebn e mbrojtjes p\u00ebr t\u00eb p\u00ebrmbushur k\u00ebrkesat n\u00eb rritje p\u00ebr arm\u00eb dhe pajisje ushtarake q\u00eb nga nisja e sulmit rus ndaj Ukrain\u00ebs n\u00eb shkurt t\u00eb vitit 2022. Kjo sepse vendet aleate jo vet\u00ebm q\u00eb po nxitojn\u00eb t\u00eb furnizojn\u00eb Kievin, por gjithashtu po k\u00ebrkojn\u00eb t\u00eb mbushin depot e tyre.<\/span><\/p>\n<\/div>\n<div>\n<p><span style=\"color: #000000;\">Duke folur n\u00eb dit\u00ebn e par\u00eb t\u00eb Forumit t\u00eb Siguris\u00eb n\u00eb Varshav\u00eb, admiral Bauer tha se megjith\u00ebse buxhetet p\u00ebr mbrotjen jan\u00eb rritur vite p\u00ebrpara luft\u00ebs, industria nuk kishte rritur kapacitetin e prodhimit.<\/span><\/p>\n<\/div>\n<div>\n<p><span style=\"color: #000000;\">&#8220;<em>Kjo ka \u00e7uar n\u00eb \u00e7mime m\u00eb t\u00eb larta q\u00eb para luft\u00ebs. Dhe kjo n\u00eb fakt \u00ebsht\u00eb p\u00ebrkeq\u00ebsuar nga fakti q\u00eb ne tani i japim Ukrain\u00ebs sisteme t\u00eb mbrojtjes e municione, \u00e7ka \u00ebsht\u00eb nj\u00eb gj\u00eb shum\u00eb e mir\u00eb, por duke mos i patur depot plot<\/em>&#8220;, tha ai.<\/span><\/p>\n<\/div>\n<div>\n<p><span style=\"color: #000000;\">Admirali Bauer shtoi se \u00ebsht\u00eb e nevojshme q\u00eb industria ushtarake t\u00eb rris\u00eb prodhimin me nj\u00eb rit\u00ebm shum\u00eb m\u00eb t\u00eb lart\u00eb dhe se vendet e NATO-s kan\u00eb nevoj\u00eb p\u00ebr v\u00ebllime t\u00eb m\u00ebdha.<\/span><\/p>\n<\/div>\n<div>\n<p><span style=\"color: #000000;\">Muajin e kaluar admirali Bauer paralajm\u00ebroi se nj\u00eb rritje drastike e \u00e7mimit t\u00eb municioneve, n\u00ebnkupton se shpenzimet m\u00eb t\u00eb larta p\u00ebr mbrojtjen nga vendet aleate, nuk jan\u00eb p\u00ebrkthyer automatikisht n\u00eb siguri m\u00eb t\u00eb madhe. Ai b\u00ebri thirrje p\u00ebr m\u00eb shum\u00eb investime private n\u00eb kompanit\u00eb e mbrojtjes.<\/span><\/p>\n<\/div>\n","protected":false,"gt_translate_keys":[{"key":"rendered","format":"html"}]},"excerpt":{"rendered":"<p>Industria e arm\u00ebve duhet t\u00eb rris\u00eb prodhimin, pasi p\u00ebr shkak t\u00eb luft\u00ebs n\u00eb Ukrain\u00eb municioneve &#8220;po u vjen fundi&#8221;, tha t\u00eb mart\u00ebn kreu i Komitetit Ushtarak t\u00eb NATO-s, admirali Rob Bauer. NATO ka ushtruar trysni p\u00ebr nxitje t\u00eb prodhimit n\u00eb fush\u00ebn e mbrojtjes p\u00ebr t\u00eb p\u00ebrmbushur k\u00ebrkesat n\u00eb rritje p\u00ebr arm\u00eb dhe pajisje ushtarake q\u00eb [&hellip;]<\/p>\n","protected":false,"gt_translate_keys":[{"key":"rendered","format":"html"}]},"author":32,"featured_media":620979,"comment_status":"closed","ping_status":"closed","sticky":false,"template":"","format":"standard","meta":{"footnotes":""},"categories":[6,13],"tags":[],"class_list":["post-620978","post","type-post","status-publish","format-standard","has-post-thumbnail","hentry","category-nderkombetare","category-te-fundit"],"gt_translate_keys":[{"key":"link","format":"url"}],"_links":{"self":[{"href":"https:\/\/www.hashtag.al\/index.php\/wp-json\/wp\/v2\/posts\/620978","targetHints":{"allow":["GET"]}}],"collection":[{"href":"https:\/\/www.hashtag.al\/index.php\/wp-json\/wp\/v2\/posts"}],"about":[{"href":"https:\/\/www.hashtag.al\/index.php\/wp-json\/wp\/v2\/types\/post"}],"author":[{"embeddable":true,"href":"https:\/\/www.hashtag.al\/index.php\/wp-json\/wp\/v2\/users\/32"}],"replies":[{"embeddable":true,"href":"https:\/\/www.hashtag.al\/index.php\/wp-json\/wp\/v2\/comments?post=620978"}],"version-history":[{"count":0,"href":"https:\/\/www.hashtag.al\/index.php\/wp-json\/wp\/v2\/posts\/620978\/revisions"}],"wp:featuredmedia":[{"embeddable":true,"href":"https:\/\/www.hashtag.al\/index.php\/wp-json\/wp\/v2\/media\/620979"}],"wp:attachment":[{"href":"https:\/\/www.hashtag.al\/index.php\/wp-json\/wp\/v2\/media?parent=620978"}],"wp:term":[{"taxonomy":"category","embeddable":true,"href":"https:\/\/www.hashtag.al\/index.php\/wp-json\/wp\/v2\/categories?post=620978"},{"taxonomy":"post_tag","embeddable":true,"href":"https:\/\/www.hashtag.al\/index.php\/wp-json\/wp\/v2\/tags?post=620978"}],"curies":[{"name":"wp","href":"https:\/\/api.w.org\/{rel}","templated":true}]}}