{"id":620624,"date":"2023-10-03T16:06:13","date_gmt":"2023-10-03T14:06:13","guid":{"rendered":"https:\/\/www.hashtag.al\/?p=620624"},"modified":"2023-10-03T19:27:26","modified_gmt":"2023-10-03T17:27:26","slug":"ceshtja-gerdeci-gjykata-e-posacme-pranon-thirrjen-e-shkelzen-berishes-si-deshmitar","status":"publish","type":"post","link":"https:\/\/www.hashtag.al\/index.php\/2023\/10\/03\/ceshtja-gerdeci-gjykata-e-posacme-pranon-thirrjen-e-shkelzen-berishes-si-deshmitar\/","title":{"rendered":"\u00c7\u00ebshtja &#8216;G\u00ebrdeci&#8217;\/ Gjykata e Posa\u00e7me pranon thirrjen e Shk\u00eblzen Berish\u00ebs si d\u00ebshmitar","gt_translate_keys":[{"key":"rendered","format":"text"}]},"content":{"rendered":"<p><span style=\"color: #000000;\"><a href=\"https:\/\/www.hashtag.al\/wp-content\/uploads\/2023\/10\/Screenshot-2023-10-03-160442.png\"><img loading=\"lazy\" decoding=\"async\" class=\"aligncenter size-full wp-image-620625\" src=\"https:\/\/www.hashtag.al\/wp-content\/uploads\/2023\/10\/Screenshot-2023-10-03-160442.png\" alt=\"\" width=\"621\" height=\"343\" srcset=\"https:\/\/www.hashtag.al\/wp-content\/uploads\/2023\/10\/Screenshot-2023-10-03-160442.png 621w, https:\/\/www.hashtag.al\/wp-content\/uploads\/2023\/10\/Screenshot-2023-10-03-160442-300x166.png 300w\" sizes=\"auto, (max-width: 621px) 100vw, 621px\" \/><\/a><\/span><\/p>\n<p><span style=\"color: #000000;\">P\u00ebr her\u00eb t\u00eb par\u00eb Shk\u00eblzen Berisha, djali i ish kryeministrit Sali Berisha do t\u00eb thirret n\u00eb GJKKO p\u00ebr t\u00eb dh\u00ebn\u00eb d\u00ebshmin\u00eb e tij lidhur me demontimin e municioneve n\u00eb punishten e G\u00ebrdecit, shp\u00ebrthimi i t\u00eb cil\u00ebs m\u00eb 15 mars 2008 shkaktoi 26 t\u00eb vdekur dhe qindra t\u00eb plagosur.<\/span><\/p>\n<p><span style=\"color: #000000;\">GjKKO vendosi sot t\u00eb pranoj\u00eb list\u00ebn me 71 d\u00ebshmitar\u00eb t\u00eb SPAK nd\u00ebrsa nga lista prej 90 d\u00ebshmitar\u00eb q\u00eb k\u00ebrkoi pala mbrojt\u00ebse e Fatmir Mediut gjykata ka hedhur posht\u00eb thirrjen si d\u00ebshmitar\u00ebve t\u00eb personaliteteve t\u00eb huaja t\u00eb cilat ishin n\u00eb list\u00eb.<\/span><\/p>\n<p><span style=\"color: #000000;\">Seanca e radh\u00ebs gjyq\u00ebsore \u00ebsht\u00eb caktuar t\u00eb mbahet m\u00eb 23 tetor 2023, ku pritet dhe t\u00eb d\u00ebgjohen dhe 15 d\u00ebshmitar\u00ebt e par\u00eb t\u00eb SPAK.<\/span><\/p>\n<p><span style=\"color: #000000;\">T\u00eb par\u00ebt q\u00eb do t\u00eb thirren si d\u00ebshmitar\u00eb jan\u00eb familjar\u00ebt e viktimave, mes tyre Zamira Durda e cila nga shp\u00ebrthimi i G\u00ebrdecit humbi djalin e saj.<\/span><\/p>\n<p><span style=\"color: #000000;\">Gjykata gjithashtu caktoi dhe nj\u00eb dit\u00eb fikse se kur do t\u00eb mbahet gjyqi ndaj Fatmir Mediut.<\/span><\/p>\n<p><span style=\"color: #000000;\">\u00c7do t\u00eb enjte ora 09:00. Jan\u00eb nj\u00eb num\u00ebr i madh d\u00ebshmitar\u00ebsh q\u00eb pritet t\u00eb d\u00ebshmojn\u00eb n\u00eb k\u00ebt\u00eb gjyq.<\/span><\/p>\n","protected":false,"gt_translate_keys":[{"key":"rendered","format":"html"}]},"excerpt":{"rendered":"<p>P\u00ebr her\u00eb t\u00eb par\u00eb Shk\u00eblzen Berisha, djali i ish kryeministrit Sali Berisha do t\u00eb thirret n\u00eb GJKKO p\u00ebr t\u00eb dh\u00ebn\u00eb d\u00ebshmin\u00eb e tij lidhur me demontimin e municioneve n\u00eb punishten e G\u00ebrdecit, shp\u00ebrthimi i t\u00eb cil\u00ebs m\u00eb 15 mars 2008 shkaktoi 26 t\u00eb vdekur dhe qindra t\u00eb plagosur. GjKKO vendosi sot t\u00eb pranoj\u00eb list\u00ebn me [&hellip;]<\/p>\n","protected":false,"gt_translate_keys":[{"key":"rendered","format":"html"}]},"author":30,"featured_media":620625,"comment_status":"closed","ping_status":"closed","sticky":false,"template":"","format":"standard","meta":{"footnotes":""},"categories":[65,13],"tags":[],"class_list":["post-620624","post","type-post","status-publish","format-standard","has-post-thumbnail","hentry","category-lajme","category-te-fundit"],"gt_translate_keys":[{"key":"link","format":"url"}],"_links":{"self":[{"href":"https:\/\/www.hashtag.al\/index.php\/wp-json\/wp\/v2\/posts\/620624","targetHints":{"allow":["GET"]}}],"collection":[{"href":"https:\/\/www.hashtag.al\/index.php\/wp-json\/wp\/v2\/posts"}],"about":[{"href":"https:\/\/www.hashtag.al\/index.php\/wp-json\/wp\/v2\/types\/post"}],"author":[{"embeddable":true,"href":"https:\/\/www.hashtag.al\/index.php\/wp-json\/wp\/v2\/users\/30"}],"replies":[{"embeddable":true,"href":"https:\/\/www.hashtag.al\/index.php\/wp-json\/wp\/v2\/comments?post=620624"}],"version-history":[{"count":0,"href":"https:\/\/www.hashtag.al\/index.php\/wp-json\/wp\/v2\/posts\/620624\/revisions"}],"wp:featuredmedia":[{"embeddable":true,"href":"https:\/\/www.hashtag.al\/index.php\/wp-json\/wp\/v2\/media\/620625"}],"wp:attachment":[{"href":"https:\/\/www.hashtag.al\/index.php\/wp-json\/wp\/v2\/media?parent=620624"}],"wp:term":[{"taxonomy":"category","embeddable":true,"href":"https:\/\/www.hashtag.al\/index.php\/wp-json\/wp\/v2\/categories?post=620624"},{"taxonomy":"post_tag","embeddable":true,"href":"https:\/\/www.hashtag.al\/index.php\/wp-json\/wp\/v2\/tags?post=620624"}],"curies":[{"name":"wp","href":"https:\/\/api.w.org\/{rel}","templated":true}]}}