{"id":619975,"date":"2023-10-01T11:52:55","date_gmt":"2023-10-01T09:52:55","guid":{"rendered":"https:\/\/www.hashtag.al\/?p=619975"},"modified":"2023-10-01T11:52:55","modified_gmt":"2023-10-01T09:52:55","slug":"vucic-deshmite-dhe-provat-per-ngjarjet-ne-banjske-dalin-brenda-24-oreve","status":"publish","type":"post","link":"https:\/\/www.hashtag.al\/index.php\/2023\/10\/01\/vucic-deshmite-dhe-provat-per-ngjarjet-ne-banjske-dalin-brenda-24-oreve\/","title":{"rendered":"Vu\u00e7i\u00e7: D\u00ebshmit\u00eb dhe provat p\u00ebr ngjarjet n\u00eb Banjsk\u00eb dalin brenda 24 or\u00ebve","gt_translate_keys":[{"key":"rendered","format":"text"}]},"content":{"rendered":"<p><span style=\"color: #000000;\"><a href=\"https:\/\/www.hashtag.al\/wp-content\/uploads\/2022\/12\/vucic-2.jpg\"><img loading=\"lazy\" decoding=\"async\" class=\"aligncenter size-full wp-image-567046\" src=\"https:\/\/www.hashtag.al\/wp-content\/uploads\/2022\/12\/vucic-2.jpg\" alt=\"\" width=\"906\" height=\"513\" srcset=\"https:\/\/www.hashtag.al\/wp-content\/uploads\/2022\/12\/vucic-2.jpg 906w, https:\/\/www.hashtag.al\/wp-content\/uploads\/2022\/12\/vucic-2-300x170.jpg 300w, https:\/\/www.hashtag.al\/wp-content\/uploads\/2022\/12\/vucic-2-768x435.jpg 768w\" sizes=\"auto, (max-width: 906px) 100vw, 906px\" \/><\/a><\/span><\/p>\n<p><span style=\"color: #000000;\">Presidenti i Serbis\u00eb, Aleksandar Vu\u00e7i\u00e7, tha t\u00eb diel\u00ebn se \u201cbrenda 24 or\u00ebve\u201d ai do t\u2019ia paraqes\u00eb publikut \u201cprovat dhe tregimet e d\u00ebshmitar\u00ebve q\u00eb ishin n\u00eb vendin e ngjarjes\u201d gjat\u00eb sulmit kund\u00ebr Policis\u00eb s\u00eb Kosov\u00ebs n\u00eb fshatin Banjsk\u00eb n\u00eb veri t\u00eb Kosov\u00ebs.<\/span><\/p>\n<p><span style=\"color: #000000;\">N\u00eb nj\u00eb video t\u00eb publikuar n\u00eb Instagram, ai ka theksoi <em>se \u201cSerbia nuk do t\u00eb qet\u00ebsohet derisa t\u00eb dihet e v\u00ebrteta p\u00ebr at\u00eb q\u00eb ndodhi n\u00eb Banjsk\u00eb\u201d<\/em>, ku mbet\u00ebn t\u00eb vrar\u00eb nj\u00eb polic i Kosov\u00ebs dhe t\u00eb pakt\u00ebn tre sulmues serb\u00eb m\u00eb 24 shtator.<\/span><\/p>\n<p><span style=\"color: #000000;\">T\u00eb premten, Millan Radoi\u00e7i\u00e7 e mori p\u00ebrgjegj\u00ebsin\u00eb p\u00ebr sulmin ndaj Policis\u00eb s\u00eb Kosov\u00ebs, dhe dha dor\u00ebheqje nga posti i n\u00ebnkryetarit t\u00eb List\u00ebs Serbe \u2013 partis\u00eb m\u00eb t\u00eb madhe t\u00eb serb\u00ebve n\u00eb Kosov\u00eb, e cila e ka mb\u00ebshtetjen e Qeveris\u00eb serbe.<\/span><\/p>\n<p><span style=\"color: #000000;\">Koh\u00eb m\u00eb par\u00eb, Vu\u00e7i\u00e7i e kishte fal\u00ebnderuar Radoi\u00e7i\u00e7in p\u00ebr \u201cruajtjen e serb\u00ebve n\u00eb Kosov\u00eb\u201d, para se t\u00eb deklaronte m\u00eb von\u00eb se ai do t\u00eb merrej n\u00eb pyetje nga drejt\u00ebsia.<\/span><\/p>\n<p><span style=\"color: #000000;\">Serbia i ka mohuar akuzat e Kosov\u00ebs se ajo \u00ebsht\u00eb p\u00ebrfshir\u00eb n\u00eb k\u00ebt\u00eb sulm t\u00eb cil\u00ebsuar si terrorist nga autoritetet kosovare<\/span><\/p>\n<p><span style=\"color: #000000;\">Policia e Kosov\u00ebs ka gjetur dhe konfiskuar nj\u00eb arsenal t\u00eb jasht\u00ebzakonsh\u00ebm arm\u00ebsh n\u00eb dhe p\u00ebrreth Banjsk\u00ebs pas sulmit, dhe ambasadori i Shteteve t\u00eb Bashkuara n\u00eb Kosov\u00eb, Jeffery Hovenier tha p\u00ebr BBC t\u00eb shtun\u00ebn se sasia dhe cil\u00ebsia e arm\u00ebve t\u00eb gjetura tregojn\u00eb se \u201csulmuesit serb\u00eb etnik\u00eb nuk i siguruan ato vet\u00eb\u201d.<\/span><\/p>\n<p><span style=\"color: #000000;\"><em>\u201cKur u vran\u00eb tet\u00eb polic\u00eb n\u00eb Maqedonin\u00eb e Veriut, ata nuk ishin terrorist\u00eb. Por kur u vra nj\u00eb polic shqiptar, i cili nuk duhej t\u00eb ishte atje, t\u00eb gjith\u00eb serb\u00ebt deri n\u00eb mosh\u00ebn kat\u00ebrmb\u00ebdhjet\u00eb vje\u00e7 duhet t\u00eb hetohen, arrestohen dhe vriten,\u201d<\/em> tha Vu\u00e7i\u00e7 t\u00eb diel\u00ebn.<\/span><\/p>\n<p><span style=\"color: #000000;\">T\u00eb shtun\u00ebn, Vu\u00e7i\u00e7i tha se \u201cnuk e ka nd\u00ebr mend ta urdh\u00ebroj\u00eb ushtrin\u00eb\u201d t\u00eb kaloj\u00eb kufirin me Kosov\u00ebn dhe se do t\u2019i t\u00ebrheq\u00eb forcat serbe nga ajo pjes\u00eb, duke pretenduar se nuk \u00ebsht\u00eb e v\u00ebrtet\u00eb se Serbia po e d\u00ebrgon ushtrin\u00eb n\u00eb kufi.<\/span><\/p>\n<p><span style=\"color: #000000;\"><em>\u201cVitin e kaluar kishim 14,000 njer\u00ebz pran\u00eb vij\u00ebs administrative, sot kemi 7,500 dhe do ta reduktojm\u00eb n\u00eb 4,000,\u201d<\/em> tha Vu\u00e7i\u00e7 p\u00ebr Financial Times.<\/span><\/p>\n<p><span style=\"color: #000000;\">T\u00eb premten, Shtetet e Bashkuara i b\u00ebn\u00eb thirrje Serbis\u00eb t\u2019i t\u00ebrheq\u00eb trupat nga kufiri, duke e quajtur zhvendosjen e tyre \u201czhvillim shum\u00eb destabilizues\u201d.<\/span><\/p>\n<p><span style=\"color: #000000;\">T\u00eb shtun\u00ebn, Qeveria e Kosov\u00ebs dhe Bashkimi Evropian i k\u00ebrkuan po ashtu Serbis\u00eb t\u2019i t\u00ebrheq\u00eb trupat nga kufiri.<\/span><\/p>\n<p><span style=\"color: #000000;\">Zhvendosja trupave serbe p\u00ebrgjat\u00eb kufirit me Kosov\u00ebn vjen rreth nj\u00eb jav\u00eb pas sulmit t\u00eb 24 shtatorit ndaj Policis\u00eb s\u00eb Kosov\u00ebs n\u00eb Banjsk\u00eb t\u00eb Zve\u00e7anit.<\/span><\/p>\n<p><span style=\"color: #000000;\">Ajo u sulmua n\u00eb nj\u00eb prit\u00eb nga nj\u00eb grup i armatosur derisa po shkonte p\u00ebr t\u00eb kontrolluar bllokimin e nj\u00eb rrug\u00eb pran\u00eb nj\u00eb ure n\u00eb Basnjk\u00eb, ku mbeti i vrar\u00eb rreshteri Afrim Bunjaku.<\/span><\/p>\n<p><span style=\"color: #000000;\">Sulmuesit u strehuan n\u00eb manastirin e fshatit ku e vazhduan konfrontimin me policin\u00eb, dhe si pasoj\u00eb tre prej tyre u vran\u00eb.<\/span><\/p>\n<p><span style=\"color: #000000;\">Policia e Kosov\u00ebs e mori n\u00ebn kontroll manastirin m\u00eb von\u00eb at\u00eb dit\u00eb. Tre sulmues t\u00eb dyshuar jan\u00eb arrestuar dhe po mbahen n\u00eb paraburgim n\u00eb Prishtin\u00eb.\/ <span style=\"color: #0000ff;\"><a style=\"color: #0000ff;\" href=\"https:\/\/www.evropaelire.org\/a\/vuciq-deshmite-ngjarjet-banjske-dalin\/32617860.html\">REL<\/a><\/span><\/span><\/p>\n","protected":false,"gt_translate_keys":[{"key":"rendered","format":"html"}]},"excerpt":{"rendered":"<p>Presidenti i Serbis\u00eb, Aleksandar Vu\u00e7i\u00e7, tha t\u00eb diel\u00ebn se \u201cbrenda 24 or\u00ebve\u201d ai do t\u2019ia paraqes\u00eb publikut \u201cprovat dhe tregimet e d\u00ebshmitar\u00ebve q\u00eb ishin n\u00eb vendin e ngjarjes\u201d gjat\u00eb sulmit kund\u00ebr Policis\u00eb s\u00eb Kosov\u00ebs n\u00eb fshatin Banjsk\u00eb n\u00eb veri t\u00eb Kosov\u00ebs. N\u00eb nj\u00eb video t\u00eb publikuar n\u00eb Instagram, ai ka theksoi se \u201cSerbia nuk do [&hellip;]<\/p>\n","protected":false,"gt_translate_keys":[{"key":"rendered","format":"html"}]},"author":30,"featured_media":567046,"comment_status":"closed","ping_status":"closed","sticky":false,"template":"","format":"standard","meta":{"footnotes":""},"categories":[149],"tags":[],"class_list":["post-619975","post","type-post","status-publish","format-standard","has-post-thumbnail","hentry","category-kosoverajon"],"gt_translate_keys":[{"key":"link","format":"url"}],"_links":{"self":[{"href":"https:\/\/www.hashtag.al\/index.php\/wp-json\/wp\/v2\/posts\/619975","targetHints":{"allow":["GET"]}}],"collection":[{"href":"https:\/\/www.hashtag.al\/index.php\/wp-json\/wp\/v2\/posts"}],"about":[{"href":"https:\/\/www.hashtag.al\/index.php\/wp-json\/wp\/v2\/types\/post"}],"author":[{"embeddable":true,"href":"https:\/\/www.hashtag.al\/index.php\/wp-json\/wp\/v2\/users\/30"}],"replies":[{"embeddable":true,"href":"https:\/\/www.hashtag.al\/index.php\/wp-json\/wp\/v2\/comments?post=619975"}],"version-history":[{"count":0,"href":"https:\/\/www.hashtag.al\/index.php\/wp-json\/wp\/v2\/posts\/619975\/revisions"}],"wp:featuredmedia":[{"embeddable":true,"href":"https:\/\/www.hashtag.al\/index.php\/wp-json\/wp\/v2\/media\/567046"}],"wp:attachment":[{"href":"https:\/\/www.hashtag.al\/index.php\/wp-json\/wp\/v2\/media?parent=619975"}],"wp:term":[{"taxonomy":"category","embeddable":true,"href":"https:\/\/www.hashtag.al\/index.php\/wp-json\/wp\/v2\/categories?post=619975"},{"taxonomy":"post_tag","embeddable":true,"href":"https:\/\/www.hashtag.al\/index.php\/wp-json\/wp\/v2\/tags?post=619975"}],"curies":[{"name":"wp","href":"https:\/\/api.w.org\/{rel}","templated":true}]}}