{"id":619972,"date":"2023-10-01T11:28:13","date_gmt":"2023-10-01T09:28:13","guid":{"rendered":"https:\/\/www.hashtag.al\/?p=619972"},"modified":"2023-10-01T11:28:13","modified_gmt":"2023-10-01T09:28:13","slug":"perkeqesohet-situata-ne-darezeze-ekipet-e-zjarrefikesve-vazhdojne-betejen-me-flaket","status":"publish","type":"post","link":"https:\/\/www.hashtag.al\/index.php\/2023\/10\/01\/perkeqesohet-situata-ne-darezeze-ekipet-e-zjarrefikesve-vazhdojne-betejen-me-flaket\/","title":{"rendered":"P\u00ebrkeq\u00ebsohet situata n\u00eb Dar\u00ebzez\u00eb, ekipet e zjarr\u00ebfik\u00ebsve vazhdojn\u00eb betej\u00ebn me flak\u00ebt","gt_translate_keys":[{"key":"rendered","format":"text"}]},"content":{"rendered":"<p><span style=\"color: #000000;\"><a style=\"color: #000000;\" href=\"https:\/\/www.hashtag.al\/wp-content\/uploads\/2023\/10\/Screenshot-2023-10-01-110038.png\"><img loading=\"lazy\" decoding=\"async\" class=\"aligncenter size-full wp-image-619973\" src=\"https:\/\/www.hashtag.al\/wp-content\/uploads\/2023\/10\/Screenshot-2023-10-01-110038.png\" alt=\"\" width=\"722\" height=\"267\" srcset=\"https:\/\/www.hashtag.al\/wp-content\/uploads\/2023\/10\/Screenshot-2023-10-01-110038.png 722w, https:\/\/www.hashtag.al\/wp-content\/uploads\/2023\/10\/Screenshot-2023-10-01-110038-300x111.png 300w\" sizes=\"auto, (max-width: 722px) 100vw, 722px\" \/><\/a><\/span><\/p>\n<p><span style=\"color: #000000;\">Zjarri n\u00eb Dar\u00ebzez\u00eb ka marr\u00eb p\u00ebrmasa t\u00eb m\u00ebdha.<\/span><\/p>\n<p><span style=\"color: #000000;\">Ne terren jan\u00eb ekipet e zjarrfik\u00ebsve t\u00eb Fierit, Patosit, Albpetrol, Roskovecit dhe Divjak\u00ebs<\/span><\/p>\n<p><span style=\"color: #000000;\">Zjarrfik\u00ebsit dhe Forcat e Armatosura jan\u00eb duke u p\u00ebrballur me nj\u00eb situat\u00eb shum\u00eb t\u00eb v\u00ebshtir\u00eb n\u00eb terren.<\/span><\/p>\n<p><span style=\"color: #000000;\">Forcat zjarrfik\u00ebse kan\u00eb qen\u00eb n\u00eb terren deri n\u00eb mesnat\u00eb, pasi t\u00eb favorizuara nga era e fort\u00eb detare , t\u00eb gjitha vatrat e zjarrit n\u00eb pyll jan\u00eb aktivizuar duke u p\u00ebrhapur deri n\u00eb masivin pyjor t\u00eb Der\u00ebzez\u00ebs, ku flak\u00ebt u afruan deri n\u00eb 300 metra pran\u00eb zon\u00ebs s\u00eb banuar dhe bizneseve q\u00eb operojn\u00eb n\u00eb t\u00eb.<\/span><\/p>\n<div class=\"ads_desktop\">\n<p><span style=\"color: #000000;\">Sipas prefektit Lefter Shehaj, operacioni ka filluar n\u00eb or\u00ebt e para t\u00eb m\u00ebngjesit t\u00eb sot\u00ebm ku n\u00eb terren po punojn\u00eb 5 mjete zjarrfik\u00ebse me 20 efektiv\u00eb, 40 efektiv\u00eb t\u00eb forcave t\u00eb armatosura , punonj\u00ebs t\u00eb adzm, forca mb\u00ebshtet\u00ebse t\u00eb bashkis\u00eb dhe nj\u00eb buldozer i Ministris\u00eb s\u00eb Mbrojtjes.<\/span><\/p>\n<\/div>\n","protected":false,"gt_translate_keys":[{"key":"rendered","format":"html"}]},"excerpt":{"rendered":"<p>Zjarri n\u00eb Dar\u00ebzez\u00eb ka marr\u00eb p\u00ebrmasa t\u00eb m\u00ebdha. Ne terren jan\u00eb ekipet e zjarrfik\u00ebsve t\u00eb Fierit, Patosit, Albpetrol, Roskovecit dhe Divjak\u00ebs Zjarrfik\u00ebsit dhe Forcat e Armatosura jan\u00eb duke u p\u00ebrballur me nj\u00eb situat\u00eb shum\u00eb t\u00eb v\u00ebshtir\u00eb n\u00eb terren. Forcat zjarrfik\u00ebse kan\u00eb qen\u00eb n\u00eb terren deri n\u00eb mesnat\u00eb, pasi t\u00eb favorizuara nga era e fort\u00eb detare [&hellip;]<\/p>\n","protected":false,"gt_translate_keys":[{"key":"rendered","format":"html"}]},"author":30,"featured_media":619973,"comment_status":"closed","ping_status":"closed","sticky":false,"template":"","format":"standard","meta":{"footnotes":""},"categories":[65],"tags":[],"class_list":["post-619972","post","type-post","status-publish","format-standard","has-post-thumbnail","hentry","category-lajme"],"gt_translate_keys":[{"key":"link","format":"url"}],"_links":{"self":[{"href":"https:\/\/www.hashtag.al\/index.php\/wp-json\/wp\/v2\/posts\/619972","targetHints":{"allow":["GET"]}}],"collection":[{"href":"https:\/\/www.hashtag.al\/index.php\/wp-json\/wp\/v2\/posts"}],"about":[{"href":"https:\/\/www.hashtag.al\/index.php\/wp-json\/wp\/v2\/types\/post"}],"author":[{"embeddable":true,"href":"https:\/\/www.hashtag.al\/index.php\/wp-json\/wp\/v2\/users\/30"}],"replies":[{"embeddable":true,"href":"https:\/\/www.hashtag.al\/index.php\/wp-json\/wp\/v2\/comments?post=619972"}],"version-history":[{"count":0,"href":"https:\/\/www.hashtag.al\/index.php\/wp-json\/wp\/v2\/posts\/619972\/revisions"}],"wp:featuredmedia":[{"embeddable":true,"href":"https:\/\/www.hashtag.al\/index.php\/wp-json\/wp\/v2\/media\/619973"}],"wp:attachment":[{"href":"https:\/\/www.hashtag.al\/index.php\/wp-json\/wp\/v2\/media?parent=619972"}],"wp:term":[{"taxonomy":"category","embeddable":true,"href":"https:\/\/www.hashtag.al\/index.php\/wp-json\/wp\/v2\/categories?post=619972"},{"taxonomy":"post_tag","embeddable":true,"href":"https:\/\/www.hashtag.al\/index.php\/wp-json\/wp\/v2\/tags?post=619972"}],"curies":[{"name":"wp","href":"https:\/\/api.w.org\/{rel}","templated":true}]}}