{"id":619957,"date":"2023-10-01T09:42:47","date_gmt":"2023-10-01T07:42:47","guid":{"rendered":"https:\/\/www.hashtag.al\/?p=619957"},"modified":"2023-10-01T09:42:47","modified_gmt":"2023-10-01T07:42:47","slug":"i-penduari-artan-tafani-dhe-te-arrestuarit-e-tjere-njihen-sot-me-masen-e-sigurise-prokuroria-kerkon-arrest-me-burg","status":"publish","type":"post","link":"https:\/\/www.hashtag.al\/index.php\/2023\/10\/01\/i-penduari-artan-tafani-dhe-te-arrestuarit-e-tjere-njihen-sot-me-masen-e-sigurise-prokuroria-kerkon-arrest-me-burg\/","title":{"rendered":"I penduari Artan Tafani dhe t\u00eb arrestuarit e tjer\u00eb njihen sot me mas\u00ebn e siguris\u00eb! Prokuroria k\u00ebrkon \u2018arrest me burg\u2019","gt_translate_keys":[{"key":"rendered","format":"text"}]},"content":{"rendered":"<p><span style=\"color: #000000;\"><a href=\"https:\/\/www.hashtag.al\/wp-content\/uploads\/2023\/10\/Screenshot-2023-10-01-094008.png\"><img loading=\"lazy\" decoding=\"async\" class=\"aligncenter size-full wp-image-619958\" src=\"https:\/\/www.hashtag.al\/wp-content\/uploads\/2023\/10\/Screenshot-2023-10-01-094008.png\" alt=\"\" width=\"972\" height=\"502\" srcset=\"https:\/\/www.hashtag.al\/wp-content\/uploads\/2023\/10\/Screenshot-2023-10-01-094008.png 972w, https:\/\/www.hashtag.al\/wp-content\/uploads\/2023\/10\/Screenshot-2023-10-01-094008-300x155.png 300w, https:\/\/www.hashtag.al\/wp-content\/uploads\/2023\/10\/Screenshot-2023-10-01-094008-768x397.png 768w\" sizes=\"auto, (max-width: 972px) 100vw, 972px\" \/><\/a><\/span><\/p>\n<p><span style=\"color: #000000;\">T\u00eb arrestuarit n\u00eb kuad\u00ebr t\u00eb operacionit \u2018Kurr\u00eb mos harro\u2019 kan\u00eb dal\u00eb para gjykat\u00ebs s\u00eb Elbasanit, ku do t\u00eb njihen me mas\u00ebn e siguris\u00eb. Ata ran\u00eb n\u00eb pranga pas rr\u00ebfimeve t\u00eb t\u00eb penduarit t\u00eb drejt\u00ebsis\u00eb Artan Tafani.<\/span><\/p>\n<p><span style=\"color: #000000;\">Prokurori Kreshnik Ajazi ka k\u00ebrkuar mas\u00ebn e siguris\u00eb \u2018arrest me burg\u2019. Para togave t\u00eb zeza sot do t\u00eb dal\u00eb edhe i penduari Artan Tafani dhe 8 t\u00eb tjer\u00eb. Nd\u00ebrkoh\u00eb, prokurori do t\u00eb k\u00ebrkoj\u00eb mas\u00ebn arrest me burg edhe p\u00ebr kreun e band\u00ebs Laert Haxhiu, por ky i fundit ndodhet n\u00eb burg n\u00eb Greqi dhe autoritetet helene kan\u00eb refuzuar ekstradimin e tij.<\/span><\/p>\n<p>&nbsp;<\/p>\n<p><span style=\"color: #000000;\">T\u00eb arrestuarit q\u00eb do dalin para gjykat\u00ebs<\/span><\/p>\n<p>&nbsp;<\/p>\n<p><span style=\"color: #000000;\">Artan Tafani<\/span><\/p>\n<p><span style=\"color: #000000;\">Lulzim Spahia<\/span><\/p>\n<p><span style=\"color: #000000;\">Ligor Romacka<\/span><\/p>\n<p><span style=\"color: #000000;\">Erisjano Abedini<\/span><\/p>\n<p><span style=\"color: #000000;\">Marglen Topuzi<\/span><\/p>\n<p><span style=\"color: #000000;\">Idriz Manej<\/span><\/p>\n<p><span style=\"color: #000000;\">Bujar Abedini<\/span><\/p>\n<p><span style=\"color: #000000;\">Enriko Xhahysa<\/span><\/p>\n<p><span style=\"color: #000000;\">Bledar Berberi<\/span><\/p>\n<p>&nbsp;<\/p>\n<p><span style=\"color: #000000;\">Operacioni &#8216;Kurr\u00eb mos harro&#8217;<\/span><\/p>\n<p><span style=\"color: #000000;\">Artan Tafani u arrestua tre muaj pas grabitjes n\u00ebn k\u00ebrc\u00ebnimin e arm\u00ebs s\u00eb nj\u00eb shume prej 30 mij\u00eb euro n\u00eb nj\u00eb pik\u00eb t\u00eb k\u00ebmbimit valutor n\u00eb Tiran\u00eb, ngjarje e ndodhur m\u00eb 24 qershor 2023. Ai u arrit t\u00eb identifikohej nga agjent\u00ebt e Komisariatit nr. 6 p\u00ebrmes ADN-s\u00eb.<\/span><\/p>\n<p><span style=\"color: #000000;\">Tafani mbahej n\u00ebn v\u00ebzhgim prej dit\u00ebsh. Kapja e tij do t\u00eb rezultonte n\u00eb nj\u00eb bashk\u00ebpunim t\u00eb shpejt p\u00ebr t\u00eb rr\u00ebfyer disa prej vrasjeve q\u00eb kan\u00eb tronditur vendin n\u00eb vitet 2018-2021 n\u00eb Elbasan, Tiran\u00eb, Lushnj\u00eb, Tepelen\u00eb, Kor\u00e7\u00eb dhe Durr\u00ebs. Artan Tafani rr\u00ebfeu p\u00ebr zbardhjen e 6 vrasjeve, 5 rasteve t\u00eb shp\u00ebrthimeve me eksploziv, 2 vjedhje me dhun\u00eb, 3 rasteve t\u00eb sigurimit\u00a0 t\u00eb kushteve dhe mjeteve p\u00ebr t\u00eb kryer vrasje dhe 1 rast t\u00eb kanosjes s\u00eb punonj\u00ebsve t\u00eb policis\u00eb, t\u00eb cilat jan\u00eb kryer nga banda e Laert Haxhiut an\u00ebtar i t\u00eb cilit ishte. Pendesa e tij vijoi me operacionin \u201cKurr\u00eb mos harro\u201d ku u firmos\u00ebn 15 urdh\u00ebrarreste, nga t\u00eb cilat 11 jan\u00eb ekzekutuar nd\u00ebrsa 4 jan\u00eb ende n\u00eb k\u00ebrkim.<\/span><\/p>\n","protected":false,"gt_translate_keys":[{"key":"rendered","format":"html"}]},"excerpt":{"rendered":"<p>T\u00eb arrestuarit n\u00eb kuad\u00ebr t\u00eb operacionit \u2018Kurr\u00eb mos harro\u2019 kan\u00eb dal\u00eb para gjykat\u00ebs s\u00eb Elbasanit, ku do t\u00eb njihen me mas\u00ebn e siguris\u00eb. Ata ran\u00eb n\u00eb pranga pas rr\u00ebfimeve t\u00eb t\u00eb penduarit t\u00eb drejt\u00ebsis\u00eb Artan Tafani. Prokurori Kreshnik Ajazi ka k\u00ebrkuar mas\u00ebn e siguris\u00eb \u2018arrest me burg\u2019. Para togave t\u00eb zeza sot do t\u00eb dal\u00eb [&hellip;]<\/p>\n","protected":false,"gt_translate_keys":[{"key":"rendered","format":"html"}]},"author":30,"featured_media":619958,"comment_status":"closed","ping_status":"closed","sticky":false,"template":"","format":"standard","meta":{"footnotes":""},"categories":[65],"tags":[],"class_list":["post-619957","post","type-post","status-publish","format-standard","has-post-thumbnail","hentry","category-lajme"],"gt_translate_keys":[{"key":"link","format":"url"}],"_links":{"self":[{"href":"https:\/\/www.hashtag.al\/index.php\/wp-json\/wp\/v2\/posts\/619957","targetHints":{"allow":["GET"]}}],"collection":[{"href":"https:\/\/www.hashtag.al\/index.php\/wp-json\/wp\/v2\/posts"}],"about":[{"href":"https:\/\/www.hashtag.al\/index.php\/wp-json\/wp\/v2\/types\/post"}],"author":[{"embeddable":true,"href":"https:\/\/www.hashtag.al\/index.php\/wp-json\/wp\/v2\/users\/30"}],"replies":[{"embeddable":true,"href":"https:\/\/www.hashtag.al\/index.php\/wp-json\/wp\/v2\/comments?post=619957"}],"version-history":[{"count":0,"href":"https:\/\/www.hashtag.al\/index.php\/wp-json\/wp\/v2\/posts\/619957\/revisions"}],"wp:featuredmedia":[{"embeddable":true,"href":"https:\/\/www.hashtag.al\/index.php\/wp-json\/wp\/v2\/media\/619958"}],"wp:attachment":[{"href":"https:\/\/www.hashtag.al\/index.php\/wp-json\/wp\/v2\/media?parent=619957"}],"wp:term":[{"taxonomy":"category","embeddable":true,"href":"https:\/\/www.hashtag.al\/index.php\/wp-json\/wp\/v2\/categories?post=619957"},{"taxonomy":"post_tag","embeddable":true,"href":"https:\/\/www.hashtag.al\/index.php\/wp-json\/wp\/v2\/tags?post=619957"}],"curies":[{"name":"wp","href":"https:\/\/api.w.org\/{rel}","templated":true}]}}