{"id":619948,"date":"2023-10-01T08:57:51","date_gmt":"2023-10-01T06:57:51","guid":{"rendered":"https:\/\/www.hashtag.al\/?p=619948"},"modified":"2023-10-01T08:57:51","modified_gmt":"2023-10-01T06:57:51","slug":"partia-pro-ruse-fiton-zgjedhjet-parlamentare-te-sllovakise","status":"publish","type":"post","link":"https:\/\/www.hashtag.al\/index.php\/2023\/10\/01\/partia-pro-ruse-fiton-zgjedhjet-parlamentare-te-sllovakise\/","title":{"rendered":"Partia pro-ruse fiton zgjedhjet parlamentare t\u00eb Sllovakis\u00eb","gt_translate_keys":[{"key":"rendered","format":"text"}]},"content":{"rendered":"<p><span style=\"color: #000000;\"><a href=\"https:\/\/www.hashtag.al\/wp-content\/uploads\/2023\/10\/Screenshot-2023-10-01-085154.png\"><img loading=\"lazy\" decoding=\"async\" class=\"aligncenter size-full wp-image-619949\" src=\"https:\/\/www.hashtag.al\/wp-content\/uploads\/2023\/10\/Screenshot-2023-10-01-085154.png\" alt=\"\" width=\"1248\" height=\"467\" srcset=\"https:\/\/www.hashtag.al\/wp-content\/uploads\/2023\/10\/Screenshot-2023-10-01-085154.png 1248w, https:\/\/www.hashtag.al\/wp-content\/uploads\/2023\/10\/Screenshot-2023-10-01-085154-300x112.png 300w, https:\/\/www.hashtag.al\/wp-content\/uploads\/2023\/10\/Screenshot-2023-10-01-085154-1024x383.png 1024w, https:\/\/www.hashtag.al\/wp-content\/uploads\/2023\/10\/Screenshot-2023-10-01-085154-768x287.png 768w\" sizes=\"auto, (max-width: 1248px) 100vw, 1248px\" \/><\/a><\/span><\/p>\n<p><span style=\"color: #000000;\">Nj\u00eb parti e kryesuar nga nj\u00eb figur\u00eb pro-Kremlinit doli n\u00eb krye pasi siguroi m\u00eb shum\u00eb vota sesa pritej n\u00eb zgjedhjet n\u00eb Sllovaki, tregojn\u00eb rezultatet paraprake, n\u00eb at\u00eb q\u00eb ka t\u00eb ngjar\u00eb t\u00eb p\u00ebrb\u00ebj\u00eb nj\u00eb sfid\u00eb p\u00ebr unitetin e NATO-s dhe BE-s\u00eb n\u00eb Ukrain\u00eb.<\/span><\/p>\n<p><span style=\"color: #000000;\">Sipas rezultateve paraprake t\u00eb publikuara nga Zyra e Statistikave t\u00eb Sllovakis\u00eb n\u00eb or\u00ebn 6 t\u00eb m\u00ebngjesit me or\u00ebn lokale, partia populiste SMER e Robert Fico fitoi 23.3% t\u00eb votave.<\/span><\/p>\n<p><span style=\"color: #000000;\">Sllovakia Progresive (PS), nj\u00eb parti liberale dhe pro-ukrainase fitoi 17%, sipas <span style=\"color: #0000ff;\"><a style=\"color: #0000ff;\" href=\"https:\/\/edition.cnn.com\/2023\/10\/01\/world\/slovakia-election-pro-russia-robert-fico-win-intl-hnk\/index.html\">CNN.<\/a><\/span><\/span><\/p>\n<p><span style=\"color: #000000;\">Fico, nj\u00eb ish-kryeminist\u00ebr dy her\u00eb, tani ka nj\u00eb shans p\u00ebr t\u00eb rifituar vendin e pun\u00ebs, por s\u00eb pari duhet t\u00eb k\u00ebrkoj\u00eb partner\u00eb koalicioni pasi partia e tij nuk siguroi nj\u00eb pjes\u00eb mjaft t\u00eb madhe t\u00eb votave p\u00ebr t\u00eb fituar plot\u00ebsisht. Partia e moderuar e majt\u00eb Hlas, e udh\u00ebhequr nga nj\u00eb ish-an\u00ebtar i SMER-it dhe e formuar si nj\u00eb deg\u00eb e SMER-it pas mosmarr\u00ebveshjeve t\u00eb brendshme, doli e treta me 15% t\u00eb votave dhe mund t\u00eb luante rolin e krijuesit t\u00eb mbretit.<\/span><\/p>\n<p><span style=\"color: #000000;\">Me shtat\u00eb parti politike q\u00eb arrijn\u00eb pragun e 5% t\u00eb nevojsh\u00ebm p\u00ebr t\u00eb hyr\u00eb n\u00eb parlament, negociatat e koalicionit pothuajse me siguri do t\u00eb p\u00ebrfshijn\u00eb shum\u00eb lojtar\u00eb dhe mund t\u00eb jen\u00eb t\u00eb gjata dhe t\u00eb \u00e7rregullta.<\/span><\/p>\n<p><span style=\"color: #000000;\">Ndon\u00ebse nuk \u00ebsht\u00eb nj\u00eb rr\u00ebshqitje e tok\u00ebs, rezultati i SMER \u00ebsht\u00eb m\u00eb i mir\u00eb se sa pritej &#8211; sondazhet e fundit t\u00eb opinionit t\u00eb publikuara n\u00eb fillim t\u00eb k\u00ebsaj jave treguan qaf\u00ebn dhe qaf\u00ebn e SMER dhe PS.<\/span><\/p>\n<p><span style=\"color: #000000;\">Fico ka premtuar nj\u00eb fund t\u00eb menj\u00ebhersh\u00ebm t\u00eb mb\u00ebshtetjes ushtarake sllovake p\u00ebr Ukrain\u00ebn dhe ka premtuar se do t\u00eb bllokoj\u00eb ambiciet e NATO-s t\u00eb Ukrain\u00ebs, gj\u00eb q\u00eb do t\u00eb prishte mb\u00ebshtetjen e vendosur t\u00eb Sllovakis\u00eb p\u00ebr Ukrain\u00ebn.<\/span><\/p>\n<p><span style=\"color: #000000;\">Peter Pellegrini, udh\u00ebheq\u00ebsi i Hlas, tha se partia e tij ishte &#8220;shum\u00eb e k\u00ebnaqur me rezultatin&#8221;.<\/span><\/p>\n<p><span style=\"color: #000000;\"><em>\u201cRezultatet e deritanishme tregojn\u00eb se Hlas do t\u00eb jet\u00eb nj\u00eb parti pa t\u00eb cil\u00ebn do t\u00eb jet\u00eb e pamundur t\u00eb formohet \u00e7do lloj koalicioni qeveritar normal dhe funksional\u201d.<\/em><\/span><\/p>\n<p><span style=\"color: #000000;\"><em>\u201cNga nj\u00ebra an\u00eb, ne jemi shum\u00eb t\u00eb k\u00ebnaqur me k\u00ebt\u00eb (por) nga ana tjet\u00ebr, kjo \u00ebsht\u00eb nj\u00eb p\u00ebrgjegj\u00ebsi e madhe, nj\u00eb detyr\u00eb madhore p\u00ebr t&#8217;u siguruar q\u00eb, n\u00ebse ka nj\u00eb ofert\u00eb p\u00ebr t\u00eb formuar nj\u00eb koalicion, ne do t\u00eb marrim vendimin e duhur dhe do t\u00eb b\u00ebhemi pjes\u00eb e nj\u00eb qeverie q\u00eb do ta \u00e7oj\u00eb Sllovakin\u00eb nga kalbja dhe kriza n\u00eb t\u00eb cil\u00ebn na fut\u00ebn (udh\u00ebheq\u00ebsit e m\u00ebparsh\u00ebm t\u00eb vendit),\u201d<\/em> shtoi ai.<\/span><\/p>\n<p><span style=\"color: #000000;\">Hlas ka qen\u00eb i paqart\u00eb n\u00eb lidhje me pozicionin e saj ndaj Ukrain\u00ebs n\u00eb fushat\u00ebn zgjedhore. Pellegrini ka sugjeruar m\u00eb par\u00eb se Sllovakia &#8220;nuk <em>kishte mbetur asgj\u00eb p\u00ebr t&#8217;i dhuruar<\/em>&#8221; Kievit, por gjithashtu tha se vendi duhet t\u00eb vazhdoj\u00eb t\u00eb prodhoj\u00eb municione q\u00eb d\u00ebrgohen n\u00eb Ukrain\u00eb.<\/span><\/p>\n","protected":false,"gt_translate_keys":[{"key":"rendered","format":"html"}]},"excerpt":{"rendered":"<p>Nj\u00eb parti e kryesuar nga nj\u00eb figur\u00eb pro-Kremlinit doli n\u00eb krye pasi siguroi m\u00eb shum\u00eb vota sesa pritej n\u00eb zgjedhjet n\u00eb Sllovaki, tregojn\u00eb rezultatet paraprake, n\u00eb at\u00eb q\u00eb ka t\u00eb ngjar\u00eb t\u00eb p\u00ebrb\u00ebj\u00eb nj\u00eb sfid\u00eb p\u00ebr unitetin e NATO-s dhe BE-s\u00eb n\u00eb Ukrain\u00eb. Sipas rezultateve paraprake t\u00eb publikuara nga Zyra e Statistikave t\u00eb Sllovakis\u00eb n\u00eb [&hellip;]<\/p>\n","protected":false,"gt_translate_keys":[{"key":"rendered","format":"html"}]},"author":30,"featured_media":619949,"comment_status":"closed","ping_status":"closed","sticky":false,"template":"","format":"standard","meta":{"footnotes":""},"categories":[6],"tags":[],"class_list":["post-619948","post","type-post","status-publish","format-standard","has-post-thumbnail","hentry","category-nderkombetare"],"gt_translate_keys":[{"key":"link","format":"url"}],"_links":{"self":[{"href":"https:\/\/www.hashtag.al\/index.php\/wp-json\/wp\/v2\/posts\/619948","targetHints":{"allow":["GET"]}}],"collection":[{"href":"https:\/\/www.hashtag.al\/index.php\/wp-json\/wp\/v2\/posts"}],"about":[{"href":"https:\/\/www.hashtag.al\/index.php\/wp-json\/wp\/v2\/types\/post"}],"author":[{"embeddable":true,"href":"https:\/\/www.hashtag.al\/index.php\/wp-json\/wp\/v2\/users\/30"}],"replies":[{"embeddable":true,"href":"https:\/\/www.hashtag.al\/index.php\/wp-json\/wp\/v2\/comments?post=619948"}],"version-history":[{"count":0,"href":"https:\/\/www.hashtag.al\/index.php\/wp-json\/wp\/v2\/posts\/619948\/revisions"}],"wp:featuredmedia":[{"embeddable":true,"href":"https:\/\/www.hashtag.al\/index.php\/wp-json\/wp\/v2\/media\/619949"}],"wp:attachment":[{"href":"https:\/\/www.hashtag.al\/index.php\/wp-json\/wp\/v2\/media?parent=619948"}],"wp:term":[{"taxonomy":"category","embeddable":true,"href":"https:\/\/www.hashtag.al\/index.php\/wp-json\/wp\/v2\/categories?post=619948"},{"taxonomy":"post_tag","embeddable":true,"href":"https:\/\/www.hashtag.al\/index.php\/wp-json\/wp\/v2\/tags?post=619948"}],"curies":[{"name":"wp","href":"https:\/\/api.w.org\/{rel}","templated":true}]}}