{"id":619790,"date":"2023-09-30T12:30:50","date_gmt":"2023-09-30T10:30:50","guid":{"rendered":"https:\/\/www.hashtag.al\/?p=619790"},"modified":"2023-09-30T12:30:50","modified_gmt":"2023-09-30T10:30:50","slug":"prej-ditesh-ne-flake-pylli-i-pishporos-ne-fier-e-pamundur-nderhyrja-nga-ajri","status":"publish","type":"post","link":"https:\/\/www.hashtag.al\/index.php\/2023\/09\/30\/prej-ditesh-ne-flake-pylli-i-pishporos-ne-fier-e-pamundur-nderhyrja-nga-ajri\/","title":{"rendered":"Prej dit\u00ebsh n\u00eb flak\u00eb pylli i Pishporos n\u00eb Fier, e pamundur nd\u00ebrhyrja nga ajri","gt_translate_keys":[{"key":"rendered","format":"text"}]},"content":{"rendered":"<p style=\"text-align: left;\"><span style=\"color: #000000;\"><img loading=\"lazy\" decoding=\"async\" class=\"alignnone size-full wp-image-619438\" src=\"https:\/\/www.hashtag.al\/wp-content\/uploads\/2023\/09\/zjarri-ne-fier-2-770x450-1.jpg\" alt=\"\" width=\"770\" height=\"450\" srcset=\"https:\/\/www.hashtag.al\/wp-content\/uploads\/2023\/09\/zjarri-ne-fier-2-770x450-1.jpg 770w, https:\/\/www.hashtag.al\/wp-content\/uploads\/2023\/09\/zjarri-ne-fier-2-770x450-1-300x175.jpg 300w, https:\/\/www.hashtag.al\/wp-content\/uploads\/2023\/09\/zjarri-ne-fier-2-770x450-1-768x449.jpg 768w, https:\/\/www.hashtag.al\/wp-content\/uploads\/2023\/09\/zjarri-ne-fier-2-770x450-1-250x145.jpg 250w\" sizes=\"auto, (max-width: 770px) 100vw, 770px\" \/><\/span><\/p>\n<p style=\"text-align: left;\"><span style=\"color: #000000;\">Flak\u00ebt n\u00eb pyllin n\u00eb Pishporo t\u00eb Fierit, vijojn\u00eb t\u00eb p\u00ebrhapen me shpejt\u00ebsi t\u00eb favorizuara dhe nga era e fort\u00eb<\/span><\/p>\n<p style=\"text-align: left;\"><span style=\"color: #000000;\">Efektiv\u00ebt e forcave t\u00eb armatosura jan\u00eb t\u00ebrhequr n\u00eb pamund\u00ebsi operimi.<\/span><\/p>\n<p style=\"text-align: left;\"><span style=\"color: #000000;\">Prefekti i qarkut Lefter Shehaj ka pohuar p\u00ebr mediat se deri tani \u00ebsht\u00eb djegur nj\u00eb sip\u00ebrfaqe prej 500 ha pyll me pisha ne zon\u00ebn e mbrojtur nd\u00ebrkoh\u00eb q\u00eb forcat operacionale jan\u00eb afruar pran\u00eb zon\u00ebs s\u00eb banuar p\u00ebr t\u00eb v\u00ebn\u00eb n\u00ebn kontroll arat e mbjella dhe banesat.<\/span><\/p>\n<p style=\"text-align: left;\"><span style=\"color: #000000;\">Ne terren p\u00ebr t\u00eb monitoruar situaten ka zbritur dhe kreu i emergjencave civile Haki Cako, i cili tha se situata po vleresohet ne cdo hap ne pamundesi te nderhyrjes nga ajri.<\/span><\/p>\n","protected":false,"gt_translate_keys":[{"key":"rendered","format":"html"}]},"excerpt":{"rendered":"<p>Flak\u00ebt n\u00eb pyllin n\u00eb Pishporo t\u00eb Fierit, vijojn\u00eb t\u00eb p\u00ebrhapen me shpejt\u00ebsi t\u00eb favorizuara dhe nga era e fort\u00eb Efektiv\u00ebt e forcave t\u00eb armatosura jan\u00eb t\u00ebrhequr n\u00eb pamund\u00ebsi operimi. Prefekti i qarkut Lefter Shehaj ka pohuar p\u00ebr mediat se deri tani \u00ebsht\u00eb djegur nj\u00eb sip\u00ebrfaqe prej 500 ha pyll me pisha ne zon\u00ebn e mbrojtur [&hellip;]<\/p>\n","protected":false,"gt_translate_keys":[{"key":"rendered","format":"html"}]},"author":4,"featured_media":619438,"comment_status":"closed","ping_status":"closed","sticky":false,"template":"","format":"standard","meta":{"footnotes":""},"categories":[65],"tags":[],"class_list":["post-619790","post","type-post","status-publish","format-standard","has-post-thumbnail","hentry","category-lajme"],"gt_translate_keys":[{"key":"link","format":"url"}],"_links":{"self":[{"href":"https:\/\/www.hashtag.al\/index.php\/wp-json\/wp\/v2\/posts\/619790","targetHints":{"allow":["GET"]}}],"collection":[{"href":"https:\/\/www.hashtag.al\/index.php\/wp-json\/wp\/v2\/posts"}],"about":[{"href":"https:\/\/www.hashtag.al\/index.php\/wp-json\/wp\/v2\/types\/post"}],"author":[{"embeddable":true,"href":"https:\/\/www.hashtag.al\/index.php\/wp-json\/wp\/v2\/users\/4"}],"replies":[{"embeddable":true,"href":"https:\/\/www.hashtag.al\/index.php\/wp-json\/wp\/v2\/comments?post=619790"}],"version-history":[{"count":0,"href":"https:\/\/www.hashtag.al\/index.php\/wp-json\/wp\/v2\/posts\/619790\/revisions"}],"wp:featuredmedia":[{"embeddable":true,"href":"https:\/\/www.hashtag.al\/index.php\/wp-json\/wp\/v2\/media\/619438"}],"wp:attachment":[{"href":"https:\/\/www.hashtag.al\/index.php\/wp-json\/wp\/v2\/media?parent=619790"}],"wp:term":[{"taxonomy":"category","embeddable":true,"href":"https:\/\/www.hashtag.al\/index.php\/wp-json\/wp\/v2\/categories?post=619790"},{"taxonomy":"post_tag","embeddable":true,"href":"https:\/\/www.hashtag.al\/index.php\/wp-json\/wp\/v2\/tags?post=619790"}],"curies":[{"name":"wp","href":"https:\/\/api.w.org\/{rel}","templated":true}]}}