{"id":619679,"date":"2023-09-29T19:30:57","date_gmt":"2023-09-29T17:30:57","guid":{"rendered":"https:\/\/www.hashtag.al\/?p=619679"},"modified":"2023-09-29T19:34:20","modified_gmt":"2023-09-29T17:34:20","slug":"demet-nga-breshri-fermeret-e-korces-protestojne-per-demshperblim","status":"publish","type":"post","link":"https:\/\/www.hashtag.al\/index.php\/2023\/09\/29\/demet-nga-breshri-fermeret-e-korces-protestojne-per-demshperblim\/","title":{"rendered":"D\u00ebmet nga bresh\u00ebri, fermer\u00ebt e Kor\u00e7\u00ebs protestojn\u00eb p\u00ebr d\u00ebmshp\u00ebrblim","gt_translate_keys":[{"key":"rendered","format":"text"}]},"content":{"rendered":"<p><img loading=\"lazy\" decoding=\"async\" class=\"alignnone size-full wp-image-619680\" src=\"https:\/\/www.hashtag.al\/wp-content\/uploads\/2023\/09\/WhatsApp-Image-2023-09-29-at-6.18.40-PM.jpeg\" alt=\"\" width=\"981\" height=\"487\" srcset=\"https:\/\/www.hashtag.al\/wp-content\/uploads\/2023\/09\/WhatsApp-Image-2023-09-29-at-6.18.40-PM.jpeg 981w, https:\/\/www.hashtag.al\/wp-content\/uploads\/2023\/09\/WhatsApp-Image-2023-09-29-at-6.18.40-PM-300x149.jpeg 300w, https:\/\/www.hashtag.al\/wp-content\/uploads\/2023\/09\/WhatsApp-Image-2023-09-29-at-6.18.40-PM-768x381.jpeg 768w\" sizes=\"auto, (max-width: 981px) 100vw, 981px\" \/><\/p>\n<p style=\"text-align: left;\"><span style=\"color: #000000;\">Fermer\u00ebt e qarkut t\u00eb Korc\u00ebs protestuan k\u00ebt\u00eb t\u00eb premte tek drejtoria e bujq\u00ebsis\u00eb, pasi bresh\u00ebri ka d\u00ebmtuar prodhimet e tyre bujq\u00ebsore dhe pemtarin\u00eb.<\/span><\/p>\n<p style=\"text-align: left;\"><span style=\"color: #000000;\">Prodhimi i fermer\u00ebve \u00ebsht\u00eb prekur nga moti i keq edhe vitet e tjera por nuk kan\u00eb gjetur mb\u00ebshtetje p\u00ebr humbjet ndaj sot ata k\u00ebrkojn\u00eb kompensim t\u00eb d\u00ebmeve p\u00ebr qindra hektar\u00ebve tok\u00eb t\u00eb mbjella q\u00eb nuk do t\u00eb marrin prodhim p\u00ebr k\u00ebt\u00eb vit.<\/span><\/p>\n<p style=\"text-align: left;\"><span style=\"color: #000000;\"><em>Shteti duhet t\u00eb ndihmoj\u00eb k\u00ebta fermere. <\/em><\/span><span style=\"color: #000000;\"><em>Moll\u00ebt kan\u00eb qen\u00eb n\u00eb pjekje ndaj d\u00ebmi \u00ebsht\u00eb 95 p\u00ebr qind\u201d, tha Bujar Muco n\u00ebnkryetar i shoqat\u00ebs.<\/em><\/span><\/p>\n<p style=\"text-align: left;\"><span style=\"color: #000000;\">Kjo proteste erdhi ne vazhden e shume reagimeve nga fermeret pergjate gjithe ketyre diteve t\u00eb cil\u00ebt jan\u00eb zhg\u00ebnjyer nga heshtja e institucioneve. N\u00ebse nuk kompensohet fermer\u00ebt than\u00eb se jan\u00eb t\u00eb detyruar t\u00eb ikin n\u00eb emigrim.<\/span><\/p>\n<p style=\"text-align: left;\"><span style=\"color: #000000;\"><em>\u201cN\u00ebse nuk na ndihmojn\u00eb do ikim andej nga kemi qen\u00eb n\u00eb Greqi. Ne k\u00ebshtu jemi t\u00eb mbaruar. D\u00ebmi \u00ebsht\u00eb 100 p\u00ebr qind. Kisha 1.8 ha me moll\u00eb, prodhimi \u00ebsht\u00eb zero\u201d, than\u00eb ata.<\/em><\/span><\/p>\n<p style=\"text-align: left;\"><span style=\"color: #000000;\">Sipas drejtorit t\u00eb bujq\u00ebsore n\u00eb kor\u00e7\u00eb d\u00ebmet jan\u00eb verifikuar dhe n\u00eb dit\u00ebt n\u00eb vijim do t\u00eb shihen mund\u00ebsit\u00eb p\u00ebr d\u00ebmshp\u00ebrblim.<\/span><\/p>\n<p style=\"text-align: left;\"><span style=\"color: #000000;\"><em>\u201cN\u00eb bashk\u00ebpunim Ministria e Bujq\u00ebsis\u00eb dhe Bashkit\u00eb do t\u00eb shohim cilat jan\u00eb mund\u00ebsit\u00eb p\u00ebr d\u00ebmshp\u00ebrblim\u201d, Vullnet Gjolla.<\/em><\/span><\/p>\n<p style=\"text-align: left;\"><span style=\"color: #000000;\">Drejtoria e Bujq\u00ebsis\u00eb Kor\u00e7\u00eb thekson edhe faktin se fermer\u00ebt duhet t\u00eb aplikojn\u00eb p\u00ebr rrjetat antibresh\u00ebr p\u00ebr shkak t\u00eb ndryshimeve klimaterike.<\/span><\/p>\n<p><img loading=\"lazy\" decoding=\"async\" class=\"alignnone size-full wp-image-619683\" src=\"https:\/\/www.hashtag.al\/wp-content\/uploads\/2023\/09\/Fermeret-Korce-1.jpeg\" alt=\"\" width=\"1170\" height=\"637\" srcset=\"https:\/\/www.hashtag.al\/wp-content\/uploads\/2023\/09\/Fermeret-Korce-1.jpeg 1170w, https:\/\/www.hashtag.al\/wp-content\/uploads\/2023\/09\/Fermeret-Korce-1-300x163.jpeg 300w, https:\/\/www.hashtag.al\/wp-content\/uploads\/2023\/09\/Fermeret-Korce-1-1024x558.jpeg 1024w, https:\/\/www.hashtag.al\/wp-content\/uploads\/2023\/09\/Fermeret-Korce-1-768x418.jpeg 768w\" sizes=\"auto, (max-width: 1170px) 100vw, 1170px\" \/><\/p>\n<p><img loading=\"lazy\" decoding=\"async\" class=\"alignnone size-full wp-image-619684\" src=\"https:\/\/www.hashtag.al\/wp-content\/uploads\/2023\/09\/Fermeret-Korce-4.jpeg\" alt=\"\" width=\"1170\" height=\"623\" srcset=\"https:\/\/www.hashtag.al\/wp-content\/uploads\/2023\/09\/Fermeret-Korce-4.jpeg 1170w, https:\/\/www.hashtag.al\/wp-content\/uploads\/2023\/09\/Fermeret-Korce-4-300x160.jpeg 300w, https:\/\/www.hashtag.al\/wp-content\/uploads\/2023\/09\/Fermeret-Korce-4-1024x545.jpeg 1024w, https:\/\/www.hashtag.al\/wp-content\/uploads\/2023\/09\/Fermeret-Korce-4-768x409.jpeg 768w\" sizes=\"auto, (max-width: 1170px) 100vw, 1170px\" \/><\/p>\n","protected":false,"gt_translate_keys":[{"key":"rendered","format":"html"}]},"excerpt":{"rendered":"<p>Fermer\u00ebt e qarkut t\u00eb Korc\u00ebs protestuan k\u00ebt\u00eb t\u00eb premte tek drejtoria e bujq\u00ebsis\u00eb, pasi bresh\u00ebri ka d\u00ebmtuar prodhimet e tyre bujq\u00ebsore dhe pemtarin\u00eb. Prodhimi i fermer\u00ebve \u00ebsht\u00eb prekur nga moti i keq edhe vitet e tjera por nuk kan\u00eb gjetur mb\u00ebshtetje p\u00ebr humbjet ndaj sot ata k\u00ebrkojn\u00eb kompensim t\u00eb d\u00ebmeve p\u00ebr qindra hektar\u00ebve tok\u00eb t\u00eb [&hellip;]<\/p>\n","protected":false,"gt_translate_keys":[{"key":"rendered","format":"html"}]},"author":4,"featured_media":619680,"comment_status":"closed","ping_status":"closed","sticky":false,"template":"","format":"standard","meta":{"footnotes":""},"categories":[65],"tags":[],"class_list":["post-619679","post","type-post","status-publish","format-standard","has-post-thumbnail","hentry","category-lajme"],"gt_translate_keys":[{"key":"link","format":"url"}],"_links":{"self":[{"href":"https:\/\/www.hashtag.al\/index.php\/wp-json\/wp\/v2\/posts\/619679","targetHints":{"allow":["GET"]}}],"collection":[{"href":"https:\/\/www.hashtag.al\/index.php\/wp-json\/wp\/v2\/posts"}],"about":[{"href":"https:\/\/www.hashtag.al\/index.php\/wp-json\/wp\/v2\/types\/post"}],"author":[{"embeddable":true,"href":"https:\/\/www.hashtag.al\/index.php\/wp-json\/wp\/v2\/users\/4"}],"replies":[{"embeddable":true,"href":"https:\/\/www.hashtag.al\/index.php\/wp-json\/wp\/v2\/comments?post=619679"}],"version-history":[{"count":0,"href":"https:\/\/www.hashtag.al\/index.php\/wp-json\/wp\/v2\/posts\/619679\/revisions"}],"wp:featuredmedia":[{"embeddable":true,"href":"https:\/\/www.hashtag.al\/index.php\/wp-json\/wp\/v2\/media\/619680"}],"wp:attachment":[{"href":"https:\/\/www.hashtag.al\/index.php\/wp-json\/wp\/v2\/media?parent=619679"}],"wp:term":[{"taxonomy":"category","embeddable":true,"href":"https:\/\/www.hashtag.al\/index.php\/wp-json\/wp\/v2\/categories?post=619679"},{"taxonomy":"post_tag","embeddable":true,"href":"https:\/\/www.hashtag.al\/index.php\/wp-json\/wp\/v2\/tags?post=619679"}],"curies":[{"name":"wp","href":"https:\/\/api.w.org\/{rel}","templated":true}]}}