{"id":619381,"date":"2023-09-28T13:55:11","date_gmt":"2023-09-28T11:55:11","guid":{"rendered":"https:\/\/www.hashtag.al\/?p=619381"},"modified":"2023-09-28T14:49:51","modified_gmt":"2023-09-28T12:49:51","slug":"abuzoi-me-fondet-e-klubit-sportiv-sopoti-vihet-ne-pranga-ish-nenkryetari-i-bashkise-librazhd","status":"publish","type":"post","link":"https:\/\/www.hashtag.al\/index.php\/2023\/09\/28\/abuzoi-me-fondet-e-klubit-sportiv-sopoti-vihet-ne-pranga-ish-nenkryetari-i-bashkise-librazhd\/","title":{"rendered":"Abuzoi me fondet e klubit sportiv, vihet n\u00eb pranga ish-n\u00ebnkryetari i Bashkis\u00eb Librazhd","gt_translate_keys":[{"key":"rendered","format":"text"}]},"content":{"rendered":"<p><span style=\"font-weight: 400; color: #000000;\"><img loading=\"lazy\" decoding=\"async\" class=\"alignnone size-full wp-image-619382\" src=\"https:\/\/www.hashtag.al\/wp-content\/uploads\/2023\/09\/1695900975_andricota.jpeg\" alt=\"\" width=\"780\" height=\"440\" srcset=\"https:\/\/www.hashtag.al\/wp-content\/uploads\/2023\/09\/1695900975_andricota.jpeg 780w, https:\/\/www.hashtag.al\/wp-content\/uploads\/2023\/09\/1695900975_andricota-300x169.jpeg 300w, https:\/\/www.hashtag.al\/wp-content\/uploads\/2023\/09\/1695900975_andricota-768x433.jpeg 768w\" sizes=\"auto, (max-width: 780px) 100vw, 780px\" \/><\/span><\/p>\n<p><span style=\"font-weight: 400; color: #000000;\">Policia ka v\u00ebn\u00eb n\u00eb pranga, Andri \u00c7ota, ish-n\u00ebnkryetar i bashkis\u00eb s\u00eb Librazhdit, pasi ishte shpallur n\u00eb k\u00ebrkim pasi dyshohej p\u00ebr abuzim t\u00eb fondeve t\u00eb klubit sportiv Sopoti.<\/span><\/p>\n<p><span style=\"font-weight: 400; color: #000000;\">Sipas t\u00eb dh\u00ebnave nga policia gjat\u00eb koh\u00ebs q\u00eb ka mbajtur postin n\u00ebnkryetar i bashkis\u00eb Librazhd, ka keqp\u00ebrdorur fondin p\u00ebr klubin sportiv, duke shkaktuar d\u00ebm ekonomik.\u00a0<\/span><\/p>\n<p><span style=\"color: #000000;\"><i><span style=\"font-weight: 400;\">\u201cKapet dhe vihet n\u00eb pranga nj\u00eb shtetas i shpallur n\u00eb k\u00ebrkim, i akuzuar p\u00ebr shp\u00ebrdorim detyre.<\/span><\/i><\/span><\/p>\n<p><span style=\"color: #000000;\"><i><span style=\"font-weight: 400;\">N\u00eb vijim t\u00eb pun\u00ebs operacionale hetimore, bazuar n\u00eb informacionet e siguruara nga inteligjenca policore, p\u00ebr nj\u00eb rast t\u00eb shp\u00ebrdorimit t\u00eb detyres, strukturat p\u00ebr Hetimin e Krimeve Ekonomike dhe Financiare t\u00eb DVP Elbasan, pas nj\u00eb muaji hetime me metoda proaktive, n\u00eb drejtimin e Prokuroris\u00eb\u00a0 s\u00eb Elbasanit, kan\u00eb finalizuar operacionin policor t\u00eb koduar &#8220;Loading&#8221;.\u00a0<\/span><\/i><\/span><\/p>\n<p><span style=\"color: #000000;\"><i><span style=\"font-weight: 400;\">Si rezultat, \u00ebsht\u00eb kapur dhe ndaluar shtetasi A. \u00c7., 37 vje\u00e7, banues n\u00eb Librazhd.<\/span><\/i><\/span><\/p>\n<p><span style=\"color: #000000;\"><i><span style=\"font-weight: 400;\">P\u00ebr k\u00ebt\u00eb shtetas, Gjykata e Shkall\u00ebs s\u00eb Par\u00eb e Juridiksionit t\u00eb P\u00ebrgjithsh\u00ebm Elbasan, m\u00eb dat\u00eb 21.09.2023, ka caktuar mas\u00ebn e siguris\u00eb &#8220;Arrest n\u00eb burg&#8221;, pasi dyshohet se gjat\u00eb koh\u00ebs q\u00eb ka mbajtur postin n\u00ebnkryetar i bashkis\u00eb Librazhd, ka keqp\u00ebrdorur fondin p\u00ebr klubin sportiv, duke shkaktuar d\u00ebm ekonomik.\u00a0<\/span><\/i><\/span><\/p>\n<p><span style=\"color: #000000;\"><i><span style=\"font-weight: 400;\">Vijojn\u00eb hetimet p\u00ebr dokumentimin e plot\u00eb t\u00eb k\u00ebtij rasti.\u00a0<\/span><\/i><\/span><\/p>\n<p><span style=\"color: #000000;\"><i><span style=\"font-weight: 400;\">Materialet procedurale i kaluan Prokuroris\u00eb pran\u00eb Gjykat\u00ebs s\u00eb Shkall\u00ebs s\u00eb Par\u00eb t\u00eb Juridiksionit t\u00eb P\u00ebrgjithsh\u00ebm Elbasan, p\u00ebr veprime t\u00eb m\u00ebtejshme.\u201d- <\/span><\/i><span style=\"font-weight: 400;\">njofton policia.<\/span><\/span><\/p>\n","protected":false,"gt_translate_keys":[{"key":"rendered","format":"html"}]},"excerpt":{"rendered":"<p>Policia ka v\u00ebn\u00eb n\u00eb pranga, Andri \u00c7ota, ish-n\u00ebnkryetar i bashkis\u00eb s\u00eb Librazhdit, pasi ishte shpallur n\u00eb k\u00ebrkim pasi dyshohej p\u00ebr abuzim t\u00eb fondeve t\u00eb klubit sportiv Sopoti. Sipas t\u00eb dh\u00ebnave nga policia gjat\u00eb koh\u00ebs q\u00eb ka mbajtur postin n\u00ebnkryetar i bashkis\u00eb Librazhd, ka keqp\u00ebrdorur fondin p\u00ebr klubin sportiv, duke shkaktuar d\u00ebm ekonomik.\u00a0 \u201cKapet dhe vihet [&hellip;]<\/p>\n","protected":false,"gt_translate_keys":[{"key":"rendered","format":"html"}]},"author":4,"featured_media":619382,"comment_status":"closed","ping_status":"closed","sticky":false,"template":"","format":"standard","meta":{"footnotes":""},"categories":[65],"tags":[],"class_list":["post-619381","post","type-post","status-publish","format-standard","has-post-thumbnail","hentry","category-lajme"],"gt_translate_keys":[{"key":"link","format":"url"}],"_links":{"self":[{"href":"https:\/\/www.hashtag.al\/index.php\/wp-json\/wp\/v2\/posts\/619381","targetHints":{"allow":["GET"]}}],"collection":[{"href":"https:\/\/www.hashtag.al\/index.php\/wp-json\/wp\/v2\/posts"}],"about":[{"href":"https:\/\/www.hashtag.al\/index.php\/wp-json\/wp\/v2\/types\/post"}],"author":[{"embeddable":true,"href":"https:\/\/www.hashtag.al\/index.php\/wp-json\/wp\/v2\/users\/4"}],"replies":[{"embeddable":true,"href":"https:\/\/www.hashtag.al\/index.php\/wp-json\/wp\/v2\/comments?post=619381"}],"version-history":[{"count":0,"href":"https:\/\/www.hashtag.al\/index.php\/wp-json\/wp\/v2\/posts\/619381\/revisions"}],"wp:featuredmedia":[{"embeddable":true,"href":"https:\/\/www.hashtag.al\/index.php\/wp-json\/wp\/v2\/media\/619382"}],"wp:attachment":[{"href":"https:\/\/www.hashtag.al\/index.php\/wp-json\/wp\/v2\/media?parent=619381"}],"wp:term":[{"taxonomy":"category","embeddable":true,"href":"https:\/\/www.hashtag.al\/index.php\/wp-json\/wp\/v2\/categories?post=619381"},{"taxonomy":"post_tag","embeddable":true,"href":"https:\/\/www.hashtag.al\/index.php\/wp-json\/wp\/v2\/tags?post=619381"}],"curies":[{"name":"wp","href":"https:\/\/api.w.org\/{rel}","templated":true}]}}