{"id":619356,"date":"2023-09-28T12:33:35","date_gmt":"2023-09-28T10:33:35","guid":{"rendered":"https:\/\/www.hashtag.al\/?p=619356"},"modified":"2023-09-28T12:33:35","modified_gmt":"2023-09-28T10:33:35","slug":"rama-smund-te-mbeshtesnim-nje-deklarate-te-be-se-qe-nuk-pasqyronte-sulmin-e-patolerueshem-ndaj-policise-ne-veri-te-kosoves","status":"publish","type":"post","link":"https:\/\/www.hashtag.al\/index.php\/2023\/09\/28\/rama-smund-te-mbeshtesnim-nje-deklarate-te-be-se-qe-nuk-pasqyronte-sulmin-e-patolerueshem-ndaj-policise-ne-veri-te-kosoves\/","title":{"rendered":"Rama: S\u2019mund t\u00eb mb\u00ebshtesnim nj\u00eb deklarat\u00eb t\u00eb BE-s\u00eb q\u00eb nuk pasqyronte sulmin e patoleruesh\u00ebm ndaj policis\u00eb n\u00eb veri t\u00eb Kosov\u00ebs","gt_translate_keys":[{"key":"rendered","format":"text"}]},"content":{"rendered":"<p><img loading=\"lazy\" decoding=\"async\" class=\"aligncenter size-full wp-image-619357\" src=\"https:\/\/www.hashtag.al\/wp-content\/uploads\/2023\/09\/rama2.png\" alt=\"\" width=\"1170\" height=\"670\" srcset=\"https:\/\/www.hashtag.al\/wp-content\/uploads\/2023\/09\/rama2.png 1170w, https:\/\/www.hashtag.al\/wp-content\/uploads\/2023\/09\/rama2-300x172.png 300w, https:\/\/www.hashtag.al\/wp-content\/uploads\/2023\/09\/rama2-1024x586.png 1024w, https:\/\/www.hashtag.al\/wp-content\/uploads\/2023\/09\/rama2-768x440.png 768w\" sizes=\"auto, (max-width: 1170px) 100vw, 1170px\" \/><\/p>\n<p><span style=\"color: #000000;\">Kryeministri Rama sqaroi sot mosmb\u00ebshtetjen e Shqip\u00ebris\u00eb mbi deklarat\u00ebn e BE-s\u00eb p\u00ebr ngjarjet n\u00eb Kosov\u00eb.<\/span><\/p>\n<p><span style=\"color: #000000;\"> Ai tha se \u00ebsht\u00eb hera e par\u00eb n\u00eb 10 vite q\u00eb Tirana nuk linj\u00ebzohet me Brukselin duke th\u00ebn\u00eb se deklarata e BE-s\u00eb duhej pasuar nga nj\u00eb e dyt\u00eb q\u00eb do pasqyronin ngjarjet e dit\u00ebve t\u00eb fundit. <\/span><\/p>\n<p><span style=\"color: #000000;\">Kreu i qeveris\u00eb u dha gazetar\u00ebve se Shqip\u00ebria do mb\u00ebshtes\u00eb deklarat\u00ebn e BE-s\u00eb menj\u00ebher\u00eb sapo t\u00eb dal\u00eb deklarata e k\u00ebrkuar nga Tirana.<\/span><\/p>\n<p><span style=\"color: #000000;\"><em>\u201cP\u00ebr her\u00eb t\u00eb par\u00eb n\u00eb 10 vitet e fundit, Shqip\u00ebria nuk u linj\u00ebzua me nj\u00eb deklarat\u00eb t\u00eb plitik\u00ebs s\u00eb jahstme t\u00eb BE. Ky fakt ka hshkaktuar nj\u00eb p\u00ebrshjellim t\u00eb kuptuesh\u00ebm kur ja kemi p\u00ebrcjell\u00eb Brukselit. Jemi p\u00ebrpjekur qysh pardje q\u00eb deklarata t\u00eb reflektonte edhe zhvillimet dramatike n\u00eb dit\u00ebt e fundit. Vrasjen e efektivit dhe shpalljen e zis\u00eb komb\u00ebtar\u00eb t\u00eb serb\u00ebve q\u00eb shk\u00ebmbyen zjarr me polic\u00ebt n\u00eb veri. Miqt\u00eb n\u00eb Bruksel na than\u00eb se nuk ishte e mundur di\u00e7ka e till\u00eb, sepse deklarata n\u00eb fakt q\u00eb dhan\u00eb dje nga unioni pas takimit t\u00eb d\u00ebshtuar t\u00eb Vu\u00e7i\u00e7 dhe Kurtit n\u00eb Bruksel. <\/em><\/span><\/p>\n<p><span style=\"color: #000000;\"><em>Ne tham\u00eb se s\u2019kemi ndonj\u00eb rezerv\u00eb me deklarat\u00ebn n\u00eb vetvete, por nj\u00ebkoh\u00ebsisht kemi theksuar domosdoshm\u00ebrin\u00eb, sipas nesh, q\u00eb ndikimi i k\u00ebsaj deklarate duhej t\u00eb b\u00ebhej nj\u00ebkoh\u00ebsisht apo t\u00eb pakt\u00ebn t\u00eb pasohej pa humbur koh\u00eb, nga nj\u00eb deklarat\u00eb e dyt\u00eb mbi\u00a0 zhvillimet e patolerueshme n\u00eb veri t\u00eb Kosov\u00ebs. Na u tha se nuk \u00ebsht\u00eb e mundur momentalisht dhe se deklarata kritike ndaj Kosov\u00ebs e kishte marr\u00eb aprovimin e vendeve an\u00ebtare dhe pritej t\u00eb linj\u00ebzohej edhe Shqip\u00ebria. P\u00ebrgjigja jon\u00eb ishte negative dhe nuk u p\u00eblqye. Q\u00ebndrimi im nuk ndryshon, jemi gati t\u00eb linj\u00ebzohemi sapo t\u00eb dal\u00eb deklarata q\u00eb ne presim. Ky q\u00ebndrim ka t\u00eb b\u00ebj\u00eb me \u00e7balancimin total q\u00eb deklarate e djeshme krijon n\u00eb k\u00ebto momente kaq dramatike, kur situata mund t\u00eb p\u00ebrkeq\u00ebsohet nga java n\u00eb jav\u00eb, dita dit\u00eb, apo n\u00eb or\u00eb.\u201d<\/em> &#8211; tha Rama.<\/span><\/p>\n","protected":false,"gt_translate_keys":[{"key":"rendered","format":"html"}]},"excerpt":{"rendered":"<p>Kryeministri Rama sqaroi sot mosmb\u00ebshtetjen e Shqip\u00ebris\u00eb mbi deklarat\u00ebn e BE-s\u00eb p\u00ebr ngjarjet n\u00eb Kosov\u00eb. Ai tha se \u00ebsht\u00eb hera e par\u00eb n\u00eb 10 vite q\u00eb Tirana nuk linj\u00ebzohet me Brukselin duke th\u00ebn\u00eb se deklarata e BE-s\u00eb duhej pasuar nga nj\u00eb e dyt\u00eb q\u00eb do pasqyronin ngjarjet e dit\u00ebve t\u00eb fundit. Kreu i qeveris\u00eb u [&hellip;]<\/p>\n","protected":false,"gt_translate_keys":[{"key":"rendered","format":"html"}]},"author":51,"featured_media":619357,"comment_status":"closed","ping_status":"closed","sticky":false,"template":"","format":"standard","meta":{"footnotes":""},"categories":[65],"tags":[],"class_list":["post-619356","post","type-post","status-publish","format-standard","has-post-thumbnail","hentry","category-lajme"],"gt_translate_keys":[{"key":"link","format":"url"}],"_links":{"self":[{"href":"https:\/\/www.hashtag.al\/index.php\/wp-json\/wp\/v2\/posts\/619356","targetHints":{"allow":["GET"]}}],"collection":[{"href":"https:\/\/www.hashtag.al\/index.php\/wp-json\/wp\/v2\/posts"}],"about":[{"href":"https:\/\/www.hashtag.al\/index.php\/wp-json\/wp\/v2\/types\/post"}],"author":[{"embeddable":true,"href":"https:\/\/www.hashtag.al\/index.php\/wp-json\/wp\/v2\/users\/51"}],"replies":[{"embeddable":true,"href":"https:\/\/www.hashtag.al\/index.php\/wp-json\/wp\/v2\/comments?post=619356"}],"version-history":[{"count":0,"href":"https:\/\/www.hashtag.al\/index.php\/wp-json\/wp\/v2\/posts\/619356\/revisions"}],"wp:featuredmedia":[{"embeddable":true,"href":"https:\/\/www.hashtag.al\/index.php\/wp-json\/wp\/v2\/media\/619357"}],"wp:attachment":[{"href":"https:\/\/www.hashtag.al\/index.php\/wp-json\/wp\/v2\/media?parent=619356"}],"wp:term":[{"taxonomy":"category","embeddable":true,"href":"https:\/\/www.hashtag.al\/index.php\/wp-json\/wp\/v2\/categories?post=619356"},{"taxonomy":"post_tag","embeddable":true,"href":"https:\/\/www.hashtag.al\/index.php\/wp-json\/wp\/v2\/tags?post=619356"}],"curies":[{"name":"wp","href":"https:\/\/api.w.org\/{rel}","templated":true}]}}