{"id":619313,"date":"2023-09-28T10:53:27","date_gmt":"2023-09-28T08:53:27","guid":{"rendered":"https:\/\/www.hashtag.al\/?p=619313"},"modified":"2023-09-28T11:08:49","modified_gmt":"2023-09-28T09:08:49","slug":"operacioni-me-15-te-arrestuar-rrumbullaku-nxjerr-emrat-laert-haxhiu-organizator-e-porosites-i-disa-vrasjeve","status":"publish","type":"post","link":"https:\/\/www.hashtag.al\/index.php\/2023\/09\/28\/operacioni-me-15-te-arrestuar-rrumbullaku-nxjerr-emrat-laert-haxhiu-organizator-e-porosites-i-disa-vrasjeve\/","title":{"rendered":"Operacioni me 12 t\u00eb arrestuar, Rrumbullaku nxjerr emrat: Laert Haxhiu organizator e porosit\u00ebs i disa vrasjeve","gt_translate_keys":[{"key":"rendered","format":"text"}]},"content":{"rendered":"<h4><span style=\"font-weight: 400;\"><img loading=\"lazy\" decoding=\"async\" class=\"alignnone size-full wp-image-619314\" src=\"https:\/\/www.hashtag.al\/wp-content\/uploads\/2023\/09\/1695889203_rumbullaku.jpg\" alt=\"\" width=\"780\" height=\"440\" srcset=\"https:\/\/www.hashtag.al\/wp-content\/uploads\/2023\/09\/1695889203_rumbullaku.jpg 780w, https:\/\/www.hashtag.al\/wp-content\/uploads\/2023\/09\/1695889203_rumbullaku-300x169.jpg 300w, https:\/\/www.hashtag.al\/wp-content\/uploads\/2023\/09\/1695889203_rumbullaku-768x433.jpg 768w\" sizes=\"auto, (max-width: 780px) 100vw, 780px\" \/><\/span><\/h4>\n<h4><span style=\"font-weight: 400; color: #000000;\">Drejtori i Policis\u00eb s\u00eb Shtetit Muhamet Rrumbullaku n\u00eb konferenc\u00eb p\u00ebr median u shpreh lidhur me megaoperacionin e koduar \u201cNever Forget\u201d (Kurr\u00eb mos harro)<\/span><\/h4>\n<h4><span style=\"font-weight: 400; color: #000000;\">N\u00eb deklarat\u00ebn e tij thuhet se , nga 15 urdher ndalime jan\u00eb ekzekutuar 12 dhe 3 jan\u00eb n\u00eb k\u00ebrkim<\/span><\/h4>\n<h4><span style=\"font-weight: 400; color: #000000;\">Laert Haxhia porosit\u00ebsi i dy vrasjeve n\u00eb Athin\u00eb\u00a0<\/span><\/h4>\n<h4><span style=\"color: #000000;\"><b>T\u00eb arrestuar<\/b><span style=\"font-weight: 400;\"><br \/>\n<\/span><span style=\"font-weight: 400;\">Artan Tafani<\/span><span style=\"font-weight: 400;\"><br \/>\n<\/span><span style=\"font-weight: 400;\">Erisiana Abedini\u00a0 <\/span><span style=\"font-weight: 400;\"><br \/>\n<\/span><span style=\"font-weight: 400;\">Lulzim Spahia<\/span><span style=\"font-weight: 400;\"><br \/>\n<\/span><span style=\"font-weight: 400;\">Ligor Roma\u00e7ka<\/span><span style=\"font-weight: 400;\"><br \/>\n<\/span><span style=\"font-weight: 400;\">Bujar Abedini<\/span><span style=\"font-weight: 400;\"><br \/>\n<\/span><span style=\"font-weight: 400;\">Bledar Berberi<\/span><span style=\"font-weight: 400;\"><br \/>\n<\/span><span style=\"font-weight: 400;\">Mariglen Topuzi<\/span><span style=\"font-weight: 400;\"><br \/>\n<\/span><span style=\"font-weight: 400;\">Enriko Xhahysa<\/span><span style=\"font-weight: 400;\"><br \/>\n<\/span><span style=\"font-weight: 400;\">Klea Xhafo<\/span><span style=\"font-weight: 400;\"><br \/>\n<\/span><span style=\"font-weight: 400;\">Idriz Manaj<\/span><span style=\"font-weight: 400;\"><br \/>\n<\/span><span style=\"font-weight: 400;\">Fatjon Veliu <\/span><span style=\"font-weight: 400;\"><br \/>\n<\/span><span style=\"font-weight: 400;\">Leart Haxhiu<\/span><\/span><\/h4>\n<h4><span style=\"color: #000000;\"><b>N\u00eb k\u00ebrkim <\/b><span style=\"font-weight: 400;\"><br \/>\n<\/span><span style=\"font-weight: 400;\">Lorenc Lala <\/span><span style=\"font-weight: 400;\"><br \/>\n<\/span><span style=\"font-weight: 400;\">Firdeus Berberi\u00a0 <\/span><\/span><span style=\"font-weight: 400;\"><br \/>\n<\/span><span style=\"font-weight: 400; color: #000000;\">Kristi Bizheku\u00a0<\/span><\/h4>\n<h4><span style=\"font-weight: 400;\">Gjithashtu Rrumbullaku deklaroi se <\/span><span style=\"font-weight: 400;\">sipas hetimeve Laert Haxhiu rezulton t\u00eb jet\u00eb organizatori dhe porosit\u00ebsi i dy vrasjeve t\u00eb ndodhura n\u00eb Greqi.<\/span><\/h4>\n<h4><i><span style=\"font-weight: 400;\">\u201cAi \u00ebsht\u00eb organizatori dhe porosit\u00ebsi i vrasjes n\u00eb Athin\u00eb t\u00eb Lulzim Qorrit dhe Dikens Halili. T\u00eb dh\u00ebnat do i \u00e7ohen autoriteteve n\u00eb Athin\u00eb\u201d <\/span><\/i><span style=\"font-weight: 400;\">tha Rrumbullaku.<\/span><\/h4>\n","protected":false,"gt_translate_keys":[{"key":"rendered","format":"html"}]},"excerpt":{"rendered":"<p>Drejtori i Policis\u00eb s\u00eb Shtetit Muhamet Rrumbullaku n\u00eb konferenc\u00eb p\u00ebr median u shpreh lidhur me megaoperacionin e koduar \u201cNever Forget\u201d (Kurr\u00eb mos harro) N\u00eb deklarat\u00ebn e tij thuhet se , nga 15 urdher ndalime jan\u00eb ekzekutuar 12 dhe 3 jan\u00eb n\u00eb k\u00ebrkim Laert Haxhia porosit\u00ebsi i dy vrasjeve n\u00eb Athin\u00eb\u00a0 T\u00eb arrestuar Artan Tafani Erisiana [&hellip;]<\/p>\n","protected":false,"gt_translate_keys":[{"key":"rendered","format":"html"}]},"author":4,"featured_media":619314,"comment_status":"closed","ping_status":"closed","sticky":false,"template":"","format":"standard","meta":{"footnotes":""},"categories":[65],"tags":[],"class_list":["post-619313","post","type-post","status-publish","format-standard","has-post-thumbnail","hentry","category-lajme"],"gt_translate_keys":[{"key":"link","format":"url"}],"_links":{"self":[{"href":"https:\/\/www.hashtag.al\/index.php\/wp-json\/wp\/v2\/posts\/619313","targetHints":{"allow":["GET"]}}],"collection":[{"href":"https:\/\/www.hashtag.al\/index.php\/wp-json\/wp\/v2\/posts"}],"about":[{"href":"https:\/\/www.hashtag.al\/index.php\/wp-json\/wp\/v2\/types\/post"}],"author":[{"embeddable":true,"href":"https:\/\/www.hashtag.al\/index.php\/wp-json\/wp\/v2\/users\/4"}],"replies":[{"embeddable":true,"href":"https:\/\/www.hashtag.al\/index.php\/wp-json\/wp\/v2\/comments?post=619313"}],"version-history":[{"count":0,"href":"https:\/\/www.hashtag.al\/index.php\/wp-json\/wp\/v2\/posts\/619313\/revisions"}],"wp:featuredmedia":[{"embeddable":true,"href":"https:\/\/www.hashtag.al\/index.php\/wp-json\/wp\/v2\/media\/619314"}],"wp:attachment":[{"href":"https:\/\/www.hashtag.al\/index.php\/wp-json\/wp\/v2\/media?parent=619313"}],"wp:term":[{"taxonomy":"category","embeddable":true,"href":"https:\/\/www.hashtag.al\/index.php\/wp-json\/wp\/v2\/categories?post=619313"},{"taxonomy":"post_tag","embeddable":true,"href":"https:\/\/www.hashtag.al\/index.php\/wp-json\/wp\/v2\/tags?post=619313"}],"curies":[{"name":"wp","href":"https:\/\/api.w.org\/{rel}","templated":true}]}}