{"id":618924,"date":"2023-09-26T18:37:16","date_gmt":"2023-09-26T16:37:16","guid":{"rendered":"https:\/\/www.hashtag.al\/?p=618924"},"modified":"2023-09-26T21:33:58","modified_gmt":"2023-09-26T19:33:58","slug":"mijera-te-larguar-nga-karabaku-arrijne-ne-armeni","status":"publish","type":"post","link":"https:\/\/www.hashtag.al\/index.php\/2023\/09\/26\/mijera-te-larguar-nga-karabaku-arrijne-ne-armeni\/","title":{"rendered":"Tensionet n\u00eb rajonin mes Armenis\u00eb e Azerbajxhanit, zhvendosen mbi 13 mij\u00eb persona","gt_translate_keys":[{"key":"rendered","format":"text"}]},"content":{"rendered":"<p><span style=\"color: #000000;\"><img loading=\"lazy\" decoding=\"async\" class=\"alignnone size-full wp-image-618926\" src=\"https:\/\/www.hashtag.al\/wp-content\/uploads\/2023\/09\/emigrantet-1-1024x553-1.jpg\" alt=\"\" width=\"1024\" height=\"553\" srcset=\"https:\/\/www.hashtag.al\/wp-content\/uploads\/2023\/09\/emigrantet-1-1024x553-1.jpg 1024w, https:\/\/www.hashtag.al\/wp-content\/uploads\/2023\/09\/emigrantet-1-1024x553-1-300x162.jpg 300w, https:\/\/www.hashtag.al\/wp-content\/uploads\/2023\/09\/emigrantet-1-1024x553-1-768x415.jpg 768w\" sizes=\"auto, (max-width: 1024px) 100vw, 1024px\" \/><\/span><\/p>\n<p style=\"text-align: left;\"><span style=\"color: #000000;\">Mbi 13.000 persona q\u00eb u larguan nga Nagorno-Karabaku kan\u00eb arritur n\u00eb Armeni, than\u00eb zyrtar\u00ebt, n\u00eb nj\u00eb eksod masiv q\u00eb pasoi nj\u00eb ofensiv\u00eb t\u00eb Azerbajxhanit q\u00eb i dha Bakus\u00eb kontrollin e plot\u00eb t\u00eb k\u00ebtij rajoni malor.<\/span><\/p>\n<p style=\"text-align: left;\"><span style=\"color: #000000;\">Autoritetet n\u00eb Nagorno-Karabak, nd\u00ebrkaq, than\u00eb se t\u00eb pakt\u00ebn 20 persona jan\u00eb vrar\u00eb dhe pothuajse 300 t\u00eb tjer\u00eb jan\u00eb plagosur gjat\u00eb shp\u00ebrthimit n\u00eb nj\u00eb pik\u00eb karburanti, teksa qytetar\u00ebt q\u00eb po largoheshin nga rajoni p\u00ebr n\u00eb Armeni po furnizohesh me karburante.<\/span><\/p>\n<p style=\"text-align: left;\"><span style=\"color: #000000;\">Shp\u00ebrthimi, ende i pashpjeguesh\u00ebm, jasht\u00eb kryeqytetit rajonal Stepaankert ndodhi m\u00eb 25 shtator, n\u00eb mes t\u00eb nj\u00eb eksodi gjithnj\u00eb e m\u00eb kaotik.<\/span><\/p>\n<p style=\"text-align: left;\"><span style=\"color: #000000;\">Bakuja \u00ebsht\u00eb zotuar se do t\u00eb trajtoj\u00eb mir\u00eb banor\u00ebt armen\u00eb etnik\u00eb q\u00eb po ikin nga enklava. Nagorno-Karabaku ishte n\u00ebn kontrollin e armen\u00ebve etnik\u00eb deri para nj\u00eb jave, por Qeveria armene ka paralajm\u00ebruar p\u00ebr nj\u00eb \u201cspastrim t\u00eb mundsh\u00ebm etnik\u201d.<\/span><\/p>\n<p style=\"text-align: left;\"><span style=\"color: #000000;\">Mij\u00ebra persona jan\u00eb bllokuar n\u00eb rrug\u00ebt malore q\u00eb \u00e7ojn\u00eb p\u00ebr n\u00eb Armeni dhe Qeveria armene tha m\u00eb 26 shtator se mbi 13.000 persona ve\u00e7se kan\u00eb hyr\u00eb n\u00eb shtet.<\/span><\/p>\n<p style=\"text-align: left;\"><span style=\"color: #000000;\">Trafiku u ndal s\u00ebrish m\u00eb 26 shtator p\u00ebrderisa qindra makina dhe kamion\u00eb u bllokuan n\u00eb rrug\u00ebn kryesore n\u00eb Korridorin La\u00e7in dhe nj\u00eb num\u00ebr i madh i personave kan\u00eb mbetur n\u00eb qytetin Goris, q\u00eb gjendet n\u00eb kufi me Armenin\u00eb.<\/span><\/p>\n<p style=\"text-align: left;\"><span style=\"color: #000000;\">Sipas t\u00eb dh\u00ebnave, n\u00eb Nagorno-Karabak deri para nj\u00eb jave kan\u00eb jetuar rreth 120.000 armen\u00eb etnik\u00eb.<\/span><\/p>\n<p style=\"text-align: left;\"><span style=\"color: #000000;\">Nd\u00ebrkaq, protestat n\u00eb Jerevan t\u00eb Armenis\u00eb kan\u00eb vazhduar lidhur me reagimin e Qeveris\u00eb p\u00ebr kriz\u00ebn.<\/span><\/p>\n<p style=\"text-align: left;\"><span style=\"color: #000000;\">Protestuesit kan\u00eb bllokuar rrug\u00ebt, teksa autoritetet than\u00eb se mbi 50 persona jan\u00eb arrestuar m\u00eb 26 shtator.<\/span><\/p>\n<p style=\"text-align: left;\"><span style=\"color: #000000;\">Armenia dhe Azerbajxhani kan\u00eb luftuar dy luft\u00ebra n\u00eb tri dekadat e fundit lidhur me kontrollin e rajonit t\u00eb banuar me shumic\u00eb armen\u00eb etnik\u00eb. Nagorno-Karabaku nd\u00ebrkomb\u00ebtarisht njihet si pjes\u00eb e Armenis\u00eb.<\/span><\/p>\n<p style=\"text-align: left;\"><span style=\"color: #000000;\">Fillimisht, ai u mor n\u00ebn kontroll nga forcat armene etnike pasi p\u00ebrfundoi lufta m\u00eb 1994. Gjat\u00eb luft\u00ebs m\u00eb 2020, Azerbajxhani mori pjes\u00eb t\u00eb rajonit dhe territoreve p\u00ebrreth.<\/span><\/p>\n<p style=\"text-align: left;\"><span style=\"color: #000000;\">Luftimet p\u00ebrfunduan pasi Rusia nd\u00ebrmjet\u00ebsoi nj\u00eb marr\u00ebveshje arm\u00ebpushimi dhe n\u00eb at\u00eb pjes\u00eb u vendos\u00ebn paqeruajt\u00ebsit rus\u00eb. <\/span><\/p>\n<p style=\"text-align: left;\"><span style=\"color: #000000;\"><span style=\"color: #ff0000;\"><strong>VINI RE<\/strong><\/span>:Ky material \u00ebsht\u00eb pron\u00ebsi intelektuale e\u00a0<\/span><a href=\"https:\/\/www.evropaelire.org\/a\/evakuime-nagorno-karabak-armeni-\/32610317.html\"><span style=\"color: #0000ff;\">REL<\/span><\/a><\/p>\n","protected":false,"gt_translate_keys":[{"key":"rendered","format":"html"}]},"excerpt":{"rendered":"<p>Mbi 13.000 persona q\u00eb u larguan nga Nagorno-Karabaku kan\u00eb arritur n\u00eb Armeni, than\u00eb zyrtar\u00ebt, n\u00eb nj\u00eb eksod masiv q\u00eb pasoi nj\u00eb ofensiv\u00eb t\u00eb Azerbajxhanit q\u00eb i dha Bakus\u00eb kontrollin e plot\u00eb t\u00eb k\u00ebtij rajoni malor. Autoritetet n\u00eb Nagorno-Karabak, nd\u00ebrkaq, than\u00eb se t\u00eb pakt\u00ebn 20 persona jan\u00eb vrar\u00eb dhe pothuajse 300 t\u00eb tjer\u00eb jan\u00eb plagosur gjat\u00eb [&hellip;]<\/p>\n","protected":false,"gt_translate_keys":[{"key":"rendered","format":"html"}]},"author":4,"featured_media":618926,"comment_status":"closed","ping_status":"closed","sticky":false,"template":"","format":"standard","meta":{"footnotes":""},"categories":[6],"tags":[],"class_list":["post-618924","post","type-post","status-publish","format-standard","has-post-thumbnail","hentry","category-nderkombetare"],"gt_translate_keys":[{"key":"link","format":"url"}],"_links":{"self":[{"href":"https:\/\/www.hashtag.al\/index.php\/wp-json\/wp\/v2\/posts\/618924","targetHints":{"allow":["GET"]}}],"collection":[{"href":"https:\/\/www.hashtag.al\/index.php\/wp-json\/wp\/v2\/posts"}],"about":[{"href":"https:\/\/www.hashtag.al\/index.php\/wp-json\/wp\/v2\/types\/post"}],"author":[{"embeddable":true,"href":"https:\/\/www.hashtag.al\/index.php\/wp-json\/wp\/v2\/users\/4"}],"replies":[{"embeddable":true,"href":"https:\/\/www.hashtag.al\/index.php\/wp-json\/wp\/v2\/comments?post=618924"}],"version-history":[{"count":0,"href":"https:\/\/www.hashtag.al\/index.php\/wp-json\/wp\/v2\/posts\/618924\/revisions"}],"wp:featuredmedia":[{"embeddable":true,"href":"https:\/\/www.hashtag.al\/index.php\/wp-json\/wp\/v2\/media\/618926"}],"wp:attachment":[{"href":"https:\/\/www.hashtag.al\/index.php\/wp-json\/wp\/v2\/media?parent=618924"}],"wp:term":[{"taxonomy":"category","embeddable":true,"href":"https:\/\/www.hashtag.al\/index.php\/wp-json\/wp\/v2\/categories?post=618924"},{"taxonomy":"post_tag","embeddable":true,"href":"https:\/\/www.hashtag.al\/index.php\/wp-json\/wp\/v2\/tags?post=618924"}],"curies":[{"name":"wp","href":"https:\/\/api.w.org\/{rel}","templated":true}]}}