{"id":618862,"date":"2023-09-26T13:51:02","date_gmt":"2023-09-26T11:51:02","guid":{"rendered":"https:\/\/www.hashtag.al\/?p=618862"},"modified":"2023-09-26T13:56:52","modified_gmt":"2023-09-26T11:56:52","slug":"libani-arreston-personin-qe-dyshohet-se-sulmoi-me-arme-zjarri-ambasaden-e-shba-se","status":"publish","type":"post","link":"https:\/\/www.hashtag.al\/index.php\/2023\/09\/26\/libani-arreston-personin-qe-dyshohet-se-sulmoi-me-arme-zjarri-ambasaden-e-shba-se\/","title":{"rendered":"Libani arreston personin q\u00eb dyshohet se sulmoi me arm\u00eb zjarri Ambasad\u00ebn e SHBA-s\u00eb\u00a0","gt_translate_keys":[{"key":"rendered","format":"text"}]},"content":{"rendered":"<p><span style=\"font-weight: 400;\"><img loading=\"lazy\" decoding=\"async\" class=\"alignnone size-full wp-image-618863\" src=\"https:\/\/www.hashtag.al\/wp-content\/uploads\/2023\/09\/thumbs_b_c_a329d88d4cabf9dbff74eb158511bd24.jpg\" alt=\"\" width=\"864\" height=\"486\" srcset=\"https:\/\/www.hashtag.al\/wp-content\/uploads\/2023\/09\/thumbs_b_c_a329d88d4cabf9dbff74eb158511bd24.jpg 864w, https:\/\/www.hashtag.al\/wp-content\/uploads\/2023\/09\/thumbs_b_c_a329d88d4cabf9dbff74eb158511bd24-300x169.jpg 300w, https:\/\/www.hashtag.al\/wp-content\/uploads\/2023\/09\/thumbs_b_c_a329d88d4cabf9dbff74eb158511bd24-768x432.jpg 768w\" sizes=\"auto, (max-width: 864px) 100vw, 864px\" \/><\/span><\/p>\n<p><span style=\"font-weight: 400;\">Libani tha se forcat e tij t\u00eb siguris\u00eb kishin arrestuar nj\u00eb person t\u00eb dyshuar t\u00eb armatosur q\u00eb mund t\u00eb jet\u00eb p\u00ebrfshir\u00eb n\u00eb sulmin me arm\u00eb zjarri jav\u00ebn e kaluar ndaj ambasad\u00ebs s\u00eb SHBA.\u00a0 N\u00eb nj\u00eb deklarat\u00eb, Drejtoria e Forcave t\u00eb Siguris\u00eb s\u00eb Brendshme (ISF) tha se nj\u00eb 26-vje\u00e7ar u arrestua n\u00eb periferin\u00eb jugore t\u00eb Bierutit, Al-Kafa&#8217;at.\u00a0<\/span><\/p>\n<p><span style=\"font-weight: 400;\">I dyshuari pranoi se kishte hapur zjarr ndaj kompleksit t\u00eb ambasad\u00ebs. Deklarata thoshte se motivet e sulmit me arm\u00eb zjarri nuk ishin ende t\u00eb qarta.\u00a0 M\u00eb tej thuhej se arma e p\u00ebrdorur n\u00eb sulm ishte gjithashtu e kapur.\u00a0 Nuk u raportuan t\u00eb l\u00ebnduar n\u00eb sulmin q\u00eb ndodhi t\u00eb m\u00ebrkur\u00ebn von\u00eb n\u00eb periferin\u00eb veriore t\u00eb Bejrutit, Awkar.\u00a0\u00a0<\/span><\/p>\n<p><span style=\"font-weight: 400;\">Sulmi me arm\u00eb zjarri p\u00ebrkoi me 39 vjetorin e nj\u00eb bombardimi me makin\u00eb jasht\u00eb kompleksit t\u00eb ambasad\u00ebs amerikane n\u00eb Bejrut n\u00eb vitin 1984, i cili vrau 11 persona dhe plagosi dhjet\u00ebra t\u00eb tjer\u00eb. Uashingtoni kishte faj\u00ebsuar grupin libanez &#8216;Hezbollah&#8217; p\u00ebr sulmin.<\/span><\/p>\n","protected":false,"gt_translate_keys":[{"key":"rendered","format":"html"}]},"excerpt":{"rendered":"<p>Libani tha se forcat e tij t\u00eb siguris\u00eb kishin arrestuar nj\u00eb person t\u00eb dyshuar t\u00eb armatosur q\u00eb mund t\u00eb jet\u00eb p\u00ebrfshir\u00eb n\u00eb sulmin me arm\u00eb zjarri jav\u00ebn e kaluar ndaj ambasad\u00ebs s\u00eb SHBA.\u00a0 N\u00eb nj\u00eb deklarat\u00eb, Drejtoria e Forcave t\u00eb Siguris\u00eb s\u00eb Brendshme (ISF) tha se nj\u00eb 26-vje\u00e7ar u arrestua n\u00eb periferin\u00eb jugore t\u00eb Bierutit, [&hellip;]<\/p>\n","protected":false,"gt_translate_keys":[{"key":"rendered","format":"html"}]},"author":4,"featured_media":618863,"comment_status":"closed","ping_status":"closed","sticky":false,"template":"","format":"standard","meta":{"footnotes":""},"categories":[65,6],"tags":[],"class_list":["post-618862","post","type-post","status-publish","format-standard","has-post-thumbnail","hentry","category-lajme","category-nderkombetare"],"gt_translate_keys":[{"key":"link","format":"url"}],"_links":{"self":[{"href":"https:\/\/www.hashtag.al\/index.php\/wp-json\/wp\/v2\/posts\/618862","targetHints":{"allow":["GET"]}}],"collection":[{"href":"https:\/\/www.hashtag.al\/index.php\/wp-json\/wp\/v2\/posts"}],"about":[{"href":"https:\/\/www.hashtag.al\/index.php\/wp-json\/wp\/v2\/types\/post"}],"author":[{"embeddable":true,"href":"https:\/\/www.hashtag.al\/index.php\/wp-json\/wp\/v2\/users\/4"}],"replies":[{"embeddable":true,"href":"https:\/\/www.hashtag.al\/index.php\/wp-json\/wp\/v2\/comments?post=618862"}],"version-history":[{"count":0,"href":"https:\/\/www.hashtag.al\/index.php\/wp-json\/wp\/v2\/posts\/618862\/revisions"}],"wp:featuredmedia":[{"embeddable":true,"href":"https:\/\/www.hashtag.al\/index.php\/wp-json\/wp\/v2\/media\/618863"}],"wp:attachment":[{"href":"https:\/\/www.hashtag.al\/index.php\/wp-json\/wp\/v2\/media?parent=618862"}],"wp:term":[{"taxonomy":"category","embeddable":true,"href":"https:\/\/www.hashtag.al\/index.php\/wp-json\/wp\/v2\/categories?post=618862"},{"taxonomy":"post_tag","embeddable":true,"href":"https:\/\/www.hashtag.al\/index.php\/wp-json\/wp\/v2\/tags?post=618862"}],"curies":[{"name":"wp","href":"https:\/\/api.w.org\/{rel}","templated":true}]}}