{"id":618858,"date":"2023-09-26T13:38:47","date_gmt":"2023-09-26T11:38:47","guid":{"rendered":"https:\/\/www.hashtag.al\/?p=618858"},"modified":"2023-09-26T13:38:47","modified_gmt":"2023-09-26T11:38:47","slug":"ju-caktohet-masa-e-paraburgimit-momenti-i-largimit-nga-gjykata-i-te-akuzuarve-per-sulmin-ne-banjske","status":"publish","type":"post","link":"https:\/\/www.hashtag.al\/index.php\/2023\/09\/26\/ju-caktohet-masa-e-paraburgimit-momenti-i-largimit-nga-gjykata-i-te-akuzuarve-per-sulmin-ne-banjske\/","title":{"rendered":"Ju caktohet masa e paraburgimit, momenti i largimit nga gjykata i t\u00eb akuzuarve p\u00ebr sulmin n\u00eb Banjsk\u00eb","gt_translate_keys":[{"key":"rendered","format":"text"}]},"content":{"rendered":"<p><a href=\"https:\/\/www.hashtag.al\/wp-content\/uploads\/2023\/09\/Screenshot-2023-09-26-133035.png\"><img loading=\"lazy\" decoding=\"async\" class=\"aligncenter size-full wp-image-618859\" src=\"https:\/\/www.hashtag.al\/wp-content\/uploads\/2023\/09\/Screenshot-2023-09-26-133035.png\" alt=\"\" width=\"1002\" height=\"565\" srcset=\"https:\/\/www.hashtag.al\/wp-content\/uploads\/2023\/09\/Screenshot-2023-09-26-133035.png 1002w, https:\/\/www.hashtag.al\/wp-content\/uploads\/2023\/09\/Screenshot-2023-09-26-133035-300x169.png 300w, https:\/\/www.hashtag.al\/wp-content\/uploads\/2023\/09\/Screenshot-2023-09-26-133035-768x433.png 768w\" sizes=\"auto, (max-width: 1002px) 100vw, 1002px\" \/><\/a><\/p>\n<p><span style=\"color: #000000;\">Gjykata Themelore n\u00eb Prishtin\u00eb ka caktuar mas\u00ebn e paraburgimit prej 30 dit\u00ebsh ndaj t\u00eb akuzuarve B.S dhe D.M, t\u00eb cil\u00ebt dyshohen p\u00ebr sulmin n\u00eb Banjsk\u00eb t\u00eb Zve\u00e7anit, ku mbeti i vdekur polici Afrim Bunjaku.<\/span><\/p>\n<p><span style=\"color: #000000;\">N\u00eb k\u00ebt\u00eb seanc\u00eb, \u00ebsht\u00eb shqyrtuar k\u00ebrkesa e Prokuroris\u00eb Speciale p\u00ebr caktimin e mas\u00ebs s\u00eb paraburgimit ndaj t\u00eb dyshuarve.<\/span><\/p>\n<p><span style=\"color: #000000;\">Gjithashtu Gjykata Themelore Prishtin\u00eb caktoi gjat\u00eb or\u00ebve t\u00eb m\u00ebngjesit mas\u00ebn e paraburgimit p\u00ebr nj\u00eb tjet\u00ebr sulmues serb i identifikuar me inicialet V.T., pas seanc\u00ebs d\u00ebgjimore e cila u mbajt n\u00eb hap\u00ebsirat e Qendr\u00ebs Klinike Universitare t\u00eb Kosov\u00ebs (QKUK).<\/span><\/p>\n<p><span style=\"color: #000000;\">Kujtojm\u00eb se m\u00eb 24 shtator, n\u00eb or\u00ebt e hershme t\u00eb m\u00ebngjesit, Policia e Kosov\u00ebs u sulmua nga nj\u00eb grup personash t\u00eb maskuar dhe t\u00eb armatosur nd\u00ebrsa po shkonte p\u00ebr t\u00eb hetuar bllokimin e nj\u00eb rrug\u00eb nga dy kamion\u00eb pa targa n\u00eb Banjsk\u00eb. Si pasoj\u00eb, u vra polici i Kosov\u00ebs Afrim Bunjaku, nd\u00ebrsa disa polic\u00eb t\u00eb tjer\u00eb u plagos\u00ebn.<\/span><\/p>\n<p><span style=\"color: #000000;\">Pasi q\u00eblloi ndaj zyrtar\u00ebve policor\u00eb, grupi i armatosur u strehua n\u00eb manastirin e Banjsk\u00ebs, nd\u00ebrsa p\u00ebrleshjet me policin\u00eb e Kosov\u00ebs vijuan.<\/span><\/p>\n<p><span style=\"color: #000000;\">Gjat\u00eb shk\u00ebmbimit t\u00eb zjarrit, policia vrau tre sulmues t\u00eb nacionalitetit serb, nd\u00ebrsa arrestoi gjasht\u00eb t\u00eb tjer\u00eb. Nd\u00ebrkoh\u00eb n\u00eb mbr\u00ebmjen e 25 shtatorit n\u00eb nj\u00eb hotel n\u00eb Banjska jan\u00eb arrestuar edhe dy persona t\u00eb tjer\u00eb p\u00ebr arm\u00ebmbajtje.<\/span><\/p>\n","protected":false,"gt_translate_keys":[{"key":"rendered","format":"html"}]},"excerpt":{"rendered":"<p>Gjykata Themelore n\u00eb Prishtin\u00eb ka caktuar mas\u00ebn e paraburgimit prej 30 dit\u00ebsh ndaj t\u00eb akuzuarve B.S dhe D.M, t\u00eb cil\u00ebt dyshohen p\u00ebr sulmin n\u00eb Banjsk\u00eb t\u00eb Zve\u00e7anit, ku mbeti i vdekur polici Afrim Bunjaku. N\u00eb k\u00ebt\u00eb seanc\u00eb, \u00ebsht\u00eb shqyrtuar k\u00ebrkesa e Prokuroris\u00eb Speciale p\u00ebr caktimin e mas\u00ebs s\u00eb paraburgimit ndaj t\u00eb dyshuarve. Gjithashtu Gjykata Themelore [&hellip;]<\/p>\n","protected":false,"gt_translate_keys":[{"key":"rendered","format":"html"}]},"author":30,"featured_media":618859,"comment_status":"closed","ping_status":"closed","sticky":false,"template":"","format":"standard","meta":{"footnotes":""},"categories":[149],"tags":[],"class_list":["post-618858","post","type-post","status-publish","format-standard","has-post-thumbnail","hentry","category-kosoverajon"],"gt_translate_keys":[{"key":"link","format":"url"}],"_links":{"self":[{"href":"https:\/\/www.hashtag.al\/index.php\/wp-json\/wp\/v2\/posts\/618858","targetHints":{"allow":["GET"]}}],"collection":[{"href":"https:\/\/www.hashtag.al\/index.php\/wp-json\/wp\/v2\/posts"}],"about":[{"href":"https:\/\/www.hashtag.al\/index.php\/wp-json\/wp\/v2\/types\/post"}],"author":[{"embeddable":true,"href":"https:\/\/www.hashtag.al\/index.php\/wp-json\/wp\/v2\/users\/30"}],"replies":[{"embeddable":true,"href":"https:\/\/www.hashtag.al\/index.php\/wp-json\/wp\/v2\/comments?post=618858"}],"version-history":[{"count":0,"href":"https:\/\/www.hashtag.al\/index.php\/wp-json\/wp\/v2\/posts\/618858\/revisions"}],"wp:featuredmedia":[{"embeddable":true,"href":"https:\/\/www.hashtag.al\/index.php\/wp-json\/wp\/v2\/media\/618859"}],"wp:attachment":[{"href":"https:\/\/www.hashtag.al\/index.php\/wp-json\/wp\/v2\/media?parent=618858"}],"wp:term":[{"taxonomy":"category","embeddable":true,"href":"https:\/\/www.hashtag.al\/index.php\/wp-json\/wp\/v2\/categories?post=618858"},{"taxonomy":"post_tag","embeddable":true,"href":"https:\/\/www.hashtag.al\/index.php\/wp-json\/wp\/v2\/tags?post=618858"}],"curies":[{"name":"wp","href":"https:\/\/api.w.org\/{rel}","templated":true}]}}