{"id":618814,"date":"2023-09-26T10:43:55","date_gmt":"2023-09-26T08:43:55","guid":{"rendered":"https:\/\/www.hashtag.al\/?p=618814"},"modified":"2023-09-26T10:45:41","modified_gmt":"2023-09-26T08:45:41","slug":"akuzohet-per-trafik-droge-apeli-i-gjkko-konfirmon-denimin-per-ish-truprojen-e-saimir-tahirit","status":"publish","type":"post","link":"https:\/\/www.hashtag.al\/index.php\/2023\/09\/26\/akuzohet-per-trafik-droge-apeli-i-gjkko-konfirmon-denimin-per-ish-truprojen-e-saimir-tahirit\/","title":{"rendered":"Akuzohet p\u00ebr trafik droge, Apeli i GJKKO konfirmon d\u00ebnimin p\u00ebr ish-truproj\u00ebn e Saimir Tahirit","gt_translate_keys":[{"key":"rendered","format":"text"}]},"content":{"rendered":"<p><span style=\"font-weight: 400;\"><img loading=\"lazy\" decoding=\"async\" class=\"alignnone size-full wp-image-618815\" src=\"https:\/\/www.hashtag.al\/wp-content\/uploads\/2023\/09\/Marku-11.jpg\" alt=\"\" width=\"747\" height=\"378\" srcset=\"https:\/\/www.hashtag.al\/wp-content\/uploads\/2023\/09\/Marku-11.jpg 747w, https:\/\/www.hashtag.al\/wp-content\/uploads\/2023\/09\/Marku-11-300x152.jpg 300w\" sizes=\"auto, (max-width: 747px) 100vw, 747px\" \/><\/span><\/p>\n<p><span style=\"font-weight: 400; color: #000000;\">Gjykata e Posa\u00e7me e Apelit ka l\u00ebn\u00eb n\u00eb fuqi d\u00ebnimin me 13 vite burg p\u00ebr ish-truproj\u00ebn e Saimir Tahirit, Hekuran Marku.<\/span><\/p>\n<p><span style=\"font-weight: 400; color: #000000;\">Marku u arrestua n\u00eb gusht t\u00eb vitit 2021, n\u00ebn akuz\u00ebn p\u00ebr trafik droge. Ai ishte pjes\u00eb e grupit t\u00eb shoq\u00ebrimit t\u00eb Saimir Tahirit, n\u00eb koh\u00ebn kur ishte n\u00eb krye t\u00eb Ministris\u00eb s\u00eb Brendshme, n\u00eb vitet 2014, 2015 dhe 2016.<\/span><\/p>\n<p><span style=\"font-weight: 400; color: #000000;\">N\u00eb at\u00eb koh\u00eb, sipas SPAK, Marku bashk\u00ebpunoi me kat\u00ebr italian\u00eb dhe Eltjon Bregun, n\u00eb trafikimin e rreth 1 ton kanabis drejt Italis\u00eb me kolegun e tij Agustin Deda.<\/span><\/p>\n<p><em><span style=\"color: #000000;\">VENDIMI<br \/>\nGjykata e Posa\u00e7me e Apelit p\u00ebr Korrupsionin dhe Krimin e Organizuar, me trup gjykues t\u00eb p\u00ebrb\u00ebr\u00eb nga gjyqtar\u00ebt Florjan Kalaja (kryesues), Daniela Shirka (an\u00ebtare) dhe Iliriana Olldashi (an\u00ebtare), m\u00eb dat\u00eb 26.09.2023, p\u00ebrfundoi shqyrtimin e \u00e7\u00ebshtjes s\u00eb regjistruar me nr. 37 akti, dat\u00eb 23.05.2023 regjistrimi, mbi ankimin e paraqitur nga ankuesi\/i pandehuri H.M., kund\u00ebr vendimit nr. 67, dat\u00eb 14.12.2022 t\u00eb Gjykat\u00ebs s\u00eb Posa\u00e7me t\u00eb Shkall\u00ebs s\u00eb Par\u00eb p\u00ebr Korrupsionin dhe Krimin e Organizuar q\u00eb ka vendosur:<\/span><\/em><\/p>\n<p><em><span style=\"color: #000000;\">\u201c1. Deklarimin fajtor t\u00eb t\u00eb pandehurit H.M. p\u00ebr vepr\u00ebn penale \u201cTrafikimi i narkotik\u00ebve\u201d, n\u00eb bashk\u00ebpunim, n\u00eb form\u00eb t\u00eb grupit t\u00eb strukturuar kriminal, t\u00eb parashikuar nga nenet 283\/a paragrafi i par\u00eb, 28 pika 4 t\u00eb Kodit Penal dhe n\u00eb baz\u00eb edhe t\u00eb nenit 334\/1 t\u00eb Kodit Penal, d\u00ebnimin e tij me 13(tremb\u00ebdhjet\u00eb) vjet burgim.<br \/>\n2. Deklarimin fajtor t\u00eb t\u00eb pandehurit H.M. p\u00ebr vepr\u00ebn penale \u201cGrupi i strukturuar kriminal\u201d, parashikuar nga neni 333\/a paragrafi i dyt\u00eb i Kodit Penal dhe d\u00ebnimin e tij me 3(tre) vjet burgim.<br \/>\n3. N\u00eb bashkim t\u00eb d\u00ebnimeve sipas nenit 55 t\u00eb Kodit Penal paragrafi i par\u00eb t\u00eb Kodit Penal, d\u00ebnimin e t\u00eb pandehurit H.M. me nj\u00eb d\u00ebnim t\u00eb vet\u00ebm prej 13(tremb\u00ebdhjet\u00eb) vjet burgim.<br \/>\n4. N\u00eb baz\u00eb t\u00eb nenit 406 pika 1 t\u00eb K.Pr.Penale, t\u00eb pandehurit H.M. i ulet nj\u00eb e treta e mas\u00ebs s\u00eb d\u00ebnimit, p\u00ebr shkak t\u00eb aplikimit t\u00eb gjykimit t\u00eb shkurtuar dhe p\u00ebrfundimisht d\u00ebnohet me 8 (tet\u00eb) vjet e 8 (tet\u00eb) muaj burgim.<br \/>\n5. Vuajtja e d\u00ebnimit t\u00eb t\u00eb pandehurit i fillon nga dita e ekzekutimit t\u00eb mas\u00ebs s\u00eb sigurimit arrest n\u00eb burg dhe t\u00eb kryet n\u00eb nj\u00eb burg t\u00eb siguris\u00eb s\u00eb lart\u00eb.\u201d<\/span><\/em><\/p>\n","protected":false,"gt_translate_keys":[{"key":"rendered","format":"html"}]},"excerpt":{"rendered":"<p>Gjykata e Posa\u00e7me e Apelit ka l\u00ebn\u00eb n\u00eb fuqi d\u00ebnimin me 13 vite burg p\u00ebr ish-truproj\u00ebn e Saimir Tahirit, Hekuran Marku. Marku u arrestua n\u00eb gusht t\u00eb vitit 2021, n\u00ebn akuz\u00ebn p\u00ebr trafik droge. Ai ishte pjes\u00eb e grupit t\u00eb shoq\u00ebrimit t\u00eb Saimir Tahirit, n\u00eb koh\u00ebn kur ishte n\u00eb krye t\u00eb Ministris\u00eb s\u00eb Brendshme, n\u00eb [&hellip;]<\/p>\n","protected":false,"gt_translate_keys":[{"key":"rendered","format":"html"}]},"author":4,"featured_media":618815,"comment_status":"closed","ping_status":"closed","sticky":false,"template":"","format":"standard","meta":{"footnotes":""},"categories":[65],"tags":[],"class_list":["post-618814","post","type-post","status-publish","format-standard","has-post-thumbnail","hentry","category-lajme"],"gt_translate_keys":[{"key":"link","format":"url"}],"_links":{"self":[{"href":"https:\/\/www.hashtag.al\/index.php\/wp-json\/wp\/v2\/posts\/618814","targetHints":{"allow":["GET"]}}],"collection":[{"href":"https:\/\/www.hashtag.al\/index.php\/wp-json\/wp\/v2\/posts"}],"about":[{"href":"https:\/\/www.hashtag.al\/index.php\/wp-json\/wp\/v2\/types\/post"}],"author":[{"embeddable":true,"href":"https:\/\/www.hashtag.al\/index.php\/wp-json\/wp\/v2\/users\/4"}],"replies":[{"embeddable":true,"href":"https:\/\/www.hashtag.al\/index.php\/wp-json\/wp\/v2\/comments?post=618814"}],"version-history":[{"count":0,"href":"https:\/\/www.hashtag.al\/index.php\/wp-json\/wp\/v2\/posts\/618814\/revisions"}],"wp:featuredmedia":[{"embeddable":true,"href":"https:\/\/www.hashtag.al\/index.php\/wp-json\/wp\/v2\/media\/618815"}],"wp:attachment":[{"href":"https:\/\/www.hashtag.al\/index.php\/wp-json\/wp\/v2\/media?parent=618814"}],"wp:term":[{"taxonomy":"category","embeddable":true,"href":"https:\/\/www.hashtag.al\/index.php\/wp-json\/wp\/v2\/categories?post=618814"},{"taxonomy":"post_tag","embeddable":true,"href":"https:\/\/www.hashtag.al\/index.php\/wp-json\/wp\/v2\/tags?post=618814"}],"curies":[{"name":"wp","href":"https:\/\/api.w.org\/{rel}","templated":true}]}}