{"id":618479,"date":"2023-09-24T22:30:56","date_gmt":"2023-09-24T20:30:56","guid":{"rendered":"https:\/\/www.hashtag.al\/?p=618479"},"modified":"2023-09-24T22:23:33","modified_gmt":"2023-09-24T20:23:33","slug":"cmimi-i-vajit-te-ullirit-arrin-nivelin-me-te-larte","status":"publish","type":"post","link":"https:\/\/www.hashtag.al\/index.php\/2023\/09\/24\/cmimi-i-vajit-te-ullirit-arrin-nivelin-me-te-larte\/","title":{"rendered":"\u00c7mimi i vajit t\u00eb ullirit arrin nivelin m\u00eb t\u00eb lart\u00eb","gt_translate_keys":[{"key":"rendered","format":"text"}]},"content":{"rendered":"<p><img loading=\"lazy\" decoding=\"async\" class=\"aligncenter size-full wp-image-618480\" src=\"https:\/\/www.hashtag.al\/wp-content\/uploads\/2023\/09\/vajulliri.jpg\" alt=\"\" width=\"768\" height=\"432\" srcset=\"https:\/\/www.hashtag.al\/wp-content\/uploads\/2023\/09\/vajulliri.jpg 768w, https:\/\/www.hashtag.al\/wp-content\/uploads\/2023\/09\/vajulliri-300x169.jpg 300w\" sizes=\"auto, (max-width: 768px) 100vw, 768px\" \/><\/p>\n<p><span style=\"color: #000000;\">\u00c7mimet globale t\u00eb vajit t\u00eb ullirit arrit\u00ebn nivelet m\u00eb t\u00eb larta rekord n\u00eb shtator, duke arritur n\u00eb 8,900 dollar\u00eb p\u00ebr ton si rezultat i that\u00ebsirave t\u00eb m\u00ebdha n\u00eb vendet kryesore prodhuese, sipas raportit t\u00eb k\u00ebsaj jave nga Departamenti i Bujq\u00ebsis\u00eb i SHBA (USDA).<\/span><\/p>\n<p><span style=\"color: #000000;\">\u00c7mimet jan\u00eb rritur n\u00eb m\u00ebnyr\u00eb t\u00eb vijueshme q\u00eb kur u b\u00eb e dukshme shkalla e d\u00ebmtimit t\u00eb t\u00eb korrave, tha departamenti, duke v\u00ebn\u00eb n\u00eb dukje se \u00e7mimi mesatar n\u00eb gusht ishte 130% m\u00eb i lart\u00eb se nj\u00eb vit m\u00eb par\u00eb. \u00c7mimet muajin e kaluar shpejt tejkaluan rekordin e m\u00ebparsh\u00ebm prej 6,242 dollar\u00eb p\u00ebr ton t\u00eb vendosur n\u00eb 1996 \u2018pa asnj\u00eb shenj\u00eb leht\u00ebsimi\u2019, thuhet n\u00eb raportin e USDA.<\/span><\/p>\n<p><span style=\"color: #000000;\">\u00c7mimet e vajit t\u00eb ullirit n\u00eb Andaluzi, Spanj\u00eb raportohet se u rrit\u00ebn n\u00eb 8.45 euro (9.02 dollar\u00eb) p\u00ebr kilogram n\u00eb shtator, duke sh\u00ebnuar \u2018\u00e7mimin m\u00eb t\u00eb lart\u00eb t\u00eb regjistruar ndonj\u00ebher\u00eb p\u00ebr vajin e ullirit spanjoll\u2019 dhe nj\u00eb rritje prej 111% nga viti n\u00eb vit. Spanja \u00ebsht\u00eb prodhuesi dhe eksportuesi m\u00eb i madh n\u00eb bot\u00eb i atij q\u00eb nganj\u00ebher\u00eb quhet \u2018ari i l\u00ebngsh\u00ebm\u2019, e ndjekur nga Greqia dhe Italia.<\/span><\/p>\n<p><span style=\"color: #000000;\">USDA paralajm\u00ebroi se si rezultat i shqet\u00ebsimeve t\u00eb furnizimit, konsumi i vajit t\u00eb ullirit parashikohet i shesht\u00eb ose n\u00eb r\u00ebnie n\u00eb 2022-23 p\u00ebr \u00e7do vend p\u00ebrve\u00e7 Turqis\u00eb, ku qeveria s\u00eb fundi ndaloi eksportet e vajit t\u00eb ullirit me shumic\u00eb n\u00eb nj\u00eb p\u00ebrpjekje p\u00ebr t\u00eb siguruar furnizimet e brendshme dhe p\u00ebr t\u00eb leht\u00ebsuar presionin e \u00e7mimeve edhe me prodhim vendas rekord. <\/span><\/p>\n<p><span style=\"color: #000000;\">K\u00ebt\u00eb muaj, USDA rishikoi prodhimin global t\u00eb vajit t\u00eb ullirit 2022-23 n\u00eb 2.5 milion\u00eb ton\u00eb, nj\u00eb \u00e7erek m\u00eb i ul\u00ebt se si viti i kaluar ashtu edhe mesatarja pes\u00ebvje\u00e7are.<\/span><\/p>\n<p><span style=\"color: #000000;\"><em>\u201cShqet\u00ebsimet p\u00ebr prodhimin n\u00eb 2023\/24 po p\u00ebrkeq\u00ebsojn\u00eb gjithashtu rritjen e \u00e7mimeve pasi kushtet e nxehta dhe t\u00eb thata po zhvillohen edhe nj\u00eb her\u00eb n\u00eb Mesdhe\u201d<\/em>, paralajm\u00ebroi USDA.<\/span><\/p>\n<p><span style=\"color: #000000;\">\u00c7mimet n\u00eb rritje kan\u00eb \u00e7uar n\u00eb vjedhje n\u00eb disa raste, raporton CNBC. Sipas medias, rreth 50,000 litra vaj ulliri ekstra t\u00eb virgj\u00ebr thuhet se u vodh\u00ebn nga nj\u00eb fabrik\u00eb vaji spanjolle n\u00eb fund t\u00eb gushtit. Kjo raportohet se vlen m\u00eb shum\u00eb se 420,000 euro (450,000 dollar\u00eb) vaj ulliri.<\/span><\/p>\n","protected":false,"gt_translate_keys":[{"key":"rendered","format":"html"}]},"excerpt":{"rendered":"<p>\u00c7mimet globale t\u00eb vajit t\u00eb ullirit arrit\u00ebn nivelet m\u00eb t\u00eb larta rekord n\u00eb shtator, duke arritur n\u00eb 8,900 dollar\u00eb p\u00ebr ton si rezultat i that\u00ebsirave t\u00eb m\u00ebdha n\u00eb vendet kryesore prodhuese, sipas raportit t\u00eb k\u00ebsaj jave nga Departamenti i Bujq\u00ebsis\u00eb i SHBA (USDA). \u00c7mimet jan\u00eb rritur n\u00eb m\u00ebnyr\u00eb t\u00eb vijueshme q\u00eb kur u b\u00eb e [&hellip;]<\/p>\n","protected":false,"gt_translate_keys":[{"key":"rendered","format":"html"}]},"author":51,"featured_media":618480,"comment_status":"closed","ping_status":"closed","sticky":false,"template":"","format":"standard","meta":{"footnotes":""},"categories":[53],"tags":[],"class_list":["post-618479","post","type-post","status-publish","format-standard","has-post-thumbnail","hentry","category-fast-foodi"],"gt_translate_keys":[{"key":"link","format":"url"}],"_links":{"self":[{"href":"https:\/\/www.hashtag.al\/index.php\/wp-json\/wp\/v2\/posts\/618479","targetHints":{"allow":["GET"]}}],"collection":[{"href":"https:\/\/www.hashtag.al\/index.php\/wp-json\/wp\/v2\/posts"}],"about":[{"href":"https:\/\/www.hashtag.al\/index.php\/wp-json\/wp\/v2\/types\/post"}],"author":[{"embeddable":true,"href":"https:\/\/www.hashtag.al\/index.php\/wp-json\/wp\/v2\/users\/51"}],"replies":[{"embeddable":true,"href":"https:\/\/www.hashtag.al\/index.php\/wp-json\/wp\/v2\/comments?post=618479"}],"version-history":[{"count":0,"href":"https:\/\/www.hashtag.al\/index.php\/wp-json\/wp\/v2\/posts\/618479\/revisions"}],"wp:featuredmedia":[{"embeddable":true,"href":"https:\/\/www.hashtag.al\/index.php\/wp-json\/wp\/v2\/media\/618480"}],"wp:attachment":[{"href":"https:\/\/www.hashtag.al\/index.php\/wp-json\/wp\/v2\/media?parent=618479"}],"wp:term":[{"taxonomy":"category","embeddable":true,"href":"https:\/\/www.hashtag.al\/index.php\/wp-json\/wp\/v2\/categories?post=618479"},{"taxonomy":"post_tag","embeddable":true,"href":"https:\/\/www.hashtag.al\/index.php\/wp-json\/wp\/v2\/tags?post=618479"}],"curies":[{"name":"wp","href":"https:\/\/api.w.org\/{rel}","templated":true}]}}