{"id":618394,"date":"2023-09-24T17:04:02","date_gmt":"2023-09-24T15:04:02","guid":{"rendered":"https:\/\/www.hashtag.al\/?p=618394"},"modified":"2023-09-24T17:19:03","modified_gmt":"2023-09-24T15:19:03","slug":"vrritet-nje-polic-e-plagosen-dy-te-tjere-ne-kosove-vriten-edhe-3-sulmuesit-grupi-rrethohet-brenda-manastirit-cfare-dihet-deri-tani","status":"publish","type":"post","link":"https:\/\/www.hashtag.al\/index.php\/2023\/09\/24\/vrritet-nje-polic-e-plagosen-dy-te-tjere-ne-kosove-vriten-edhe-3-sulmuesit-grupi-rrethohet-brenda-manastirit-cfare-dihet-deri-tani\/","title":{"rendered":"Vritet nj\u00eb polic e plagosen dy t\u00eb tjer\u00eb n\u00eb Kosov\u00eb, vriten edhe 3 nga autor\u00ebt e sulmit, grupi rrethohet brenda manastirit &#8211; \u00c7&#8217;dihet deri tani","gt_translate_keys":[{"key":"rendered","format":"text"}]},"content":{"rendered":"<p><span style=\"color: #000000;\"><img loading=\"lazy\" decoding=\"async\" class=\"aligncenter size-full wp-image-618395\" src=\"https:\/\/www.hashtag.al\/wp-content\/uploads\/2023\/09\/kosove.jpg\" alt=\"\" width=\"2000\" height=\"1247\" srcset=\"https:\/\/www.hashtag.al\/wp-content\/uploads\/2023\/09\/kosove.jpg 2000w, https:\/\/www.hashtag.al\/wp-content\/uploads\/2023\/09\/kosove-300x187.jpg 300w, https:\/\/www.hashtag.al\/wp-content\/uploads\/2023\/09\/kosove-1024x638.jpg 1024w, https:\/\/www.hashtag.al\/wp-content\/uploads\/2023\/09\/kosove-768x479.jpg 768w, https:\/\/www.hashtag.al\/wp-content\/uploads\/2023\/09\/kosove-1536x958.jpg 1536w\" sizes=\"auto, (max-width: 2000px) 100vw, 2000px\" \/><\/span><\/p>\n<p><span style=\"color: #000000;\">Efektivi i policis\u00eb s\u00eb Kosov\u00ebs Afrim Bunjaku dhe dy koleg\u00eb t\u00eb tij jan\u00eb l\u00ebnduar sot n\u00eb nj\u00eb sulm me arm\u00eb ndaj policis\u00eb n\u00eb fshatin Bajnsk\u00eb t\u00eb Zve\u00e7anit rreth or\u00ebs 3 t\u00eb m\u00ebngjesit. Nd\u00ebrsa pas nd\u00ebrhyrjes s\u00eb policis\u00eb jan\u00e8 vrar\u00eb tre sulmues e \u00ebsht\u00eb arrestuar nj\u00eb tjet\u00ebr nd\u00ebrkoh\u00eb q\u00eb grupi \u00ebsht\u00eb i rrethuar brenda nj\u00eb manastiri.<\/span><\/p>\n<p><span style=\"color: #000000;\">Pas sulmit forca t\u00eb shumta t\u00eb policis\u00eb s\u00eb Kosov\u00ebs \u00a0t\u00eb shoq\u00ebruara nga KFOR-i e Eulex-i u p\u00ebrqendruan n\u00eb fshatin Basnjk\u00eb. Autoritetet mbyll\u00ebn pik\u00ebn kufitare t\u00eb B\u00ebrnjak<\/span><\/p>\n<p><span style=\"color: #000000;\">Sipas njoftimit zyrtar, sulmi ndaj efektiv\u00ebve nisi me vendosjen e dy kamion\u00ebve pa targa n\u00eb Ur\u00ebn e Bajnsk\u00ebs e pas mb\u00ebrritjes s\u00eb\u00a0 policis\u00eb n\u00eb vend, ata jan\u00eb sulmuar nga disa drejtime me arm\u00eb zjarr e granata.<\/span><\/p>\n<p><span style=\"color: #000000;\"><em>\u201cNj\u00ebsit\u00eb e rendit t\u00eb Stacionit Policor Zve\u00e7an, pas pranimit t\u00eb informacionit i jan\u00eb p\u00ebrgjigjur rastit dhe jan\u00eb nisur me tri nj\u00ebsi n\u00eb drejtim t\u00eb lokacionit dhe posa kan\u00eb mb\u00ebrri n\u00eb af\u00ebrsi t\u00eb vendit ku \u00ebsht\u00eb raportuar bllokada, nj\u00ebsit\u00eb policore kan\u00eb hasur n\u00eb rezistenc\u00eb ku nga disa pozicione t\u00eb ndryshme jan\u00eb gjuajtur me arsenal arm\u00ebsh t\u00eb zjarrit, p\u00ebrfshir\u00eb k\u00ebtu edhe me granata dore dhe zoll\u00eb, ku si pasoj\u00eb e gjuajtjeve jan\u00eb q\u00eblluar me arm\u00eb zjarri dy zyrtar\u00eb policor\u00eb\u201d<\/em>, thuhet n\u00eb njoftim.<\/span><\/p>\n<p><span style=\"color: #000000;\"><img loading=\"lazy\" decoding=\"async\" class=\"aligncenter size-full wp-image-618396\" src=\"https:\/\/www.hashtag.al\/wp-content\/uploads\/2023\/09\/ezgif.com-webp-to-jpg-35.jpg\" alt=\"\" width=\"985\" height=\"551\" srcset=\"https:\/\/www.hashtag.al\/wp-content\/uploads\/2023\/09\/ezgif.com-webp-to-jpg-35.jpg 985w, https:\/\/www.hashtag.al\/wp-content\/uploads\/2023\/09\/ezgif.com-webp-to-jpg-35-300x168.jpg 300w, https:\/\/www.hashtag.al\/wp-content\/uploads\/2023\/09\/ezgif.com-webp-to-jpg-35-768x430.jpg 768w\" sizes=\"auto, (max-width: 985px) 100vw, 985px\" \/><\/span><\/p>\n<p><span style=\"color: #000000;\">Sipas policis\u00eb, nj\u00ebsit\u00eb e saj n\u00eb terren jan\u00eb sulmuar edhe m\u00eb pas m\u00eb arm\u00eb zjarri. Me nd\u00ebrhyrjen e trupave special, grupi prej rreth 30 personash q\u00eb dyshohet se q\u00ebndron pas sulmit \u00ebsht\u00eb strehuar n\u00eb Manastirin e Bajnsk\u00ebs. <\/span><\/p>\n<p><span style=\"color: #000000;\">Ministri i Brendsh\u00ebm Sve\u00e7la u b\u00ebri thirrje personave t\u00eb armatosur q\u00eb t\u00eb dor\u00ebzohen nd\u00ebrsa gjat\u00eb shk\u00ebmbimit me arm\u00eb mes policis\u00eb e grupit t\u00eb armatosur \u00a0\u00ebsht\u00eb konfirmuar vrasja e tre an\u00ebtarve t\u00eb grupit e arrestimi i kat\u00ebr personave.<\/span><\/p>\n<p><span style=\"color: #000000;\">Presidentja Osmani, kyeministri Kurti, e krer\u00ebt e partive politike n\u00eb Kosov\u00eb e d\u00ebnuan ashp\u00ebr sulmin duke akuzuar bandat kriminale serbe si orkestruese e organizatore t\u00eb sulmit terrorist ndaj policis\u00eb e duke b\u00ebr\u00eb thirrje p\u00ebr nxjerrjen para drejt\u00ebsis\u00eb t\u00eb autor\u00ebve t\u00eb vrasjes s\u00eb policit.<\/span><\/p>\n<p><span style=\"color: #000000;\">Sulmi \u00ebsht\u00eb d\u00ebnuar edhe nga krer\u00ebt e politik\u00ebs n\u00eb Shqip\u00ebri si dhe faktori nd\u00ebrkomb\u00ebtar n\u00eb Kosov\u00eb.<\/span><\/p>\n<p><span style=\"color: #000000;\"><img loading=\"lazy\" decoding=\"async\" class=\"aligncenter size-full wp-image-618397\" src=\"https:\/\/www.hashtag.al\/wp-content\/uploads\/2023\/09\/kosove2.jpg\" alt=\"\" width=\"1440\" height=\"960\" srcset=\"https:\/\/www.hashtag.al\/wp-content\/uploads\/2023\/09\/kosove2.jpg 1440w, https:\/\/www.hashtag.al\/wp-content\/uploads\/2023\/09\/kosove2-300x200.jpg 300w, https:\/\/www.hashtag.al\/wp-content\/uploads\/2023\/09\/kosove2-1024x683.jpg 1024w, https:\/\/www.hashtag.al\/wp-content\/uploads\/2023\/09\/kosove2-768x512.jpg 768w\" sizes=\"auto, (max-width: 1440px) 100vw, 1440px\" \/><\/span><\/p>\n<p><span style=\"color: #000000;\">Ambasadori amerikan Hovenier, ai i BE-s\u00eb dhe zyrtar\u00eb t\u00eb lart\u00eb evropian\u00eb e kan\u00eb d\u00ebnuar sulmin duke b\u00ebr\u00eb thirrje p\u00ebr qet\u00ebsi, mature e zbatimin e ligjit n\u00eb Kosov\u00eb.<\/span><\/p>\n<p><span style=\"color: #000000;\">Vrasja e policit n\u00eb Kosov\u00eb vjen pas muajsh tensione mes Prishtin\u00eb e Beogradit lidhur me zgjedhjet n\u00eb kat\u00ebr komuna t\u00eb veri t\u00eb Kosov\u00ebs e p\u00ebrplasjeve t\u00eb dhunshme atje p\u00ebr disa dit\u00eb me radh\u00eb. Dit\u00ebt e fundit, Kurti e Vu\u00e7i\u00e7 jan\u00eb takuar n\u00eb Bruksel me nd\u00ebrmjet\u00ebsimin e BE-s\u00eb po nuk kan\u00eb arritur asnj\u00eb marr\u00ebveshje.<\/span><\/p>\n<p><span style=\"color: #000000;\"> Po k\u00ebshtu prej muajsh SHBA-ja p\u00ebrmes t\u00eb d\u00ebrguarit special Gabriel Escobar e BE-ja kan\u00eb ushtruar presion ndaj kryeministrit Kurti duke i k\u00ebrkuar t\u00eb zbatoj\u00eb Marr\u00ebveeshjen p\u00ebr Asociacionin e Komunave Serbe n\u00eb veri duke e paralajm\u00ebruar me izolim t\u00eb m\u00ebtejsh\u00ebm n\u00ebse nuk zbaton marr\u00ebveshjet e dakord\u00ebsuara m\u00eb her\u00ebt.<em><strong> \/hashtag.al<\/strong><\/em><\/span><\/p>\n","protected":false,"gt_translate_keys":[{"key":"rendered","format":"html"}]},"excerpt":{"rendered":"<p>Efektivi i policis\u00eb s\u00eb Kosov\u00ebs Afrim Bunjaku dhe dy koleg\u00eb t\u00eb tij jan\u00eb l\u00ebnduar sot n\u00eb nj\u00eb sulm me arm\u00eb ndaj policis\u00eb n\u00eb fshatin Bajnsk\u00eb t\u00eb Zve\u00e7anit rreth or\u00ebs 3 t\u00eb m\u00ebngjesit. Nd\u00ebrsa pas nd\u00ebrhyrjes s\u00eb policis\u00eb jan\u00e8 vrar\u00eb tre sulmues e \u00ebsht\u00eb arrestuar nj\u00eb tjet\u00ebr nd\u00ebrkoh\u00eb q\u00eb grupi \u00ebsht\u00eb i rrethuar brenda nj\u00eb manastiri. [&hellip;]<\/p>\n","protected":false,"gt_translate_keys":[{"key":"rendered","format":"html"}]},"author":51,"featured_media":618395,"comment_status":"closed","ping_status":"closed","sticky":false,"template":"","format":"standard","meta":{"footnotes":""},"categories":[22],"tags":[],"class_list":["post-618394","post","type-post","status-publish","format-standard","has-post-thumbnail","hentry","category-ballina"],"gt_translate_keys":[{"key":"link","format":"url"}],"_links":{"self":[{"href":"https:\/\/www.hashtag.al\/index.php\/wp-json\/wp\/v2\/posts\/618394","targetHints":{"allow":["GET"]}}],"collection":[{"href":"https:\/\/www.hashtag.al\/index.php\/wp-json\/wp\/v2\/posts"}],"about":[{"href":"https:\/\/www.hashtag.al\/index.php\/wp-json\/wp\/v2\/types\/post"}],"author":[{"embeddable":true,"href":"https:\/\/www.hashtag.al\/index.php\/wp-json\/wp\/v2\/users\/51"}],"replies":[{"embeddable":true,"href":"https:\/\/www.hashtag.al\/index.php\/wp-json\/wp\/v2\/comments?post=618394"}],"version-history":[{"count":0,"href":"https:\/\/www.hashtag.al\/index.php\/wp-json\/wp\/v2\/posts\/618394\/revisions"}],"wp:featuredmedia":[{"embeddable":true,"href":"https:\/\/www.hashtag.al\/index.php\/wp-json\/wp\/v2\/media\/618395"}],"wp:attachment":[{"href":"https:\/\/www.hashtag.al\/index.php\/wp-json\/wp\/v2\/media?parent=618394"}],"wp:term":[{"taxonomy":"category","embeddable":true,"href":"https:\/\/www.hashtag.al\/index.php\/wp-json\/wp\/v2\/categories?post=618394"},{"taxonomy":"post_tag","embeddable":true,"href":"https:\/\/www.hashtag.al\/index.php\/wp-json\/wp\/v2\/tags?post=618394"}],"curies":[{"name":"wp","href":"https:\/\/api.w.org\/{rel}","templated":true}]}}