{"id":617975,"date":"2023-09-22T18:02:02","date_gmt":"2023-09-22T16:02:02","guid":{"rendered":"https:\/\/www.hashtag.al\/?p=617975"},"modified":"2023-09-22T18:02:02","modified_gmt":"2023-09-22T16:02:02","slug":"varri-i-prigozhin-ruhet-nate-e-dite-nga-roje-media","status":"publish","type":"post","link":"https:\/\/www.hashtag.al\/index.php\/2023\/09\/22\/varri-i-prigozhin-ruhet-nate-e-dite-nga-roje-media\/","title":{"rendered":"Varri i Prigozhin ruhet nat\u00eb e dit\u00eb nga roje &#8211; Media","gt_translate_keys":[{"key":"rendered","format":"text"}]},"content":{"rendered":"<p><span style=\"color: #000000;\"><img loading=\"lazy\" decoding=\"async\" class=\"aligncenter size-full wp-image-617976\" src=\"https:\/\/www.hashtag.al\/wp-content\/uploads\/2023\/09\/prigozhin.jpg\" alt=\"\" width=\"768\" height=\"432\" \/><\/span><\/p>\n<p><span style=\"color: #000000;\">Masat e siguris\u00eb jan\u00eb shtuar n\u00eb varrin e ish-shefit t\u00eb kompanis\u00eb ushtarake private Wagner, Evgeny Prigozhin, ka th\u00ebn\u00eb nj\u00eb pun\u00ebtor i varrezave p\u00ebr gazet\u00ebn Moskovsky Komsomolets.<\/span><\/p>\n<p><span style=\"color: #000000;\">Sipas nj\u00eb raporti, nj\u00eb pik\u00eb vrojtimi dhe nj\u00eb kamera jan\u00eb vendosur pasi nj\u00eb violin\u00eb u vodh nga vendi i varrimit n\u00eb varrezat Prokhorovskoe n\u00eb Sh\u00ebn Petersburg.<\/span><\/p>\n<p><span style=\"color: #000000;\">Instrumenti \u00ebsht\u00eb nd\u00ebr simbolet e Grupit Wagner, luft\u00ebtar\u00ebt e t\u00eb cilit jan\u00eb mbiquajtur \u2018Muzikant\u00ebt\u2019 p\u00ebr shkak t\u00eb emrit q\u00eb PMC ndan me kompozitorin klasik gjerman Richard Wagner.<\/span><\/p>\n<p><span style=\"color: #000000;\">Nj\u00eb violin\u00eb dhe nj\u00eb vare &#8211; nj\u00eb tjet\u00ebr simbol i PMC &#8211; u shfaq\u00ebn n\u00eb varrin e Prigozhin disa dit\u00eb pas varrimit t\u00eb tij m\u00eb 29 gusht, kujtoi punonj\u00ebsi i varrezave. Megjithat\u00eb, ai pretendoi se instrumenti muzikor, t\u00eb cilin ai e p\u00ebrshkroi si \u2018t\u00eb kushtuesh\u00ebm\u2019, ishte \u2018rr\u00ebmbyer\u2019 t\u00eb nes\u00ebrmen.<\/span><\/p>\n<p><span style=\"color: #000000;\">Sipas pun\u00ebtorit, n\u00eb momentin e ngjarjes \u00ebsht\u00eb par\u00eb nj\u00eb \u00e7iklist duke u larguar nga vendi i ngjarjes, por autori nuk \u00ebsht\u00eb gjetur.<\/span><\/p>\n<p><span style=\"color: #000000;\"><em>&#8220;Pas k\u00ebsaj, nj\u00eb kamer\u00eb CCTV dhe nj\u00eb kabin\u00eb roje u vendos\u00ebn n\u00eb varrin e Prigozhin,&#8221;<\/em> zbuloi punonj\u00ebsi. <em>&#8220;Tani ka nj\u00eb roje sigurie n\u00eb detyr\u00eb atje 24\/7.&#8221;<\/em><\/span><\/p>\n<p><span style=\"color: #000000;\">Pun\u00ebtori tha se e kuptonte q\u00eb masat ishin organizuar nga an\u00ebtar\u00ebt e Wagner, t\u00eb cil\u00ebt mor\u00ebn miratimin nga administrata e varrezave.<\/span><\/p>\n<p><span style=\"color: #000000;\">Kur u pyet p\u00ebr vendndodhjen e vares\u00eb, punonj\u00ebsi i varrezave u p\u00ebrgjigj se ishte ende te varri.<\/span><\/p>\n<p><span style=\"color: #000000;\">Prigozhin dhe disa figura t\u00eb tjera t\u00eb rangut t\u00eb lart\u00eb t\u00eb Wagner u vran\u00eb n\u00eb nj\u00eb aksident ajror n\u00eb rajonin Tver t\u00eb Rusis\u00eb m\u00eb 23 gusht. Shkaku i incidentit po hetohet dhe z\u00ebdh\u00ebn\u00ebsi i Kremlinit Dmitry Peskov tha n\u00eb fund t\u00eb muajit t\u00eb kaluar se nj\u00eb \u2018atentat i q\u00ebllimsh\u00ebm\u2019 nuk mund t\u00eb p\u00ebrjashtohet.<\/span><\/p>\n<p><span style=\"color: #000000;\">Prigozhin nisi nj\u00eb rebelim jet\u00ebshkurt\u00ebr kund\u00ebr ushtris\u00eb ruse n\u00eb mes t\u00eb qershorit, pas s\u00eb cil\u00ebs u arrit nj\u00eb marr\u00ebveshje q\u00eb ai t\u00eb transferohej n\u00eb Bjellorusi. <\/span><\/p>\n<p><span style=\"color: #000000;\">Sipas nj\u00eb marr\u00ebveshjeje me Kremlinin, luft\u00ebtar\u00ebt e Wagner iu shmang\u00ebn ndjekjes penale dhe iu dha nj\u00eb zgjedhje p\u00ebr t\u00eb l\u00ebvizur n\u00eb Bjellorusi s\u00eb bashku me udh\u00ebheq\u00ebsin e tyre, p\u00ebr t&#8217;u bashkuar me forcat e armatosura ruse ose p\u00ebr t\u00eb dal\u00eb n\u00eb pension.<\/span><\/p>\n","protected":false,"gt_translate_keys":[{"key":"rendered","format":"html"}]},"excerpt":{"rendered":"<p>Masat e siguris\u00eb jan\u00eb shtuar n\u00eb varrin e ish-shefit t\u00eb kompanis\u00eb ushtarake private Wagner, Evgeny Prigozhin, ka th\u00ebn\u00eb nj\u00eb pun\u00ebtor i varrezave p\u00ebr gazet\u00ebn Moskovsky Komsomolets. Sipas nj\u00eb raporti, nj\u00eb pik\u00eb vrojtimi dhe nj\u00eb kamera jan\u00eb vendosur pasi nj\u00eb violin\u00eb u vodh nga vendi i varrimit n\u00eb varrezat Prokhorovskoe n\u00eb Sh\u00ebn Petersburg. Instrumenti \u00ebsht\u00eb nd\u00ebr [&hellip;]<\/p>\n","protected":false,"gt_translate_keys":[{"key":"rendered","format":"html"}]},"author":51,"featured_media":0,"comment_status":"closed","ping_status":"closed","sticky":false,"template":"","format":"standard","meta":{"footnotes":""},"categories":[53],"tags":[],"class_list":["post-617975","post","type-post","status-publish","format-standard","hentry","category-fast-foodi"],"gt_translate_keys":[{"key":"link","format":"url"}],"_links":{"self":[{"href":"https:\/\/www.hashtag.al\/index.php\/wp-json\/wp\/v2\/posts\/617975","targetHints":{"allow":["GET"]}}],"collection":[{"href":"https:\/\/www.hashtag.al\/index.php\/wp-json\/wp\/v2\/posts"}],"about":[{"href":"https:\/\/www.hashtag.al\/index.php\/wp-json\/wp\/v2\/types\/post"}],"author":[{"embeddable":true,"href":"https:\/\/www.hashtag.al\/index.php\/wp-json\/wp\/v2\/users\/51"}],"replies":[{"embeddable":true,"href":"https:\/\/www.hashtag.al\/index.php\/wp-json\/wp\/v2\/comments?post=617975"}],"version-history":[{"count":0,"href":"https:\/\/www.hashtag.al\/index.php\/wp-json\/wp\/v2\/posts\/617975\/revisions"}],"wp:attachment":[{"href":"https:\/\/www.hashtag.al\/index.php\/wp-json\/wp\/v2\/media?parent=617975"}],"wp:term":[{"taxonomy":"category","embeddable":true,"href":"https:\/\/www.hashtag.al\/index.php\/wp-json\/wp\/v2\/categories?post=617975"},{"taxonomy":"post_tag","embeddable":true,"href":"https:\/\/www.hashtag.al\/index.php\/wp-json\/wp\/v2\/tags?post=617975"}],"curies":[{"name":"wp","href":"https:\/\/api.w.org\/{rel}","templated":true}]}}