{"id":617943,"date":"2023-09-22T17:20:19","date_gmt":"2023-09-22T15:20:19","guid":{"rendered":"https:\/\/www.hashtag.al\/?p=617943"},"modified":"2023-09-22T17:20:19","modified_gmt":"2023-09-22T15:20:19","slug":"tirana-e-peson-ndaj-erzenit-dinamo-e-partizani-ndezin-kryeqytetin-pas-pak-video","status":"publish","type":"post","link":"https:\/\/www.hashtag.al\/index.php\/2023\/09\/22\/tirana-e-peson-ndaj-erzenit-dinamo-e-partizani-ndezin-kryeqytetin-pas-pak-video\/","title":{"rendered":"Tirana e p\u00ebson ndaj Erzenit, Dinamo e Partizani ndezin kryeqytetin pas pak (Video)","gt_translate_keys":[{"key":"rendered","format":"text"}]},"content":{"rendered":"<p><img loading=\"lazy\" decoding=\"async\" class=\"aligncenter size-full wp-image-617944\" src=\"https:\/\/www.hashtag.al\/wp-content\/uploads\/2023\/09\/tiranaerzeni.jpg\" alt=\"\" width=\"500\" height=\"261\" srcset=\"https:\/\/www.hashtag.al\/wp-content\/uploads\/2023\/09\/tiranaerzeni.jpg 500w, https:\/\/www.hashtag.al\/wp-content\/uploads\/2023\/09\/tiranaerzeni-300x157.jpg 300w\" sizes=\"auto, (max-width: 500px) 100vw, 500px\" \/><\/p>\n<p><span style=\"color: #000000;\">Tirana ka p\u00ebsuar nj\u00eb humbje t\u00eb beft\u00eb n\u00eb sht\u00ebpi ndaj Erzenit duke u mundur nga ekipi shijakas me rezultatin e ngusht\u00eb 1-0. <\/span><\/p>\n<p><span style=\"color: #000000;\">Kryeqytetasit shihen gjer\u00ebsisht si nj\u00eb nga favorit\u00ebt kryesor\u00eb p\u00ebr titullin kampion e pavar\u00ebsisht humbjes mbajn\u00eb kreun e renditjes. <\/span><\/p>\n<p><span style=\"color: #000000;\">Golin e vet\u00ebm t\u00eb ndeshjes e sh\u00ebnoi Maliqi n\u00eb minut\u00ebn e 18\u2019-t\u00eb t\u00eb pjes\u00ebs s\u00eb par\u00eb. <\/span><\/p>\n<p><span style=\"color: #000000;\">Erzeni e ka nisur mir\u00eb kampionatin duke mbajtur vendin e dyt\u00eb pas pes\u00eb jav\u00ebsh kampionat nd\u00ebrsa \u00ebsht\u00eb ende her\u00ebt p\u00ebr t\u00eb th\u00ebn\u00eb n\u00ebse do q\u00ebndroj\u00eb larg zon\u00ebs s\u00eb ftoht\u00eb, pjes\u00eb e s\u00eb cil\u00ebs ishte sezonin e shkuar. <\/span><\/p>\n<p><span style=\"color: #000000;\">Mbr\u00ebmjen e sotme Tirana do p\u00ebrjetoj\u00eb emocionet e nj\u00eb tjet\u00ebr derbi pasi Dinamo pret Partizani. Ndeshja nis n\u00eb or\u00ebn 18:00.<\/span><\/p>\n<div style=\"width: 640px;\" class=\"wp-video\"><video class=\"wp-video-shortcode\" id=\"video-617943-1\" width=\"640\" height=\"304\" preload=\"metadata\" controls=\"controls\"><source type=\"video\/mp4\" src=\"https:\/\/www.hashtag.al\/wp-content\/uploads\/2023\/09\/tirana.mp4?_=1\" \/><a href=\"https:\/\/www.hashtag.al\/wp-content\/uploads\/2023\/09\/tirana.mp4\">https:\/\/www.hashtag.al\/wp-content\/uploads\/2023\/09\/tirana.mp4<\/a><\/video><\/div>\n","protected":false,"gt_translate_keys":[{"key":"rendered","format":"html"}]},"excerpt":{"rendered":"<p>Tirana ka p\u00ebsuar nj\u00eb humbje t\u00eb beft\u00eb n\u00eb sht\u00ebpi ndaj Erzenit duke u mundur nga ekipi shijakas me rezultatin e ngusht\u00eb 1-0. Kryeqytetasit shihen gjer\u00ebsisht si nj\u00eb nga favorit\u00ebt kryesor\u00eb p\u00ebr titullin kampion e pavar\u00ebsisht humbjes mbajn\u00eb kreun e renditjes. Golin e vet\u00ebm t\u00eb ndeshjes e sh\u00ebnoi Maliqi n\u00eb minut\u00ebn e 18\u2019-t\u00eb t\u00eb pjes\u00ebs s\u00eb [&hellip;]<\/p>\n","protected":false,"gt_translate_keys":[{"key":"rendered","format":"html"}]},"author":51,"featured_media":617944,"comment_status":"closed","ping_status":"closed","sticky":false,"template":"","format":"standard","meta":{"footnotes":""},"categories":[134],"tags":[],"class_list":["post-617943","post","type-post","status-publish","format-standard","has-post-thumbnail","hentry","category-sport"],"gt_translate_keys":[{"key":"link","format":"url"}],"_links":{"self":[{"href":"https:\/\/www.hashtag.al\/index.php\/wp-json\/wp\/v2\/posts\/617943","targetHints":{"allow":["GET"]}}],"collection":[{"href":"https:\/\/www.hashtag.al\/index.php\/wp-json\/wp\/v2\/posts"}],"about":[{"href":"https:\/\/www.hashtag.al\/index.php\/wp-json\/wp\/v2\/types\/post"}],"author":[{"embeddable":true,"href":"https:\/\/www.hashtag.al\/index.php\/wp-json\/wp\/v2\/users\/51"}],"replies":[{"embeddable":true,"href":"https:\/\/www.hashtag.al\/index.php\/wp-json\/wp\/v2\/comments?post=617943"}],"version-history":[{"count":0,"href":"https:\/\/www.hashtag.al\/index.php\/wp-json\/wp\/v2\/posts\/617943\/revisions"}],"wp:featuredmedia":[{"embeddable":true,"href":"https:\/\/www.hashtag.al\/index.php\/wp-json\/wp\/v2\/media\/617944"}],"wp:attachment":[{"href":"https:\/\/www.hashtag.al\/index.php\/wp-json\/wp\/v2\/media?parent=617943"}],"wp:term":[{"taxonomy":"category","embeddable":true,"href":"https:\/\/www.hashtag.al\/index.php\/wp-json\/wp\/v2\/categories?post=617943"},{"taxonomy":"post_tag","embeddable":true,"href":"https:\/\/www.hashtag.al\/index.php\/wp-json\/wp\/v2\/tags?post=617943"}],"curies":[{"name":"wp","href":"https:\/\/api.w.org\/{rel}","templated":true}]}}