{"id":617921,"date":"2023-09-22T16:07:55","date_gmt":"2023-09-22T14:07:55","guid":{"rendered":"https:\/\/www.hashtag.al\/?p=617921"},"modified":"2023-09-22T16:29:39","modified_gmt":"2023-09-22T14:29:39","slug":"senatori-amerikan-bob-menendez-e-bashkeshortja-e-tij-akuzohen-per-ryshfet","status":"publish","type":"post","link":"https:\/\/www.hashtag.al\/index.php\/2023\/09\/22\/senatori-amerikan-bob-menendez-e-bashkeshortja-e-tij-akuzohen-per-ryshfet\/","title":{"rendered":"Senatori amerikan Bob Menendez e bashk\u00ebshortja e tij akuzohen p\u00ebr ryshfet","gt_translate_keys":[{"key":"rendered","format":"text"}]},"content":{"rendered":"<p><img loading=\"lazy\" decoding=\"async\" class=\"aligncenter size-full wp-image-617922\" src=\"https:\/\/www.hashtag.al\/wp-content\/uploads\/2023\/09\/ezgif.com-webp-to-jpg-3-4.jpg\" alt=\"\" width=\"1280\" height=\"720\" srcset=\"https:\/\/www.hashtag.al\/wp-content\/uploads\/2023\/09\/ezgif.com-webp-to-jpg-3-4.jpg 1280w, https:\/\/www.hashtag.al\/wp-content\/uploads\/2023\/09\/ezgif.com-webp-to-jpg-3-4-300x169.jpg 300w, https:\/\/www.hashtag.al\/wp-content\/uploads\/2023\/09\/ezgif.com-webp-to-jpg-3-4-1024x576.jpg 1024w, https:\/\/www.hashtag.al\/wp-content\/uploads\/2023\/09\/ezgif.com-webp-to-jpg-3-4-768x432.jpg 768w\" sizes=\"auto, (max-width: 1280px) 100vw, 1280px\" \/><\/p>\n<p><span style=\"color: #000000;\">Senatori demokrat i Nju Xhersit, Bob Menendez, u akuzua p\u00ebr vepra t\u00eb lidhura me korrupsionin p\u00ebr her\u00eb t\u00eb dyt\u00eb n\u00eb 10 vjet.<\/span><\/p>\n<p><span style=\"color: #000000;\">Menendez dhe gruaja e tij, Nadine Arslanian Menendez, u padit\u00ebn p\u00ebr ryshfet &#8216;n\u00eb lidhje me marr\u00ebdh\u00ebniet e tyre korruptive me tre biznesmen\u00eb t\u00eb Nju Xhersit\u2019, shkroi n\u00eb Twitter prokurori i Nju Jork.<\/span><\/p>\n<p><span style=\"color: #000000;\">Prokuror\u00ebt kan\u00eb hetuar n\u00ebse Menendez, kryetar i Komitetit t\u00eb Marr\u00ebdh\u00ebnieve me Jasht\u00eb t\u00eb Senatit, ose gruaja e tij kan\u00eb marr\u00eb dhurata t\u00eb pap\u00ebrshtatshme, nd\u00ebr t\u00eb tjera.<\/span><\/p>\n<p><span style=\"color: #000000;\">Menendez ka mohuar fuqish\u00ebm \u00e7do keqb\u00ebrje. N\u00eb prill, ai i tha CNN: <em>&#8220;Ky hetim do p\u00ebrfundoj\u00eb, besoj, se nuk do nxjerr\u00eb absolutisht n\u00eb asgj\u00eb.&#8221;<\/em><\/span><\/p>\n<p><span style=\"color: #000000;\">Ky \u00ebsht\u00eb grupi i dyt\u00eb i akuzave p\u00ebr korrupsion t\u00eb ngritura kund\u00ebr Menendez nga Departamenti i Drejt\u00ebsis\u00eb n\u00eb nj\u00eb dekad\u00eb. Ai m\u00eb par\u00eb \u00ebsht\u00eb p\u00ebrballur me auza p\u00ebr komplot, ryshfet dhe mashtrim n\u00eb lidhje me favore t\u00eb supozuara personale.<\/span><\/p>\n<p><img loading=\"lazy\" decoding=\"async\" class=\"aligncenter size-full wp-image-617924\" src=\"https:\/\/www.hashtag.al\/wp-content\/uploads\/2023\/09\/ezgif.com-webp-to-jpg-1-10.jpg\" alt=\"\" width=\"740\" height=\"416\" srcset=\"https:\/\/www.hashtag.al\/wp-content\/uploads\/2023\/09\/ezgif.com-webp-to-jpg-1-10.jpg 740w, https:\/\/www.hashtag.al\/wp-content\/uploads\/2023\/09\/ezgif.com-webp-to-jpg-1-10-300x169.jpg 300w\" sizes=\"auto, (max-width: 740px) 100vw, 740px\" \/><\/p>\n<p><span style=\"color: #000000;\">Zyra e Prokurorit t\u00eb SHBA-s\u00eb n\u00eb Manhatan ka caktuar nj\u00eb konferenc\u00eb shtypi p\u00ebr t\u00eb premten p\u00ebr t\u00eb diskutuar mbi aktakuz\u00ebn, e cila akuzon gjithashtu tre biznesmen\u00ebt: Wael Hana, Jose Uribe dhe Fred Daibes.<\/span><\/p>\n<p><span style=\"color: #000000;\">Aktakuza thot\u00eb se demokrati Menendez dhe gruaja e tij q\u00eb prej vitit 2018 deri n\u00eb 2022 pranuan \u2018qindra mij\u00ebra dollar\u00eb ryshfet n\u00eb k\u00ebmbim t\u00eb p\u00ebrdorimit t\u00eb pushtetit dhe ndikimit t\u00eb Menendez si senator\u2019, nga e cila p\u00ebrfituan tre biznesmen\u00ebt.<\/span><\/p>\n<p><span style=\"color: #000000;\"><em>&#8220;K\u00ebto ryshfete p\u00ebrfshinin para, ar, pagesa p\u00ebr nj\u00eb hipotek\u00eb n\u00eb sht\u00ebpi, kompensim p\u00ebr nj\u00eb pun\u00eb, nj\u00eb automjet luksoz dhe gj\u00ebra t\u00eb tjera me vler\u00eb,&#8221;<\/em> sipas aktakuz\u00ebs s\u00eb l\u00ebshuar nga nj\u00eb juri e madhe n\u00eb gjykat\u00ebn federale t\u00eb Manhatanit.<\/span><\/p>\n<p><img loading=\"lazy\" decoding=\"async\" class=\"aligncenter size-full wp-image-617926\" src=\"https:\/\/www.hashtag.al\/wp-content\/uploads\/2023\/09\/ezgif.com-webp-to-jpg-2-7.jpg\" alt=\"\" width=\"1114\" height=\"870\" srcset=\"https:\/\/www.hashtag.al\/wp-content\/uploads\/2023\/09\/ezgif.com-webp-to-jpg-2-7.jpg 1114w, https:\/\/www.hashtag.al\/wp-content\/uploads\/2023\/09\/ezgif.com-webp-to-jpg-2-7-300x234.jpg 300w, https:\/\/www.hashtag.al\/wp-content\/uploads\/2023\/09\/ezgif.com-webp-to-jpg-2-7-1024x800.jpg 1024w, https:\/\/www.hashtag.al\/wp-content\/uploads\/2023\/09\/ezgif.com-webp-to-jpg-2-7-768x600.jpg 768w\" sizes=\"auto, (max-width: 1114px) 100vw, 1114px\" \/><\/p>\n<p><span style=\"color: #000000;\">Aktakuza thot\u00eb se gjat\u00eb nj\u00eb bastisjeje t\u00eb qershorit 2022 n\u00eb sht\u00ebpin\u00eb e \u00e7iftit Menendez n\u00eb Nju Xhersi dhe nj\u00eb kasafort\u00eb, agjent\u00ebt federal\u00eb gjet\u00ebn para, ar dhe nj\u00eb \u2018makin\u00eb luksoze q\u00eb ishin frytet e marr\u00ebveshjes korruptive t\u00eb \u00e7iftit\u2019.<\/span><\/p>\n<p><span style=\"color: #000000;\"><em>\u201cMbi 480,000 dollar\u00eb para, pjesa m\u00eb e madhe e tyre e futur n\u00eb zarfe dhe e fshehur n\u00eb veshje, dollap\u00eb dhe nj\u00eb kasafort\u00eb, u zbuluan n\u00eb sht\u00ebpi, s\u00eb bashku me mbi 70,000 dollar\u00eb n\u00eb kasafort\u00ebn e Nadine Menendez\u201d<\/em>, thuhet n\u00eb aktakuz\u00eb.<\/span><\/p>\n<p><span style=\"color: #000000;\"><em>\u201cDisa nga zarfet p\u00ebrmbanin gjurm\u00ebt e gisht\u00ebrinjve dhe\/ose ADN-n\u00eb e Daibes ose shoferit t\u00eb tij\u201d<\/em>, thuhej n\u00eb dokumentin e tarifimit.<\/span><\/p>\n<p><span style=\"color: #000000;\"><span style=\"color: #ff0000;\"><strong>VINI RE<\/strong><\/span>: Ky material \u00ebsht\u00eb pron\u00ebsi intelektuale e <span style=\"color: #0000ff;\">CNN<\/span> dhe <a href=\"https:\/\/www.cnbc.com\/2023\/09\/22\/sen-bob-menendez-of-new-jersey-wife-charged-with-bribery.html\"><span style=\"color: #0000ff;\">CNBC<\/span><\/a><\/span><\/p>\n<p><span style=\"color: #000000;\">P\u00ebrgatiti p\u00ebr <span style=\"color: #0000ff;\">Hashtag.al,<\/span> Klodian Manjani<\/span><\/p>\n","protected":false,"gt_translate_keys":[{"key":"rendered","format":"html"}]},"excerpt":{"rendered":"<p>Senatori demokrat i Nju Xhersit, Bob Menendez, u akuzua p\u00ebr vepra t\u00eb lidhura me korrupsionin p\u00ebr her\u00eb t\u00eb dyt\u00eb n\u00eb 10 vjet. Menendez dhe gruaja e tij, Nadine Arslanian Menendez, u padit\u00ebn p\u00ebr ryshfet &#8216;n\u00eb lidhje me marr\u00ebdh\u00ebniet e tyre korruptive me tre biznesmen\u00eb t\u00eb Nju Xhersit\u2019, shkroi n\u00eb Twitter prokurori i Nju Jork. Prokuror\u00ebt [&hellip;]<\/p>\n","protected":false,"gt_translate_keys":[{"key":"rendered","format":"html"}]},"author":51,"featured_media":617922,"comment_status":"closed","ping_status":"closed","sticky":false,"template":"","format":"standard","meta":{"footnotes":""},"categories":[22],"tags":[],"class_list":["post-617921","post","type-post","status-publish","format-standard","has-post-thumbnail","hentry","category-ballina"],"gt_translate_keys":[{"key":"link","format":"url"}],"_links":{"self":[{"href":"https:\/\/www.hashtag.al\/index.php\/wp-json\/wp\/v2\/posts\/617921","targetHints":{"allow":["GET"]}}],"collection":[{"href":"https:\/\/www.hashtag.al\/index.php\/wp-json\/wp\/v2\/posts"}],"about":[{"href":"https:\/\/www.hashtag.al\/index.php\/wp-json\/wp\/v2\/types\/post"}],"author":[{"embeddable":true,"href":"https:\/\/www.hashtag.al\/index.php\/wp-json\/wp\/v2\/users\/51"}],"replies":[{"embeddable":true,"href":"https:\/\/www.hashtag.al\/index.php\/wp-json\/wp\/v2\/comments?post=617921"}],"version-history":[{"count":0,"href":"https:\/\/www.hashtag.al\/index.php\/wp-json\/wp\/v2\/posts\/617921\/revisions"}],"wp:featuredmedia":[{"embeddable":true,"href":"https:\/\/www.hashtag.al\/index.php\/wp-json\/wp\/v2\/media\/617922"}],"wp:attachment":[{"href":"https:\/\/www.hashtag.al\/index.php\/wp-json\/wp\/v2\/media?parent=617921"}],"wp:term":[{"taxonomy":"category","embeddable":true,"href":"https:\/\/www.hashtag.al\/index.php\/wp-json\/wp\/v2\/categories?post=617921"},{"taxonomy":"post_tag","embeddable":true,"href":"https:\/\/www.hashtag.al\/index.php\/wp-json\/wp\/v2\/tags?post=617921"}],"curies":[{"name":"wp","href":"https:\/\/api.w.org\/{rel}","templated":true}]}}